{"id":64726,"date":"2026-03-04T10:13:00","date_gmt":"2026-03-04T13:13:00","guid":{"rendered":"https:\/\/radiorevelacionfm.cl\/?p=64726"},"modified":"2026-03-04T11:44:07","modified_gmt":"2026-03-04T14:44:07","slug":"turistas-extranjeros-son-sancionados-por-incumplimiento-de-normativa-en-el-parque-nacional-cerro-castillo","status":"publish","type":"post","link":"https:\/\/radiorevelacionfm.cl\/?p=64726","title":{"rendered":"Turistas extranjeros son sancionados por incumplimiento de normativa en el Parque Nacional Cerro Castillo"},"content":{"rendered":"<div class=\"flex_column av_one_full  flex_column_div av-zero-column-padding first  avia-builder-el-0  el_before_av_one_full  avia-builder-el-first  \" style='border-radius:0px; '><div  class='avia-image-container  av-styling-    avia-builder-el-1  avia-builder-el-no-sibling  avia-align-center '  itemprop=\"image\" itemscope=\"itemscope\" itemtype=\"https:\/\/schema.org\/ImageObject\"  ><div class='avia-image-container-inner'><div class='avia-image-overlay-wrap'><img decoding=\"async\" class='wp-image-64727 avia-img-lazy-loading-not-64727 avia_image' src=\"https:\/\/radiorevelacionfm.cl\/wp-content\/uploads\/2026\/03\/hcgoe1yxoae9dro-1_optimized.jpg\" alt='' title='hcgoe1yxoae9dro-(1)_optimized' height=\"760\" width=\"801\"  itemprop=\"thumbnailUrl\" srcset=\"https:\/\/radiorevelacionfm.cl\/wp-content\/uploads\/2026\/03\/hcgoe1yxoae9dro-1_optimized.jpg 801w, https:\/\/radiorevelacionfm.cl\/wp-content\/uploads\/2026\/03\/hcgoe1yxoae9dro-1_optimized-300x285.jpg 300w, https:\/\/radiorevelacionfm.cl\/wp-content\/uploads\/2026\/03\/hcgoe1yxoae9dro-1_optimized-768x729.jpg 768w, https:\/\/radiorevelacionfm.cl\/wp-content\/uploads\/2026\/03\/hcgoe1yxoae9dro-1_optimized-705x669.jpg 705w, https:\/\/radiorevelacionfm.cl\/wp-content\/uploads\/2026\/03\/hcgoe1yxoae9dro-1_optimized-450x427.jpg 450w, https:\/\/radiorevelacionfm.cl\/wp-content\/uploads\/2026\/03\/hcgoe1yxoae9dro-1_optimized-600x569.jpg 600w\" sizes=\"(max-width: 801px) 100vw, 801px\" \/><\/div><\/div><\/div><\/div>\n<div class=\"flex_column av_one_full  flex_column_div av-zero-column-padding first  avia-builder-el-2  el_after_av_one_full  el_before_av_one_full  column-top-margin\" style='border-radius:0px; '><section class=\"av_textblock_section \"  itemscope=\"itemscope\" itemtype=\"https:\/\/schema.org\/BlogPosting\" itemprop=\"blogPost\" ><div class='avia_textblock  '   itemprop=\"text\" ><p style=\"text-align: center;\"><strong><span style=\"font-size: 18pt;\">Turistas extranjeros son sancionados por incumplimiento de normativa en el Parque Nacional Cerro Castillo<\/span><\/strong><\/p>\n<div id=\"gtx-trans\" style=\"position: absolute; left: -50px; top: 4.31534px;\">\n<div class=\"gtx-trans-icon\"><\/div>\n<\/div>\n<\/div><\/section><\/div>\n<div class=\"flex_column av_one_full  flex_column_div av-zero-column-padding first  avia-builder-el-4  el_after_av_one_full  el_before_av_hr  column-top-margin\" style='border-radius:0px; '><section class=\"av_textblock_section \"  itemscope=\"itemscope\" itemtype=\"https:\/\/schema.org\/BlogPosting\" itemprop=\"blogPost\" ><div class='avia_textblock  '   itemprop=\"text\" ><p style=\"text-align: justify;\"><em>Se trata de dos visitantes de nacionalidad israel\u00ed, cuatro de nacionalidad alemana y una persona de nacionalidad coreana, los que fueron sancionados tras vulnerar la normativa vigente en el interior del \u00e1rea protegida.<\/em><\/p>\n<p style=\"text-align: justify;\">Los d\u00edas 16 y 20 de febrero de 2026, procedimientos de fiscalizaci\u00f3n en el Parque Nacional Cerro Castillo, ubicado en la Regi\u00f3n de Ays\u00e9n, derivaron en\u00a0infracciones cursadas\u00a0por la inspectora municipal de la I. Municipalidad de Puerto Ib\u00e1\u00f1ez con apoyo de Carabineros y el permisionario de senderos Asociaci\u00f3n de Turismo del Parque Nacional Cerro Castillo, despu\u00e9s de una denuncia\u00a0 an\u00f3nima de un visitante realizada al personal de CONAF, en la que menciona que\u00a02 visitantes extranjeros hab\u00edan encendido fuego fuera de los lugares habilitados y 4 extranjeros hab\u00edan\u00a0 lavado utensilios con detergente en la laguna Cerro Castillo. Los hechos ocurrieron en sectores de Traves\u00eda Las Horquetas y en la laguna Cerro Castillo, por lo que se activaron protocolos de coordinaci\u00f3n con personal municipal y Carabineros.<\/p>\n<p style=\"text-align: justify;\"><strong>Uso de fuego fuera de lugares habilitados<\/strong><\/p>\n<p style=\"text-align: justify;\">El 16 de febrero, en el sector Campamento R\u00edo Turbio, dos visitantes de nacionalidad israel\u00ed fueron detectados\u00a0utilizando fuego y sistemas de combusti\u00f3n no autorizados al interior del parque nacional.<\/p>\n<p style=\"text-align: justify;\">La normativa vigente establece que\u00a0el uso de fuentes de calor solo est\u00e1 permitido en lugares previamente definidos y acondicionados por la administraci\u00f3n del \u00e1rea protegida. Incluso\u00a0cuando no se produce un incendio, este tipo de conductas representa un riesgo relevante en ecosistemas de monta\u00f1a, donde las condiciones clim\u00e1ticas y la vegetaci\u00f3n pueden favorecer la propagaci\u00f3n del fuego.<\/p>\n<p style=\"text-align: justify;\">Tras el procedimiento,\u00a0se cursaron las correspondientes infracciones\u00a0conforme a la normativa aplicable.<\/p>\n<p style=\"text-align: justify;\"><strong>Lavado de utensilios con detergente en laguna Cerro Castillo<\/strong><\/p>\n<p style=\"text-align: justify;\">El 20 de febrero, cuatro visitantes de nacionalidad alemana y una persona de nacionalidad coreana fueron sorprendidos\u00a0lavando implementos de cocina con detergente\u00a0directamente en la laguna Cerro Castillo y su desag\u00fce.<\/p>\n<p style=\"text-align: justify;\">La normativa vigente\u00a0proh\u00edbe la introducci\u00f3n de sustancias contaminantes en cuerpos de agua al interior de \u00e1reas silvestres protegidas, debido al impacto que pueden generar sobre la calidad del agua y el equilibrio ecol\u00f3gico del sistema.<\/p>\n<p style=\"text-align: justify;\">El vertimiento de detergentes puede\u00a0alterar la composici\u00f3n qu\u00edmica del agua, afectar microorganismos y fauna acu\u00e1tica sensible y generar impactos acumulativos\u00a0en ecosistemas de baja capacidad de regeneraci\u00f3n, como los sistemas lacustres altoandinos.<\/p>\n<p style=\"text-align: justify;\">Los involucrados debieron\u00a0abandonar el parque y se les cursaron las respectivas infracciones\u00a0por parte de la autoridad competente.<\/p>\n<p style=\"text-align: justify;\"><strong>Llamado a la corresponsabilidad<\/strong><\/p>\n<p style=\"text-align: justify;\">Al respecto, Andrea Bahamonde Valenzuela, jefa del Departamento de \u00c1reas Silvestres Protegidas de CONAF Ays\u00e9n, se\u00f1al\u00f3 que \u201clas normas que rigen estos espacios naturales buscan\u00a0resguardar ecosistemas \u00fanicos y reducir riesgos\u00a0tanto para las personas como para el entorno natural. Nuestro llamado es a que quienes planifican su visita a las \u00e1reas protegidas\u00a0se informen previamente y comprendan que el cumplimiento a la normativa es fundamental para la conservaci\u00f3n de los ecosistemas\u00a0que ellas albergan.<\/p>\n<p style=\"text-align: justify;\">Desde la administraci\u00f3n del Parque Nacional, Mario Alegr\u00eda Cea, reiter\u00f3 que estas acciones no solo infringen la normativa vigente, sino que\u00a0generan impactos directos sobre la biodiversidad del parque nacional y en sus comunidades. Estos ecosistemas albergan especies en estado de conservaci\u00f3n y sistemas hidrogr\u00e1ficos clave, donde cualquier alteraci\u00f3n puede producir efectos acumulativos y de largo plazo.\u00a0Proteger este territorio es una responsabilidad compartida: el respeto por las normas es fundamental para resguardar su equilibrio natural y su valor para las futuras generaciones.<\/p>\n<p style=\"text-align: justify;\">El llamado es a\u00a0informarse antes de ingresar, respetar la se\u00f1al\u00e9tica y comprender que el turismo responsable es clave para la conservaci\u00f3n\u00a0a largo plazo de estos espacios naturales, especialmente en un contexto de creciente visitaci\u00f3n nacional e internacional.<\/p>\n<\/div><\/section><\/div><div  style='height:50px' class='hr hr-invisible   avia-builder-el-6  el_after_av_one_full  el_before_av_social_share '><span class='hr-inner ' ><span class='hr-inner-style'><\/span><\/span><\/div><\/p>\n<div  class='av-social-sharing-box  avia-builder-el-7  el_after_av_hr  el_before_av_hr  '><div class='av-share-box'><h5 class='av-share-link-description av-no-toc '>Compartir esta noticia<\/h5><ul class='av-share-box-list noLightbox'><li class='av-share-link av-social-link-facebook' ><a target=\"_blank\" aria-label=\"Compartir en Facebook\" href='https:\/\/www.facebook.com\/sharer.php?u=https:\/\/radiorevelacionfm.cl\/?p=64726&#038;t=Turistas%20extranjeros%20son%20sancionados%20por%20incumplimiento%20de%20normativa%20en%20el%20Parque%20Nacional%20Cerro%20Castillo' aria-hidden='false' data-av_icon='\ue8f3' data-av_iconfont='entypo-fontello' title='' data-avia-related-tooltip='Compartir en Facebook' rel=\"noopener\"><span class='avia_hidden_link_text'>Compartir en Facebook<\/span><\/a><\/li><li class='av-share-link av-social-link-twitter' ><a target=\"_blank\" aria-label=\"Compartir en Twitter\" href='https:\/\/twitter.com\/share?text=Turistas%20extranjeros%20son%20sancionados%20por%20incumplimiento%20de%20normativa%20en%20el%20Parque%20Nacional%20Cerro%20Castillo&#038;url=https:\/\/radiorevelacionfm.cl\/?p=64726' aria-hidden='false' data-av_icon='\ue8f1' data-av_iconfont='entypo-fontello' title='' data-avia-related-tooltip='Compartir en Twitter' rel=\"noopener\"><span class='avia_hidden_link_text'>Compartir en Twitter<\/span><\/a><\/li><li class='av-share-link av-social-link-whatsapp' ><a target=\"_blank\" aria-label=\"Compartir en Whatsapp\" href='https:\/\/api.whatsapp.com\/send?text=https:\/\/radiorevelacionfm.cl\/?p=64726' aria-hidden='false' data-av_icon='\uf232' data-av_iconfont='entypo-fontello' title='' data-avia-related-tooltip='Compartir en Whatsapp' rel=\"noopener\"><span class='avia_hidden_link_text'>Compartir en Whatsapp<\/span><\/a><\/li><li class='av-share-link av-social-link-linkedin' ><a target=\"_blank\" aria-label=\"Compartir en LinkedIn\" href='https:\/\/linkedin.com\/shareArticle?mini=true&#038;title=Turistas%20extranjeros%20son%20sancionados%20por%20incumplimiento%20de%20normativa%20en%20el%20Parque%20Nacional%20Cerro%20Castillo&#038;url=https:\/\/radiorevelacionfm.cl\/?p=64726' aria-hidden='false' data-av_icon='\ue8fc' data-av_iconfont='entypo-fontello' title='' data-avia-related-tooltip='Compartir en LinkedIn' rel=\"noopener\"><span class='avia_hidden_link_text'>Compartir en LinkedIn<\/span><\/a><\/li><li class='av-share-link av-social-link-mail' ><a  aria-label=\"Compartir por correo\" href='mailto:?subject=Turistas%20extranjeros%20son%20sancionados%20por%20incumplimiento%20de%20normativa%20en%20el%20Parque%20Nacional%20Cerro%20Castillo&#038;body=https:\/\/radiorevelacionfm.cl\/?p=64726' aria-hidden='false' data-av_icon='\ue805' data-av_iconfont='entypo-fontello' title='' data-avia-related-tooltip='Compartir por correo'><span class='avia_hidden_link_text'>Compartir por correo<\/span><\/a><\/li><\/ul><\/div><\/div>\n<div  style='height:50px' class='hr hr-invisible   avia-builder-el-8  el_after_av_social_share  el_before_av_comments_list '><span class='hr-inner ' ><span class='hr-inner-style'><\/span><\/span><\/div>\n<div  class='av-buildercomment  av-blog-meta-html-info-disabled av-blog-meta-tag-disabled  '><\/div>\n","protected":false},"excerpt":{"rendered":"","protected":false},"author":1,"featured_media":64727,"comment_status":"closed","ping_status":"closed","sticky":false,"template":"","format":"standard","meta":{"footnotes":""},"categories":[38],"tags":[],"class_list":["post-64726","post","type-post","status-publish","format-standard","has-post-thumbnail","hentry","category-regional"],"jetpack_featured_media_url":"https:\/\/radiorevelacionfm.cl\/wp-content\/uploads\/2026\/03\/hcgoe1yxoae9dro-1_optimized.jpg","_links":{"self":[{"href":"https:\/\/radiorevelacionfm.cl\/index.php?rest_route=\/wp\/v2\/posts\/64726","targetHints":{"allow":["GET"]}}],"collection":[{"href":"https:\/\/radiorevelacionfm.cl\/index.php?rest_route=\/wp\/v2\/posts"}],"about":[{"href":"https:\/\/radiorevelacionfm.cl\/index.php?rest_route=\/wp\/v2\/types\/post"}],"author":[{"embeddable":true,"href":"https:\/\/radiorevelacionfm.cl\/index.php?rest_route=\/wp\/v2\/users\/1"}],"replies":[{"embeddable":true,"href":"https:\/\/radiorevelacionfm.cl\/index.php?rest_route=%2Fwp%2Fv2%2Fcomments&post=64726"}],"version-history":[{"count":4,"href":"https:\/\/radiorevelacionfm.cl\/index.php?rest_route=\/wp\/v2\/posts\/64726\/revisions"}],"predecessor-version":[{"id":64731,"href":"https:\/\/radiorevelacionfm.cl\/index.php?rest_route=\/wp\/v2\/posts\/64726\/revisions\/64731"}],"wp:featuredmedia":[{"embeddable":true,"href":"https:\/\/radiorevelacionfm.cl\/index.php?rest_route=\/wp\/v2\/media\/64727"}],"wp:attachment":[{"href":"https:\/\/radiorevelacionfm.cl\/index.php?rest_route=%2Fwp%2Fv2%2Fmedia&parent=64726"}],"wp:term":[{"taxonomy":"category","embeddable":true,"href":"https:\/\/radiorevelacionfm.cl\/index.php?rest_route=%2Fwp%2Fv2%2Fcategories&post=64726"},{"taxonomy":"post_tag","embeddable":true,"href":"https:\/\/radiorevelacionfm.cl\/index.php?rest_route=%2Fwp%2Fv2%2Ftags&post=64726"}],"curies":[{"name":"wp","href":"https:\/\/api.w.org\/{rel}","templated":true}]}}