{"id":64722,"date":"2026-03-03T20:59:45","date_gmt":"2026-03-03T23:59:45","guid":{"rendered":"https:\/\/radiorevelacionfm.cl\/?p=64722"},"modified":"2026-03-03T20:59:45","modified_gmt":"2026-03-03T23:59:45","slug":"delegado-jorge-diaz-guzman-reafirmo-el-plan-de-desarrollo-de-zonas-extremas-entre-los-hitos-de-gobierno-en-la-region-de-aysen","status":"publish","type":"post","link":"https:\/\/radiorevelacionfm.cl\/?p=64722","title":{"rendered":"Delegado Jorge D\u00edaz Guzm\u00e1n reafirm\u00f3 el Plan de Desarrollo de Zonas Extremas entre los hitos de Gobierno en la Regi\u00f3n de Ays\u00e9n"},"content":{"rendered":"<div class=\"flex_column av_one_full  flex_column_div av-zero-column-padding first  avia-builder-el-0  el_before_av_one_full  avia-builder-el-first  \" style='border-radius:0px; '><div  class='avia-image-container  av-styling-    avia-builder-el-1  avia-builder-el-no-sibling  avia-align-center '  itemprop=\"image\" itemscope=\"itemscope\" itemtype=\"https:\/\/schema.org\/ImageObject\"  ><div class='avia-image-container-inner'><div class='avia-image-overlay-wrap'><img decoding=\"async\" class='wp-image-64723 avia-img-lazy-loading-not-64723 avia_image' src=\"https:\/\/radiorevelacionfm.cl\/wp-content\/uploads\/2026\/03\/gabinete-regional-1_optimized.jpg\" alt='' title='gabinete-regional-(1)_optimized' height=\"600\" width=\"815\"  itemprop=\"thumbnailUrl\" srcset=\"https:\/\/radiorevelacionfm.cl\/wp-content\/uploads\/2026\/03\/gabinete-regional-1_optimized.jpg 815w, https:\/\/radiorevelacionfm.cl\/wp-content\/uploads\/2026\/03\/gabinete-regional-1_optimized-300x221.jpg 300w, https:\/\/radiorevelacionfm.cl\/wp-content\/uploads\/2026\/03\/gabinete-regional-1_optimized-768x565.jpg 768w, https:\/\/radiorevelacionfm.cl\/wp-content\/uploads\/2026\/03\/gabinete-regional-1_optimized-705x519.jpg 705w, https:\/\/radiorevelacionfm.cl\/wp-content\/uploads\/2026\/03\/gabinete-regional-1_optimized-450x331.jpg 450w, https:\/\/radiorevelacionfm.cl\/wp-content\/uploads\/2026\/03\/gabinete-regional-1_optimized-600x442.jpg 600w\" sizes=\"(max-width: 815px) 100vw, 815px\" \/><\/div><\/div><\/div><\/div><div class=\"flex_column av_one_full  flex_column_div av-zero-column-padding first  avia-builder-el-2  el_after_av_one_full  el_before_av_one_full  column-top-margin\" style='border-radius:0px; '><section class=\"av_textblock_section \"  itemscope=\"itemscope\" itemtype=\"https:\/\/schema.org\/BlogPosting\" itemprop=\"blogPost\" ><div class='avia_textblock  '   itemprop=\"text\" ><p style=\"text-align: center;\"><span style=\"font-size: 18pt;\"><b>Delegado Jorge D\u00edaz Guzm\u00e1n reafirm\u00f3 el Plan de Desarrollo de Zonas Extremas entre los hitos de Gobierno en la Regi\u00f3n de Ays\u00e9n<\/b><\/span><\/p>\n<div id=\"gtx-trans\" style=\"position: absolute; left: -50px; top: 4.31534px;\">\n<div class=\"gtx-trans-icon\"><\/div>\n<\/div>\n<\/div><\/section><\/div><div class=\"flex_column av_one_full  flex_column_div av-zero-column-padding first  avia-builder-el-4  el_after_av_one_full  el_before_av_hr  column-top-margin\" style='border-radius:0px; '><section class=\"av_textblock_section \"  itemscope=\"itemscope\" itemtype=\"https:\/\/schema.org\/BlogPosting\" itemprop=\"blogPost\" ><div class='avia_textblock  '   itemprop=\"text\" ><p style=\"font-weight: 400; text-align: justify;\"><em>Tras encabezar el \u00faltimo Gabinete Regional del per\u00edodo y reunirse con la pr\u00f3xima Delegada Luz Mar\u00eda Vicu\u00f1a, el Delegado Presidencial Regional hizo un balance de gesti\u00f3n previo al traspaso del pr\u00f3ximo 11 de marzo.<\/em><\/p>\n<p style=\"font-weight: 400; text-align: justify;\">El nuevo Plan de Desarrollo para Zonas Extremas, que comienza este a\u00f1o y se extiende hasta el 2036 con un costo estimado de 1,6 billones de pesos -300% m\u00e1s que el de 2014 a 2025-, destac\u00f3 el Delegado Presidencial Regional, Jorge D\u00edaz Guzm\u00e1n, como uno de los principales logros del Gobierno del Presidente Gabriel Boric para la ciudadan\u00eda en la Regi\u00f3n de Ays\u00e9n.<\/p>\n<p style=\"font-weight: 400; text-align: justify;\">Acompa\u00f1ado por la seremi de Gobierno, \u00darsula Mix, y tras encabezar el \u00faltimo Gabinete Regional del per\u00edodo y reunirse con la pr\u00f3xima Delegada Luz Mar\u00eda Vicu\u00f1a, el Delegado Jorge D\u00edaz indic\u00f3 que se trata de \u201cuna hoja de ruta que da claridad para avanzar en infraestructura habilitante, y que permitir\u00e1 materializar obras tan importantes como el mejoramiento del Hospital Regional y la infraestructura fundacional de la Universidad de Ays\u00e9n, entre otros\u201d.<\/p>\n<p style=\"font-weight: 400; text-align: justify;\">Asimismo, resalt\u00f3 la Ley del Royalty Minero para la desconcentraci\u00f3n de la riqueza, al distribuirse el a\u00f1o pasado m\u00e1s de 3.207 millones de pesos de libre disposici\u00f3n a las diez comunas y 9.558 millones de pesos al Gobierno Regional.<\/p>\n<p style=\"font-weight: 400; text-align: justify;\">Respecto de la Carretera Austral en la Regi\u00f3n de Ays\u00e9n y la Provincia de Palena, hay 24.12 kil\u00f3metros de obras terminadas, 49.70 kil\u00f3metros de obras en ejecuci\u00f3n, 27.50 kil\u00f3metros en adjudicaci\u00f3n, 14.00 kil\u00f3metros en licitaci\u00f3n y 34.00 kil\u00f3metros de obras por licitar. Se suman 17.05 kil\u00f3metros de ruta 7 tramo Puente Emperador Guillermo 3-Emperador Guillermo 2; y obras finalizadas en 2022 que provienen de gestiones del gobierno del ex Presidente Sebasti\u00e1n Pi\u00f1era. De esta forma, se contabilizan 179.37 kil\u00f3metros de obras en distinto porcentaje de avance, como una gesti\u00f3n de Estado.<\/p>\n<p style=\"font-weight: 400; text-align: justify;\">El aer\u00f3dromo Balmaceda aumentar\u00e1 a cinco los puentes de embarque, cuadruplicando la capacidad del terminal de pasajeros. De los 28 aer\u00f3dromos de la regi\u00f3n, los de Melinka, Puyuhuapi, Chile Chico, Cochrane y Villa O&#8217;Higgins tienen nueva carpeta de rodado. Del mismo modo, se ha ampliado el transporte mar\u00edtimo, terrestre y a\u00e9reo para zonas aisladas con m\u00e1s de 62 mil personas beneficiadas al a\u00f1o.<\/p>\n<p style=\"font-weight: 400; text-align: justify;\">El Plan de Emergencia Habitacional super\u00f3 el cumplimiento con m\u00e1s de 1.300 viviendas de alto est\u00e1ndar. \u201cEsto favoreci\u00f3 a familias que viven en una casa propia, sin deuda\u201d, expres\u00f3 Jorge D\u00edaz, agregando que el proyecto Chacra G, implic\u00f3 m\u00e1s de $32.000 millones de pesos para las primeras 237 viviendas, de un nuevo barrio para el sector alto.<\/p>\n<p style=\"font-weight: 400; text-align: justify;\">El Hospital de Chile Chico ha mejorado el acceso, oportunidad y calidad de atenci\u00f3n de m\u00e1s de 6 mil personas. Es la iniciativa de inversi\u00f3n p\u00fablica en salud m\u00e1s relevante por su magnitud financiera y significado descentralizador, territorial y social, m\u00e1s nuevas postas en Cerro Castillo, Puyuhuapi, Tapera, Puerto Guadal, Caleta Andrade y un Centro Comunitario de Salud Mental en Puerto Ays\u00e9n.<\/p>\n<p style=\"font-weight: 400; text-align: justify;\">Tambi\u00e9n destac\u00f3 la nueva Ley de Sistemas Medianos, los 31\u00b0 Juegos Binacionales de la Araucan\u00eda, el CFT Estatal de Ays\u00e9n, el\u00a0Censo de Poblaci\u00f3n y Vivienda y el Huso Horario permanente para Ays\u00e9n.<\/p>\n<p style=\"font-weight: 400; text-align: justify;\"><strong>Los principales avances del gobierno del Presidente Boric<\/strong><\/p>\n<p style=\"font-weight: 400; text-align: justify;\">Entre los principales avances de nivel nacional, las autoridades destacaron la Reforma de Pensiones, junto a la PGU; el fortalecimiento de las polic\u00edas y creaci\u00f3n del Ministerio de Seguridad; gratuidad en la Red de Salud P\u00fablica gracias a Copago Cero y reducci\u00f3n en los tiempos de espera; Ley 40 horas en la jornada laboral; Ley Papito Coraz\u00f3n; aumento del sueldo m\u00ednimo de $350.000 a $539.000; Plan Nacional de B\u00fasqueda por verdad, justicia y reparaci\u00f3n; pago de la Deuda Hist\u00f3rica a profesores tras 40 a\u00f1os, y Centros de Cuidados en todas las regiones del pa\u00eds, dos en el caso de la Regi\u00f3n de Ays\u00e9n.<\/p>\n<p style=\"font-weight: 400; text-align: justify;\">Toda la informaci\u00f3n en:\u00a0<a href=\"https:\/\/www.gob.cl\/1000avances\/\" data-saferedirecturl=\"https:\/\/www.google.com\/url?q=https:\/\/www.gob.cl\/1000avances\/&amp;source=gmail&amp;ust=1772658744157000&amp;usg=AOvVaw10IzlgKCDrNS0GUfB24UgU\">https:\/\/www.gob.cl\/1000avances\/<\/a>.<\/p>\n<\/div><\/section><\/div><div  style='height:50px' class='hr hr-invisible   avia-builder-el-6  el_after_av_one_full  el_before_av_social_share '><span class='hr-inner ' ><span class='hr-inner-style'><\/span><\/span><\/div><\/p>\n<div  class='av-social-sharing-box  avia-builder-el-7  el_after_av_hr  el_before_av_hr  '><div class='av-share-box'><h5 class='av-share-link-description av-no-toc '>Compartir esta noticia<\/h5><ul class='av-share-box-list noLightbox'><li class='av-share-link av-social-link-facebook' ><a target=\"_blank\" aria-label=\"Compartir en Facebook\" href='https:\/\/www.facebook.com\/sharer.php?u=https:\/\/radiorevelacionfm.cl\/?p=64722&#038;t=Delegado%20Jorge%20D%C3%ADaz%20Guzm%C3%A1n%20reafirm%C3%B3%20el%20Plan%20de%20Desarrollo%20de%20Zonas%20Extremas%20entre%20los%20hitos%20de%20Gobierno%20en%20la%20Regi%C3%B3n%20de%20Ays%C3%A9n' aria-hidden='false' data-av_icon='\ue8f3' data-av_iconfont='entypo-fontello' title='' data-avia-related-tooltip='Compartir en Facebook' rel=\"noopener\"><span class='avia_hidden_link_text'>Compartir en Facebook<\/span><\/a><\/li><li class='av-share-link av-social-link-twitter' ><a target=\"_blank\" aria-label=\"Compartir en Twitter\" href='https:\/\/twitter.com\/share?text=Delegado%20Jorge%20D%C3%ADaz%20Guzm%C3%A1n%20reafirm%C3%B3%20el%20Plan%20de%20Desarrollo%20de%20Zonas%20Extremas%20entre%20los%20hitos%20de%20Gobierno%20en%20la%20Regi%C3%B3n%20de%20Ays%C3%A9n&#038;url=https:\/\/radiorevelacionfm.cl\/?p=64722' aria-hidden='false' data-av_icon='\ue8f1' data-av_iconfont='entypo-fontello' title='' data-avia-related-tooltip='Compartir en Twitter' rel=\"noopener\"><span class='avia_hidden_link_text'>Compartir en Twitter<\/span><\/a><\/li><li class='av-share-link av-social-link-whatsapp' ><a target=\"_blank\" aria-label=\"Compartir en Whatsapp\" href='https:\/\/api.whatsapp.com\/send?text=https:\/\/radiorevelacionfm.cl\/?p=64722' aria-hidden='false' data-av_icon='\uf232' data-av_iconfont='entypo-fontello' title='' data-avia-related-tooltip='Compartir en Whatsapp' rel=\"noopener\"><span class='avia_hidden_link_text'>Compartir en Whatsapp<\/span><\/a><\/li><li class='av-share-link av-social-link-linkedin' ><a target=\"_blank\" aria-label=\"Compartir en LinkedIn\" href='https:\/\/linkedin.com\/shareArticle?mini=true&#038;title=Delegado%20Jorge%20D%C3%ADaz%20Guzm%C3%A1n%20reafirm%C3%B3%20el%20Plan%20de%20Desarrollo%20de%20Zonas%20Extremas%20entre%20los%20hitos%20de%20Gobierno%20en%20la%20Regi%C3%B3n%20de%20Ays%C3%A9n&#038;url=https:\/\/radiorevelacionfm.cl\/?p=64722' aria-hidden='false' data-av_icon='\ue8fc' data-av_iconfont='entypo-fontello' title='' data-avia-related-tooltip='Compartir en LinkedIn' rel=\"noopener\"><span class='avia_hidden_link_text'>Compartir en LinkedIn<\/span><\/a><\/li><li class='av-share-link av-social-link-mail' ><a  aria-label=\"Compartir por correo\" href='mailto:?subject=Delegado%20Jorge%20D%C3%ADaz%20Guzm%C3%A1n%20reafirm%C3%B3%20el%20Plan%20de%20Desarrollo%20de%20Zonas%20Extremas%20entre%20los%20hitos%20de%20Gobierno%20en%20la%20Regi%C3%B3n%20de%20Ays%C3%A9n&#038;body=https:\/\/radiorevelacionfm.cl\/?p=64722' aria-hidden='false' data-av_icon='\ue805' data-av_iconfont='entypo-fontello' title='' data-avia-related-tooltip='Compartir por correo'><span class='avia_hidden_link_text'>Compartir por correo<\/span><\/a><\/li><\/ul><\/div><\/div>\n<div  style='height:50px' class='hr hr-invisible   avia-builder-el-8  el_after_av_social_share  el_before_av_comments_list '><span class='hr-inner ' ><span class='hr-inner-style'><\/span><\/span><\/div>\n<div  class='av-buildercomment  av-blog-meta-html-info-disabled av-blog-meta-tag-disabled  '><\/div>\n","protected":false},"excerpt":{"rendered":"","protected":false},"author":1,"featured_media":64723,"comment_status":"closed","ping_status":"closed","sticky":false,"template":"","format":"standard","meta":{"footnotes":""},"categories":[38],"tags":[],"class_list":["post-64722","post","type-post","status-publish","format-standard","has-post-thumbnail","hentry","category-regional"],"jetpack_featured_media_url":"https:\/\/radiorevelacionfm.cl\/wp-content\/uploads\/2026\/03\/gabinete-regional-1_optimized.jpg","_links":{"self":[{"href":"https:\/\/radiorevelacionfm.cl\/index.php?rest_route=\/wp\/v2\/posts\/64722","targetHints":{"allow":["GET"]}}],"collection":[{"href":"https:\/\/radiorevelacionfm.cl\/index.php?rest_route=\/wp\/v2\/posts"}],"about":[{"href":"https:\/\/radiorevelacionfm.cl\/index.php?rest_route=\/wp\/v2\/types\/post"}],"author":[{"embeddable":true,"href":"https:\/\/radiorevelacionfm.cl\/index.php?rest_route=\/wp\/v2\/users\/1"}],"replies":[{"embeddable":true,"href":"https:\/\/radiorevelacionfm.cl\/index.php?rest_route=%2Fwp%2Fv2%2Fcomments&post=64722"}],"version-history":[{"count":2,"href":"https:\/\/radiorevelacionfm.cl\/index.php?rest_route=\/wp\/v2\/posts\/64722\/revisions"}],"predecessor-version":[{"id":64725,"href":"https:\/\/radiorevelacionfm.cl\/index.php?rest_route=\/wp\/v2\/posts\/64722\/revisions\/64725"}],"wp:featuredmedia":[{"embeddable":true,"href":"https:\/\/radiorevelacionfm.cl\/index.php?rest_route=\/wp\/v2\/media\/64723"}],"wp:attachment":[{"href":"https:\/\/radiorevelacionfm.cl\/index.php?rest_route=%2Fwp%2Fv2%2Fmedia&parent=64722"}],"wp:term":[{"taxonomy":"category","embeddable":true,"href":"https:\/\/radiorevelacionfm.cl\/index.php?rest_route=%2Fwp%2Fv2%2Fcategories&post=64722"},{"taxonomy":"post_tag","embeddable":true,"href":"https:\/\/radiorevelacionfm.cl\/index.php?rest_route=%2Fwp%2Fv2%2Ftags&post=64722"}],"curies":[{"name":"wp","href":"https:\/\/api.w.org\/{rel}","templated":true}]}}