{"id":64715,"date":"2026-03-03T17:41:21","date_gmt":"2026-03-03T20:41:21","guid":{"rendered":"https:\/\/radiorevelacionfm.cl\/?p=64715"},"modified":"2026-03-03T17:41:21","modified_gmt":"2026-03-03T20:41:21","slug":"chile-chico-en-prision-preventiva-imputado-por-homicidio-frustrado-en-el-marco-de-una-fiesta-costumbrista","status":"publish","type":"post","link":"https:\/\/radiorevelacionfm.cl\/?p=64715","title":{"rendered":"Chile Chico: En prisi\u00f3n preventiva imputado por homicidio frustrado en el marco de una fiesta costumbrista"},"content":{"rendered":"<div class=\"flex_column av_one_full  flex_column_div av-zero-column-padding first  avia-builder-el-0  el_before_av_one_full  avia-builder-el-first  \" style='border-radius:0px; '><div  class='avia-image-container  av-styling-    avia-builder-el-1  avia-builder-el-no-sibling  avia-align-center '  itemprop=\"image\" itemscope=\"itemscope\" itemtype=\"https:\/\/schema.org\/ImageObject\"  ><div class='avia-image-container-inner'><div class='avia-image-overlay-wrap'><img decoding=\"async\" class='wp-image-35659 avia-img-lazy-loading-not-35659 avia_image' src=\"https:\/\/radiorevelacionfm.cl\/wp-content\/uploads\/2023\/10\/Fiscalia_Chile_Chico-1-2.jpg\" alt='' title='Fiscalia_Chile_Chico (1) (2)' height=\"600\" width=\"900\"  itemprop=\"thumbnailUrl\" srcset=\"https:\/\/radiorevelacionfm.cl\/wp-content\/uploads\/2023\/10\/Fiscalia_Chile_Chico-1-2.jpg 900w, https:\/\/radiorevelacionfm.cl\/wp-content\/uploads\/2023\/10\/Fiscalia_Chile_Chico-1-2-300x200.jpg 300w, https:\/\/radiorevelacionfm.cl\/wp-content\/uploads\/2023\/10\/Fiscalia_Chile_Chico-1-2-768x512.jpg 768w, https:\/\/radiorevelacionfm.cl\/wp-content\/uploads\/2023\/10\/Fiscalia_Chile_Chico-1-2-705x470.jpg 705w, https:\/\/radiorevelacionfm.cl\/wp-content\/uploads\/2023\/10\/Fiscalia_Chile_Chico-1-2-450x300.jpg 450w, https:\/\/radiorevelacionfm.cl\/wp-content\/uploads\/2023\/10\/Fiscalia_Chile_Chico-1-2-600x400.jpg 600w\" sizes=\"(max-width: 900px) 100vw, 900px\" \/><\/div><\/div><\/div><\/div><div class=\"flex_column av_one_full  flex_column_div av-zero-column-padding first  avia-builder-el-2  el_after_av_one_full  el_before_av_one_full  column-top-margin\" style='border-radius:0px; '><section class=\"av_textblock_section \"  itemscope=\"itemscope\" itemtype=\"https:\/\/schema.org\/BlogPosting\" itemprop=\"blogPost\" ><div class='avia_textblock  '   itemprop=\"text\" ><p style=\"text-align: center;\"><strong><span style=\"font-size: 18pt;\">Chile Chico: En prisi\u00f3n preventiva imputado por homicidio frustrado en el marco de una fiesta costumbrista\u00a0<\/span><\/strong><\/p>\n<div id=\"gtx-trans\" style=\"position: absolute; left: -50px; top: 4.31534px;\">\n<div class=\"gtx-trans-icon\"><\/div>\n<\/div>\n<\/div><\/section><\/div><div class=\"flex_column av_one_full  flex_column_div av-zero-column-padding first  avia-builder-el-4  el_after_av_one_full  el_before_av_hr  column-top-margin\" style='border-radius:0px; '><section class=\"av_textblock_section \"  itemscope=\"itemscope\" itemtype=\"https:\/\/schema.org\/BlogPosting\" itemprop=\"blogPost\" ><div class='avia_textblock  '   itemprop=\"text\" ><p style=\"text-align: justify;\">A solicitud del Ministerio P\u00fablico, las diligencias investigativas est\u00e1n siendo desarrolladas por personal de Carabineros de Chile Chico y la Brigada de Homicidios Coyhaique de la PDI.<\/p>\n<p style=\"text-align: justify;\">La Fiscal\u00eda Local de Chile Chico formaliz\u00f3 una investigaci\u00f3n por homicidio frustrado, hecho ocurrido el s\u00e1bado reci\u00e9n pasado en el sector de Fachinal, provincia de General Carrera. Seg\u00fan explic\u00f3 el Fiscal Fernando Pino, el 28 de febrero de 2026, aproximadamente a las 22.30 horas, en dependencias de la sede comunitaria del sector de Fachinal, el imputado de 22 a\u00f1os, portando un cuchillo para causarle la muerte, apu\u00f1al\u00f3 a la v\u00edctima en el abdomen huyendo del lugar.<\/p>\n<p style=\"text-align: justify;\">Producto de la agresi\u00f3n la victima result\u00f3 con una herida penetrante, siendo derivado -en primera instancia- al Hospital de Chile Chico, tras lo cual requiri\u00f3 traslado y cirug\u00eda en el Hospital de Coyhaique. Seg\u00fan explic\u00f3 el fiscal Pino, de no haber recibido atenci\u00f3n m\u00e9dica oportuna la v\u00edctima habr\u00eda fallecido.<\/p>\n<p style=\"text-align: justify;\">FORMALIZACI\u00d3N<\/p>\n<p style=\"text-align: justify;\">\u201cEl d\u00eda de hoy el Ministerio P\u00fablico ha formalizado investigaci\u00f3n en contra de un imputado adulto de nacionalidad chilena por su participaci\u00f3n como autor de un delito de homicidio frustrado ocurrido el d\u00eda 28 de febrero en horas de la noche en el sector de Fachinal en la comuna de Chile Chico en contra de otro adulto de nacionalidad argentina\u201d, explic\u00f3 el fiscal.<\/p>\n<p style=\"text-align: justify;\">\u201cEl hecho habr\u00eda ocurrido el d\u00eda 28, cuando en el contexto de la fiesta costumbrista, esta persona habr\u00eda sacado un cuchillo y habr\u00eda apu\u00f1alado abdominalmente a este ciudadano argentino. Producto de lo anterior el ciudadano argentino fue trasladado al Hospital de Chile Chico y trasladado por la Armada hasta Puerto Ib\u00e1\u00f1ez y Coyhaique para su atenci\u00f3n m\u00e9dica de urgencia y cirug\u00eda\u201d, a\u00f1adi\u00f3 Fernando Pino.<\/p>\n<p style=\"text-align: justify;\">\u201cEsta persona actualmente se encuentra hospitalizada fuera de riesgo vital y el Juzgado de Garant\u00eda de Chile Chico el d\u00eda de hoy ha decretado respecto del imputado, la medida cautelar de prisi\u00f3n preventiva, por constituir este un peligro para la seguridad de la sociedad y por peligro de fuga, con un plazo de investigaci\u00f3n de 60 d\u00edas\u201d, concluy\u00f3 el persecutor penal.<\/p>\n<p style=\"text-align: justify;\">Las diligencias investigativas est\u00e1n siendo desarrolladas por personal de Carabineros de Chile Chico y la Brigada de Homicidios Coyhaique de la PDI.<\/p>\n<\/div><\/section><\/div><div  style='height:50px' class='hr hr-invisible   avia-builder-el-6  el_after_av_one_full  el_before_av_social_share '><span class='hr-inner ' ><span class='hr-inner-style'><\/span><\/span><\/div><\/p>\n<div  class='av-social-sharing-box  avia-builder-el-7  el_after_av_hr  el_before_av_hr  '><div class='av-share-box'><h5 class='av-share-link-description av-no-toc '>Compartir esta noticia<\/h5><ul class='av-share-box-list noLightbox'><li class='av-share-link av-social-link-facebook' ><a target=\"_blank\" aria-label=\"Compartir en Facebook\" href='https:\/\/www.facebook.com\/sharer.php?u=https:\/\/radiorevelacionfm.cl\/?p=64715&#038;t=Chile%20Chico%3A%20En%20prisi%C3%B3n%20preventiva%20imputado%20por%20homicidio%20frustrado%20en%20el%20marco%20de%20una%20fiesta%20costumbrista' aria-hidden='false' data-av_icon='\ue8f3' data-av_iconfont='entypo-fontello' title='' data-avia-related-tooltip='Compartir en Facebook' rel=\"noopener\"><span class='avia_hidden_link_text'>Compartir en Facebook<\/span><\/a><\/li><li class='av-share-link av-social-link-twitter' ><a target=\"_blank\" aria-label=\"Compartir en Twitter\" href='https:\/\/twitter.com\/share?text=Chile%20Chico%3A%20En%20prisi%C3%B3n%20preventiva%20imputado%20por%20homicidio%20frustrado%20en%20el%20marco%20de%20una%20fiesta%20costumbrista&#038;url=https:\/\/radiorevelacionfm.cl\/?p=64715' aria-hidden='false' data-av_icon='\ue8f1' data-av_iconfont='entypo-fontello' title='' data-avia-related-tooltip='Compartir en Twitter' rel=\"noopener\"><span class='avia_hidden_link_text'>Compartir en Twitter<\/span><\/a><\/li><li class='av-share-link av-social-link-whatsapp' ><a target=\"_blank\" aria-label=\"Compartir en Whatsapp\" href='https:\/\/api.whatsapp.com\/send?text=https:\/\/radiorevelacionfm.cl\/?p=64715' aria-hidden='false' data-av_icon='\uf232' data-av_iconfont='entypo-fontello' title='' data-avia-related-tooltip='Compartir en Whatsapp' rel=\"noopener\"><span class='avia_hidden_link_text'>Compartir en Whatsapp<\/span><\/a><\/li><li class='av-share-link av-social-link-linkedin' ><a target=\"_blank\" aria-label=\"Compartir en LinkedIn\" href='https:\/\/linkedin.com\/shareArticle?mini=true&#038;title=Chile%20Chico%3A%20En%20prisi%C3%B3n%20preventiva%20imputado%20por%20homicidio%20frustrado%20en%20el%20marco%20de%20una%20fiesta%20costumbrista&#038;url=https:\/\/radiorevelacionfm.cl\/?p=64715' aria-hidden='false' data-av_icon='\ue8fc' data-av_iconfont='entypo-fontello' title='' data-avia-related-tooltip='Compartir en LinkedIn' rel=\"noopener\"><span class='avia_hidden_link_text'>Compartir en LinkedIn<\/span><\/a><\/li><li class='av-share-link av-social-link-mail' ><a  aria-label=\"Compartir por correo\" href='mailto:?subject=Chile%20Chico%3A%20En%20prisi%C3%B3n%20preventiva%20imputado%20por%20homicidio%20frustrado%20en%20el%20marco%20de%20una%20fiesta%20costumbrista&#038;body=https:\/\/radiorevelacionfm.cl\/?p=64715' aria-hidden='false' data-av_icon='\ue805' data-av_iconfont='entypo-fontello' title='' data-avia-related-tooltip='Compartir por correo'><span class='avia_hidden_link_text'>Compartir por correo<\/span><\/a><\/li><\/ul><\/div><\/div>\n<div  style='height:50px' class='hr hr-invisible   avia-builder-el-8  el_after_av_social_share  el_before_av_comments_list '><span class='hr-inner ' ><span class='hr-inner-style'><\/span><\/span><\/div>\n<div  class='av-buildercomment  av-blog-meta-html-info-disabled av-blog-meta-tag-disabled  '><\/div>\n","protected":false},"excerpt":{"rendered":"","protected":false},"author":1,"featured_media":35659,"comment_status":"closed","ping_status":"closed","sticky":false,"template":"","format":"standard","meta":{"footnotes":""},"categories":[36],"tags":[],"class_list":["post-64715","post","type-post","status-publish","format-standard","has-post-thumbnail","hentry","category-policial"],"jetpack_featured_media_url":"https:\/\/radiorevelacionfm.cl\/wp-content\/uploads\/2023\/10\/Fiscalia_Chile_Chico-1-2.jpg","_links":{"self":[{"href":"https:\/\/radiorevelacionfm.cl\/index.php?rest_route=\/wp\/v2\/posts\/64715","targetHints":{"allow":["GET"]}}],"collection":[{"href":"https:\/\/radiorevelacionfm.cl\/index.php?rest_route=\/wp\/v2\/posts"}],"about":[{"href":"https:\/\/radiorevelacionfm.cl\/index.php?rest_route=\/wp\/v2\/types\/post"}],"author":[{"embeddable":true,"href":"https:\/\/radiorevelacionfm.cl\/index.php?rest_route=\/wp\/v2\/users\/1"}],"replies":[{"embeddable":true,"href":"https:\/\/radiorevelacionfm.cl\/index.php?rest_route=%2Fwp%2Fv2%2Fcomments&post=64715"}],"version-history":[{"count":2,"href":"https:\/\/radiorevelacionfm.cl\/index.php?rest_route=\/wp\/v2\/posts\/64715\/revisions"}],"predecessor-version":[{"id":64717,"href":"https:\/\/radiorevelacionfm.cl\/index.php?rest_route=\/wp\/v2\/posts\/64715\/revisions\/64717"}],"wp:featuredmedia":[{"embeddable":true,"href":"https:\/\/radiorevelacionfm.cl\/index.php?rest_route=\/wp\/v2\/media\/35659"}],"wp:attachment":[{"href":"https:\/\/radiorevelacionfm.cl\/index.php?rest_route=%2Fwp%2Fv2%2Fmedia&parent=64715"}],"wp:term":[{"taxonomy":"category","embeddable":true,"href":"https:\/\/radiorevelacionfm.cl\/index.php?rest_route=%2Fwp%2Fv2%2Fcategories&post=64715"},{"taxonomy":"post_tag","embeddable":true,"href":"https:\/\/radiorevelacionfm.cl\/index.php?rest_route=%2Fwp%2Fv2%2Ftags&post=64715"}],"curies":[{"name":"wp","href":"https:\/\/api.w.org\/{rel}","templated":true}]}}