{"id":64710,"date":"2026-03-03T16:43:52","date_gmt":"2026-03-03T19:43:52","guid":{"rendered":"https:\/\/radiorevelacionfm.cl\/?p=64710"},"modified":"2026-03-03T16:43:52","modified_gmt":"2026-03-03T19:43:52","slug":"mtt-y-carabineros-fiscalizan-a-transporte-escolar-en-puerto-aysen","status":"publish","type":"post","link":"https:\/\/radiorevelacionfm.cl\/?p=64710","title":{"rendered":"MTT y Carabineros fiscalizan a transporte escolar en Puerto Ays\u00e9n"},"content":{"rendered":"<div class=\"flex_column av_one_full  flex_column_div av-zero-column-padding first  avia-builder-el-0  el_before_av_one_full  avia-builder-el-first  \" style='border-radius:0px; '><div  class='avia-image-container  av-styling-    avia-builder-el-1  avia-builder-el-no-sibling  avia-align-center '  itemprop=\"image\" itemscope=\"itemscope\" itemtype=\"https:\/\/schema.org\/ImageObject\"  ><div class='avia-image-container-inner'><div class='avia-image-overlay-wrap'><img decoding=\"async\" class='wp-image-64711 avia-img-lazy-loading-not-64711 avia_image' src=\"https:\/\/radiorevelacionfm.cl\/wp-content\/uploads\/2026\/03\/20260302_1100170-1_optimized.jpg\" alt='' title='20260302_110017(0)-(1)_optimized' height=\"600\" width=\"1025\"  itemprop=\"thumbnailUrl\" srcset=\"https:\/\/radiorevelacionfm.cl\/wp-content\/uploads\/2026\/03\/20260302_1100170-1_optimized.jpg 1025w, https:\/\/radiorevelacionfm.cl\/wp-content\/uploads\/2026\/03\/20260302_1100170-1_optimized-300x176.jpg 300w, https:\/\/radiorevelacionfm.cl\/wp-content\/uploads\/2026\/03\/20260302_1100170-1_optimized-768x450.jpg 768w, https:\/\/radiorevelacionfm.cl\/wp-content\/uploads\/2026\/03\/20260302_1100170-1_optimized-705x413.jpg 705w, https:\/\/radiorevelacionfm.cl\/wp-content\/uploads\/2026\/03\/20260302_1100170-1_optimized-450x263.jpg 450w, https:\/\/radiorevelacionfm.cl\/wp-content\/uploads\/2026\/03\/20260302_1100170-1_optimized-600x351.jpg 600w\" sizes=\"(max-width: 1025px) 100vw, 1025px\" \/><\/div><\/div><\/div><\/div><div class=\"flex_column av_one_full  flex_column_div av-zero-column-padding first  avia-builder-el-2  el_after_av_one_full  el_before_av_one_full  column-top-margin\" style='border-radius:0px; '><section class=\"av_textblock_section \"  itemscope=\"itemscope\" itemtype=\"https:\/\/schema.org\/BlogPosting\" itemprop=\"blogPost\" ><div class='avia_textblock  '   itemprop=\"text\" ><p style=\"text-align: center;\"><span style=\"font-size: 18pt;\"><b>MTT y Carabineros fiscalizan a transporte escolar en Puerto Ays\u00e9n<\/b><\/span><\/p>\n<div id=\"gtx-trans\" style=\"position: absolute; left: -50px; top: 4.31534px;\">\n<div class=\"gtx-trans-icon\"><\/div>\n<\/div>\n<\/div><\/section><\/div><div class=\"flex_column av_one_full  flex_column_div av-zero-column-padding first  avia-builder-el-4  el_after_av_one_full  el_before_av_hr  column-top-margin\" style='border-radius:0px; '><section class=\"av_textblock_section \"  itemscope=\"itemscope\" itemtype=\"https:\/\/schema.org\/BlogPosting\" itemprop=\"blogPost\" ><div class='avia_textblock  '   itemprop=\"text\" ><p style=\"font-weight: 400; text-align: justify;\"><em>Como cada a\u00f1o en la apertura del a\u00f1o escolar, la Divisi\u00f3n de Fiscalizaci\u00f3n del Ministerio de Transportes y Telecomunicaciones (MTT), y Carabineros de Chile, realizaron un exhaustivo chequeo a los veh\u00edculos, conductores y asistentes del transporte escolar en la ciudad de Puerto Ays\u00e9n.<\/em><\/p>\n<p style=\"font-weight: 400; text-align: justify;\">A fin de entregar tranquilidad a las familias que utilizan los servicios de transporte escolar en Ays\u00e9n,\u00a0la Divisi\u00f3n de Fiscalizaci\u00f3n del Ministerio de Transportes y Telecomunicaciones (MTT), y Carabineros de Chile llevaron a cabo una fiscalizaci\u00f3n conjunta en Puerto Ays\u00e9n en donde se revis\u00f3 un total de 15 veh\u00edculo que efect\u00faan esta labor en la ciudad puerto, incluyendo servicios contratados por el Servicio Local de Educaci\u00f3n P\u00fablica Ays\u00e9n. En la actividad tambi\u00e9n se sum\u00f3 la seremi de Educaci\u00f3n, seremi de Seguridad P\u00fablica y Vocer\u00eda de Gobierno.<\/p>\n<p style=\"font-weight: 400; text-align: justify;\">Entre las exigencias que estos m\u00f3viles deben cumplir, es estar inscritos en Registro Nacional de Transporte Escolar (RENASTRE), la persona conductora debe poseer licencia profesional A1 o A3 y portar una tarjeta que la identifique, toda la documentaci\u00f3n del autom\u00f3vil debe estar al d\u00eda, la cantidad m\u00e1xima de ni\u00f1os que puede transportar debe informarse al interior del veh\u00edculo, adem\u00e1s todos los veh\u00edculos con a\u00f1o de fabricaci\u00f3n 2007 o posterior, deben contar con cintur\u00f3n de seguridad en todos los asientos. De la misma manera, tanto el conductor como el asistente no deben registrar inhabilidades para trabajar con menores de edad.<\/p>\n<p style=\"font-weight: 400; text-align: justify;\">Hans Zimmermann Due\u00f1as, seremiTT Ays\u00e9n se refiri\u00f3 a esta coordinaci\u00f3n que cada a\u00f1o se refuerza con Carabineros: \u201cEsta actividad que se realiza a\u00f1o a a\u00f1o lo que busca es poder fiscalizar a los servicios de transporte escolar, revisar y verificar el cumplimiento de la documentaci\u00f3n y la normativa que se exige para estos servicios, revisar las condiciones mec\u00e1nicas visibles de los veh\u00edculos, y finalmente certificar que los veh\u00edculos que est\u00e1n inscritos en el registro de transporte escolar y que van a operar cuenten con el sello y con las garant\u00edas que exige el ministerio de Transportes y Telecomunicaciones para este servicio, que es tan delicado y tan importante para garantizar el acceso a la educaci\u00f3n de ni\u00f1os y ni\u00f1as a lo largo de todo nuestro pa\u00eds.\u201d<\/p>\n<p style=\"font-weight: 400; text-align: justify;\">El Mayor Patricio Parada Cerda, Comisario de la 2\u00aa Comisar\u00eda reconoci\u00f3 la labor de los transportistas y su disposici\u00f3n a participar en el proceso. \u00a0\u201cAgradecemos a todos los transportistas de Puerto Ays\u00e9n que se dieron el tiempo de poder venir a realizar la fiscalizaci\u00f3n de sus veh\u00edculos, de poder entregar la certeza y la seguridad a la ciudadan\u00eda de que sus m\u00f3viles se encuentran en buenas condiciones mec\u00e1nicas y quienes los manejan y acompa\u00f1an tambi\u00e9n son personas que ya est\u00e1n chequeadas y que cumplen con nuestra legalizaci\u00f3n vigente. Tambi\u00e9n hacemos un llamado a las personas que se encuentren legalmente inscritas con sus veh\u00edculos de transporte escolar, que el d\u00eda de hoy no pudieron asistir, ac\u00e9rquense a la unidad, nos vamos a dar el tiempo de poder realizar la fiscalizaci\u00f3n, y as\u00ed tambi\u00e9n, poder recibir el logo de la certificaci\u00f3n.\u201d<\/p>\n<p style=\"font-weight: 400; text-align: justify;\">Para las familias interesadas en verificar la vigencia de un veh\u00edculo, pueden ingresar en\u00a0<a href=\"http:\/\/www.fiscalizacion.cl\/\" data-saferedirecturl=\"https:\/\/www.google.com\/url?q=http:\/\/www.fiscalizacion.cl&amp;source=gmail&amp;ust=1772651822688000&amp;usg=AOvVaw3UCuyVflKWxjStqd7fG-Lt\">www.fiscalizacion.cl<\/a>\u00a0donde existe un banner para la informaci\u00f3n de transporte escolar.<\/p>\n<\/div><\/section><\/div><div  style='height:50px' class='hr hr-invisible   avia-builder-el-6  el_after_av_one_full  el_before_av_social_share '><span class='hr-inner ' ><span class='hr-inner-style'><\/span><\/span><\/div><\/p>\n<div  class='av-social-sharing-box  avia-builder-el-7  el_after_av_hr  el_before_av_hr  '><div class='av-share-box'><h5 class='av-share-link-description av-no-toc '>Compartir esta noticia<\/h5><ul class='av-share-box-list noLightbox'><li class='av-share-link av-social-link-facebook' ><a target=\"_blank\" aria-label=\"Compartir en Facebook\" href='https:\/\/www.facebook.com\/sharer.php?u=https:\/\/radiorevelacionfm.cl\/?p=64710&#038;t=MTT%20y%20Carabineros%20fiscalizan%20a%20transporte%20escolar%20en%20Puerto%20Ays%C3%A9n' aria-hidden='false' data-av_icon='\ue8f3' data-av_iconfont='entypo-fontello' title='' data-avia-related-tooltip='Compartir en Facebook' rel=\"noopener\"><span class='avia_hidden_link_text'>Compartir en Facebook<\/span><\/a><\/li><li class='av-share-link av-social-link-twitter' ><a target=\"_blank\" aria-label=\"Compartir en Twitter\" href='https:\/\/twitter.com\/share?text=MTT%20y%20Carabineros%20fiscalizan%20a%20transporte%20escolar%20en%20Puerto%20Ays%C3%A9n&#038;url=https:\/\/radiorevelacionfm.cl\/?p=64710' aria-hidden='false' data-av_icon='\ue8f1' data-av_iconfont='entypo-fontello' title='' data-avia-related-tooltip='Compartir en Twitter' rel=\"noopener\"><span class='avia_hidden_link_text'>Compartir en Twitter<\/span><\/a><\/li><li class='av-share-link av-social-link-whatsapp' ><a target=\"_blank\" aria-label=\"Compartir en Whatsapp\" href='https:\/\/api.whatsapp.com\/send?text=https:\/\/radiorevelacionfm.cl\/?p=64710' aria-hidden='false' data-av_icon='\uf232' data-av_iconfont='entypo-fontello' title='' data-avia-related-tooltip='Compartir en Whatsapp' rel=\"noopener\"><span class='avia_hidden_link_text'>Compartir en Whatsapp<\/span><\/a><\/li><li class='av-share-link av-social-link-linkedin' ><a target=\"_blank\" aria-label=\"Compartir en LinkedIn\" href='https:\/\/linkedin.com\/shareArticle?mini=true&#038;title=MTT%20y%20Carabineros%20fiscalizan%20a%20transporte%20escolar%20en%20Puerto%20Ays%C3%A9n&#038;url=https:\/\/radiorevelacionfm.cl\/?p=64710' aria-hidden='false' data-av_icon='\ue8fc' data-av_iconfont='entypo-fontello' title='' data-avia-related-tooltip='Compartir en LinkedIn' rel=\"noopener\"><span class='avia_hidden_link_text'>Compartir en LinkedIn<\/span><\/a><\/li><li class='av-share-link av-social-link-mail' ><a  aria-label=\"Compartir por correo\" href='mailto:?subject=MTT%20y%20Carabineros%20fiscalizan%20a%20transporte%20escolar%20en%20Puerto%20Ays%C3%A9n&#038;body=https:\/\/radiorevelacionfm.cl\/?p=64710' aria-hidden='false' data-av_icon='\ue805' data-av_iconfont='entypo-fontello' title='' data-avia-related-tooltip='Compartir por correo'><span class='avia_hidden_link_text'>Compartir por correo<\/span><\/a><\/li><\/ul><\/div><\/div>\n<div  style='height:50px' class='hr hr-invisible   avia-builder-el-8  el_after_av_social_share  el_before_av_comments_list '><span class='hr-inner ' ><span class='hr-inner-style'><\/span><\/span><\/div>\n<div  class='av-buildercomment  av-blog-meta-html-info-disabled av-blog-meta-tag-disabled  '><\/div>\n","protected":false},"excerpt":{"rendered":"","protected":false},"author":1,"featured_media":64711,"comment_status":"closed","ping_status":"closed","sticky":false,"template":"","format":"standard","meta":{"footnotes":""},"categories":[59],"tags":[],"class_list":["post-64710","post","type-post","status-publish","format-standard","has-post-thumbnail","hentry","category-transporte"],"jetpack_featured_media_url":"https:\/\/radiorevelacionfm.cl\/wp-content\/uploads\/2026\/03\/20260302_1100170-1_optimized.jpg","_links":{"self":[{"href":"https:\/\/radiorevelacionfm.cl\/index.php?rest_route=\/wp\/v2\/posts\/64710","targetHints":{"allow":["GET"]}}],"collection":[{"href":"https:\/\/radiorevelacionfm.cl\/index.php?rest_route=\/wp\/v2\/posts"}],"about":[{"href":"https:\/\/radiorevelacionfm.cl\/index.php?rest_route=\/wp\/v2\/types\/post"}],"author":[{"embeddable":true,"href":"https:\/\/radiorevelacionfm.cl\/index.php?rest_route=\/wp\/v2\/users\/1"}],"replies":[{"embeddable":true,"href":"https:\/\/radiorevelacionfm.cl\/index.php?rest_route=%2Fwp%2Fv2%2Fcomments&post=64710"}],"version-history":[{"count":2,"href":"https:\/\/radiorevelacionfm.cl\/index.php?rest_route=\/wp\/v2\/posts\/64710\/revisions"}],"predecessor-version":[{"id":64714,"href":"https:\/\/radiorevelacionfm.cl\/index.php?rest_route=\/wp\/v2\/posts\/64710\/revisions\/64714"}],"wp:featuredmedia":[{"embeddable":true,"href":"https:\/\/radiorevelacionfm.cl\/index.php?rest_route=\/wp\/v2\/media\/64711"}],"wp:attachment":[{"href":"https:\/\/radiorevelacionfm.cl\/index.php?rest_route=%2Fwp%2Fv2%2Fmedia&parent=64710"}],"wp:term":[{"taxonomy":"category","embeddable":true,"href":"https:\/\/radiorevelacionfm.cl\/index.php?rest_route=%2Fwp%2Fv2%2Fcategories&post=64710"},{"taxonomy":"post_tag","embeddable":true,"href":"https:\/\/radiorevelacionfm.cl\/index.php?rest_route=%2Fwp%2Fv2%2Ftags&post=64710"}],"curies":[{"name":"wp","href":"https:\/\/api.w.org\/{rel}","templated":true}]}}