{"id":6471,"date":"2021-07-20T19:49:28","date_gmt":"2021-07-20T22:49:28","guid":{"rendered":"https:\/\/radiorevelacionfm.cl\/?p=6471"},"modified":"2021-07-20T19:49:28","modified_gmt":"2021-07-20T22:49:28","slug":"tema-sanitario-y-fomento-productivo-son-prioridad-en-trabajo-municipio-lago-verde-y-gobierno-regional","status":"publish","type":"post","link":"https:\/\/radiorevelacionfm.cl\/?p=6471","title":{"rendered":"Tema sanitario y fomento productivo son prioridad en trabajo Municipio Lago Verde y Gobierno Regional"},"content":{"rendered":"<div class=\"flex_column av_one_full  flex_column_div av-zero-column-padding first  avia-builder-el-0  el_before_av_one_full  avia-builder-el-first  \" style='border-radius:0px; '><div  class='avia-image-container  av-styling-    avia-builder-el-1  avia-builder-el-no-sibling  avia-align-center '  itemprop=\"image\" itemscope=\"itemscope\" itemtype=\"https:\/\/schema.org\/ImageObject\"  ><div class='avia-image-container-inner'><div class='avia-image-overlay-wrap'><img decoding=\"async\" class='wp-image-6472 avia-img-lazy-loading-not-6472 avia_image' src=\"https:\/\/radiorevelacionfm.cl\/wp-content\/uploads\/2021\/07\/OPAZO-GORE-1-1-1.jpg\" alt='' title='OPAZO GORE 1 (1) (1)' height=\"600\" width=\"839\"  itemprop=\"thumbnailUrl\" srcset=\"https:\/\/radiorevelacionfm.cl\/wp-content\/uploads\/2021\/07\/OPAZO-GORE-1-1-1.jpg 839w, https:\/\/radiorevelacionfm.cl\/wp-content\/uploads\/2021\/07\/OPAZO-GORE-1-1-1-300x215.jpg 300w, https:\/\/radiorevelacionfm.cl\/wp-content\/uploads\/2021\/07\/OPAZO-GORE-1-1-1-768x549.jpg 768w, https:\/\/radiorevelacionfm.cl\/wp-content\/uploads\/2021\/07\/OPAZO-GORE-1-1-1-260x185.jpg 260w, https:\/\/radiorevelacionfm.cl\/wp-content\/uploads\/2021\/07\/OPAZO-GORE-1-1-1-705x504.jpg 705w, https:\/\/radiorevelacionfm.cl\/wp-content\/uploads\/2021\/07\/OPAZO-GORE-1-1-1-600x429.jpg 600w\" sizes=\"(max-width: 839px) 100vw, 839px\" \/><\/div><\/div><\/div><\/div><div class=\"flex_column av_one_full  flex_column_div av-zero-column-padding first  avia-builder-el-2  el_after_av_one_full  el_before_av_one_full  column-top-margin\" style='border-radius:0px; '><section class=\"av_textblock_section \"  itemscope=\"itemscope\" itemtype=\"https:\/\/schema.org\/BlogPosting\" itemprop=\"blogPost\" ><div class='avia_textblock  '   itemprop=\"text\" ><p style=\"text-align: center;\"><strong><span style=\"font-size: 18pt;\">Tema sanitario y fomento productivo son prioridad en trabajo Municipio Lago Verde y Gobierno Regional <\/span><\/strong><\/p>\n<div id=\"gtx-trans\" style=\"position: absolute; left: -50px; top: 4.31534px;\">\n<div class=\"gtx-trans-icon\"><\/div>\n<\/div>\n<\/div><\/section><\/div><div class=\"flex_column av_one_full  flex_column_div av-zero-column-padding first  avia-builder-el-4  el_after_av_one_full  el_before_av_hr  column-top-margin\" style='border-radius:0px; '><section class=\"av_textblock_section \"  itemscope=\"itemscope\" itemtype=\"https:\/\/schema.org\/BlogPosting\" itemprop=\"blogPost\" ><div class='avia_textblock  '   itemprop=\"text\" ><p style=\"text-align: justify;\">La administraci\u00f3n del Alcalde Nelson Opazo L\u00f3pez, ha puesto hincapi\u00e9 en un desarrollo integral de cada una de las localidades de la comuna de Lago Verde, donde el saneamiento sanitario y el fomento productivo son temas que merecen prioridad, afirm\u00f3 el edil.<\/p>\n<p style=\"text-align: justify;\">Esto luego de reunirse con la Gobernadora Regional, Andrea Mac\u00edas Palma, a quien dese\u00f3 todo el \u00e9xito en su labor, pero tambi\u00e9n inst\u00f3 a respaldar iniciativas que van en directo beneficio de la comunidad, como es el caso del proyecto de Alcantarillado y planta Tratamiento de Villa Amengual, adem\u00e1s, fibra \u00f3ptica para Tapera y Lago Verde.<\/p>\n<p style=\"text-align: justify;\">\u201cDesear el mayor de los \u00e9xitos en su administraci\u00f3n a la Gobernadora, tambi\u00e9n pedimos poner especial relevancia en acelerar los procesos que impliquen que la comuna, en este caso, Tapera y Lago Verde puedan contar con fibra \u00f3ptica en el menor tiempo posible, dado que el proyecto lo tenemos ya presentado. As\u00ed mismo, poder poner en cartera para financiamiento, un proyecto que es de absoluta urgencia, como es, la red de alcantarillado y planta de tratamiento para Villa Amengual, proyecto RS que est\u00e1 en la etapa de ser puesto en financiamiento, ya que est\u00e1 recomendado satisfactoriamente por un monto de 2.460 millones de pesos\u201d.<\/p>\n<p style=\"text-align: justify;\">El Alcalde Opazo, remarc\u00f3 que los proyectos que poseen RS deben tener mayor celeridad en su tramitaci\u00f3n para contar con los recursos y as\u00ed concretar nuevas iniciativas en bien de los vecinos y vecinas de la comuna Lago Verde.<\/p>\n<p style=\"text-align: justify;\">\u201cSin lugar a dudas que esa es la idea, se trabaja mucho, hay mucho esfuerzo detr\u00e1s para lograr un RS, especialmente de iniciativas altamente complejas como es el sistema de alcantarillado. Hoy d\u00eda en Lago Verde tambi\u00e9n estamos en plena ejecuci\u00f3n de ese alcantarillado y que esperamos prontamente pueda ver la luz desde el punto de vista del financiamiento. Adem\u00e1s, destacar algo bien importante que se\u00f1alo expresamente la Gobernadora y que encontramos que es de todo el sentido com\u00fan, en la l\u00ednea de apoyar el fomento productivo con recursos directo a los municipios. En ese aspecto, nosotros estamos en la misma direcci\u00f3n de poder fortalecer los territorios que son apartados, que tienen tremendo potencial y que pueden darle vida a muchas familias, pero que ha faltado ese apoyo directo del Estado\u201d.<\/p>\n<p style=\"text-align: justify;\">Finalmente, Nelson Opazo L\u00f3pez, puso en valor el enorme apoyo constante que reciben todas las iniciativas de parte del Consejo Regional, algo que se ha mantenido en el tiempo y que espera siga de igual forma, ya que ello deriva en reconocer el impulso de cada una de las localidades que forma parte de la comuna de Lago Verde.<\/p>\n<\/div><\/section><\/div><div  style='height:50px' class='hr hr-invisible   avia-builder-el-6  el_after_av_one_full  el_before_av_social_share '><span class='hr-inner ' ><span class='hr-inner-style'><\/span><\/span><\/div><\/p>\n<div  class='av-social-sharing-box  avia-builder-el-7  el_after_av_hr  el_before_av_hr  '><div class='av-share-box'><h5 class='av-share-link-description av-no-toc '>Compartir esta noticia<\/h5><ul class='av-share-box-list noLightbox'><li class='av-share-link av-social-link-facebook' ><a target=\"_blank\" aria-label=\"Compartir en Facebook\" href='https:\/\/www.facebook.com\/sharer.php?u=https:\/\/radiorevelacionfm.cl\/?p=6471&#038;t=Tema%20sanitario%20y%20fomento%20productivo%20son%20prioridad%20en%20trabajo%20Municipio%20Lago%20Verde%20y%20Gobierno%20Regional' aria-hidden='false' data-av_icon='\ue8f3' data-av_iconfont='entypo-fontello' title='' data-avia-related-tooltip='Compartir en Facebook' rel=\"noopener\"><span class='avia_hidden_link_text'>Compartir en Facebook<\/span><\/a><\/li><li class='av-share-link av-social-link-twitter' ><a target=\"_blank\" aria-label=\"Compartir en Twitter\" href='https:\/\/twitter.com\/share?text=Tema%20sanitario%20y%20fomento%20productivo%20son%20prioridad%20en%20trabajo%20Municipio%20Lago%20Verde%20y%20Gobierno%20Regional&#038;url=https:\/\/radiorevelacionfm.cl\/?p=6471' aria-hidden='false' data-av_icon='\ue8f1' data-av_iconfont='entypo-fontello' title='' data-avia-related-tooltip='Compartir en Twitter' rel=\"noopener\"><span class='avia_hidden_link_text'>Compartir en Twitter<\/span><\/a><\/li><li class='av-share-link av-social-link-whatsapp' ><a target=\"_blank\" aria-label=\"Compartir en Whatsapp\" href='https:\/\/api.whatsapp.com\/send?text=https:\/\/radiorevelacionfm.cl\/?p=6471' aria-hidden='false' data-av_icon='\uf232' data-av_iconfont='entypo-fontello' title='' data-avia-related-tooltip='Compartir en Whatsapp' rel=\"noopener\"><span class='avia_hidden_link_text'>Compartir en Whatsapp<\/span><\/a><\/li><li class='av-share-link av-social-link-linkedin' ><a target=\"_blank\" aria-label=\"Compartir en LinkedIn\" href='https:\/\/linkedin.com\/shareArticle?mini=true&#038;title=Tema%20sanitario%20y%20fomento%20productivo%20son%20prioridad%20en%20trabajo%20Municipio%20Lago%20Verde%20y%20Gobierno%20Regional&#038;url=https:\/\/radiorevelacionfm.cl\/?p=6471' aria-hidden='false' data-av_icon='\ue8fc' data-av_iconfont='entypo-fontello' title='' data-avia-related-tooltip='Compartir en LinkedIn' rel=\"noopener\"><span class='avia_hidden_link_text'>Compartir en LinkedIn<\/span><\/a><\/li><li class='av-share-link av-social-link-mail' ><a  aria-label=\"Compartir por correo\" href='mailto:?subject=Tema%20sanitario%20y%20fomento%20productivo%20son%20prioridad%20en%20trabajo%20Municipio%20Lago%20Verde%20y%20Gobierno%20Regional&#038;body=https:\/\/radiorevelacionfm.cl\/?p=6471' aria-hidden='false' data-av_icon='\ue805' data-av_iconfont='entypo-fontello' title='' data-avia-related-tooltip='Compartir por correo'><span class='avia_hidden_link_text'>Compartir por correo<\/span><\/a><\/li><\/ul><\/div><\/div>\n<div  style='height:50px' class='hr hr-invisible   avia-builder-el-8  el_after_av_social_share  el_before_av_comments_list '><span class='hr-inner ' ><span class='hr-inner-style'><\/span><\/span><\/div>\n<div  class='av-buildercomment  av-blog-meta-html-info-disabled av-blog-meta-tag-disabled  '><\/div>\n","protected":false},"excerpt":{"rendered":"","protected":false},"author":1,"featured_media":6472,"comment_status":"open","ping_status":"open","sticky":false,"template":"","format":"standard","meta":{"footnotes":""},"categories":[38],"tags":[],"class_list":["post-6471","post","type-post","status-publish","format-standard","has-post-thumbnail","hentry","category-regional"],"jetpack_featured_media_url":"https:\/\/radiorevelacionfm.cl\/wp-content\/uploads\/2021\/07\/OPAZO-GORE-1-1-1.jpg","_links":{"self":[{"href":"https:\/\/radiorevelacionfm.cl\/index.php?rest_route=\/wp\/v2\/posts\/6471","targetHints":{"allow":["GET"]}}],"collection":[{"href":"https:\/\/radiorevelacionfm.cl\/index.php?rest_route=\/wp\/v2\/posts"}],"about":[{"href":"https:\/\/radiorevelacionfm.cl\/index.php?rest_route=\/wp\/v2\/types\/post"}],"author":[{"embeddable":true,"href":"https:\/\/radiorevelacionfm.cl\/index.php?rest_route=\/wp\/v2\/users\/1"}],"replies":[{"embeddable":true,"href":"https:\/\/radiorevelacionfm.cl\/index.php?rest_route=%2Fwp%2Fv2%2Fcomments&post=6471"}],"version-history":[{"count":1,"href":"https:\/\/radiorevelacionfm.cl\/index.php?rest_route=\/wp\/v2\/posts\/6471\/revisions"}],"predecessor-version":[{"id":6473,"href":"https:\/\/radiorevelacionfm.cl\/index.php?rest_route=\/wp\/v2\/posts\/6471\/revisions\/6473"}],"wp:featuredmedia":[{"embeddable":true,"href":"https:\/\/radiorevelacionfm.cl\/index.php?rest_route=\/wp\/v2\/media\/6472"}],"wp:attachment":[{"href":"https:\/\/radiorevelacionfm.cl\/index.php?rest_route=%2Fwp%2Fv2%2Fmedia&parent=6471"}],"wp:term":[{"taxonomy":"category","embeddable":true,"href":"https:\/\/radiorevelacionfm.cl\/index.php?rest_route=%2Fwp%2Fv2%2Fcategories&post=6471"},{"taxonomy":"post_tag","embeddable":true,"href":"https:\/\/radiorevelacionfm.cl\/index.php?rest_route=%2Fwp%2Fv2%2Ftags&post=6471"}],"curies":[{"name":"wp","href":"https:\/\/api.w.org\/{rel}","templated":true}]}}