{"id":64701,"date":"2026-03-03T15:19:45","date_gmt":"2026-03-03T18:19:45","guid":{"rendered":"https:\/\/radiorevelacionfm.cl\/?p=64701"},"modified":"2026-03-03T15:19:45","modified_gmt":"2026-03-03T18:19:45","slug":"en-villa-la-tapera-evaluan-positivamente-centro-de-cuidados-para-trabajos-de-temporada","status":"publish","type":"post","link":"https:\/\/radiorevelacionfm.cl\/?p=64701","title":{"rendered":"En Villa La Tapera eval\u00faan positivamente centro de cuidados para trabajos de temporada"},"content":{"rendered":"<div class=\"flex_column av_one_full  flex_column_div av-zero-column-padding first  avia-builder-el-0  el_before_av_one_full  avia-builder-el-first  \" style='border-radius:0px; '><div  class='avia-image-container  av-styling-    avia-builder-el-1  avia-builder-el-no-sibling  avia-align-center '  itemprop=\"image\" itemscope=\"itemscope\" itemtype=\"https:\/\/schema.org\/ImageObject\"  ><div class='avia-image-container-inner'><div class='avia-image-overlay-wrap'><img decoding=\"async\" class='wp-image-64702 avia-img-lazy-loading-not-64702 avia_image' src=\"https:\/\/radiorevelacionfm.cl\/wp-content\/uploads\/2026\/03\/grupal-la-tapera-1-1_optimized.jpeg\" alt='' title='grupal-la-tapera-(1)-(1)_optimized' height=\"600\" width=\"800\"  itemprop=\"thumbnailUrl\" srcset=\"https:\/\/radiorevelacionfm.cl\/wp-content\/uploads\/2026\/03\/grupal-la-tapera-1-1_optimized.jpeg 800w, https:\/\/radiorevelacionfm.cl\/wp-content\/uploads\/2026\/03\/grupal-la-tapera-1-1_optimized-300x225.jpeg 300w, https:\/\/radiorevelacionfm.cl\/wp-content\/uploads\/2026\/03\/grupal-la-tapera-1-1_optimized-768x576.jpeg 768w, https:\/\/radiorevelacionfm.cl\/wp-content\/uploads\/2026\/03\/grupal-la-tapera-1-1_optimized-705x529.jpeg 705w, https:\/\/radiorevelacionfm.cl\/wp-content\/uploads\/2026\/03\/grupal-la-tapera-1-1_optimized-450x338.jpeg 450w, https:\/\/radiorevelacionfm.cl\/wp-content\/uploads\/2026\/03\/grupal-la-tapera-1-1_optimized-600x450.jpeg 600w\" sizes=\"(max-width: 800px) 100vw, 800px\" \/><\/div><\/div><\/div><\/div><div class=\"flex_column av_one_full  flex_column_div av-zero-column-padding first  avia-builder-el-2  el_after_av_one_full  el_before_av_one_full  column-top-margin\" style='border-radius:0px; '><section class=\"av_textblock_section \"  itemscope=\"itemscope\" itemtype=\"https:\/\/schema.org\/BlogPosting\" itemprop=\"blogPost\" ><div class='avia_textblock  '   itemprop=\"text\" ><p style=\"text-align: center;\"><strong><span style=\"font-size: 18pt;\">En Villa La Tapera eval\u00faan positivamente centro de cuidados para trabajos de temporada<\/span><\/strong><\/p>\n<div id=\"gtx-trans\" style=\"position: absolute; left: -50px; top: 4.31534px;\">\n<div class=\"gtx-trans-icon\"><\/div>\n<\/div>\n<\/div><\/section><\/div><div class=\"flex_column av_one_full  flex_column_div av-zero-column-padding first  avia-builder-el-4  el_after_av_one_full  el_before_av_hr  column-top-margin\" style='border-radius:0px; '><section class=\"av_textblock_section \"  itemscope=\"itemscope\" itemtype=\"https:\/\/schema.org\/BlogPosting\" itemprop=\"blogPost\" ><div class='avia_textblock  '   itemprop=\"text\" ><p style=\"text-align: justify;\">Una concreta y valorada alternativa de cuidado, entretenci\u00f3n y alimentaci\u00f3n para ni\u00f1as y ni\u00f1os en cada periodo estival, es el Programa Centro de Cuidados para Trabajos de Temporada del Ministerio de Desarrollo Social y Familia, que tiene por objetivo apoyar a padres, madres y cuidadores principales que realizan labores de temporada y, que este 2026, se realiz\u00f3 en las comunas de Guaitecas, Cisnes y Lago Verde de la regi\u00f3n de Ays\u00e9n.<\/p>\n<p style=\"text-align: justify;\">En convenio con el Instituto Nacional de Deportes, IND que pone a disposici\u00f3n sus monitores e implementos, la Junta Nacional de Auxilio Escolar y Becas, Junaeb, que garantiza la alimentaci\u00f3n del d\u00eda y los Municipios como aliados estrat\u00e9gicos, la conocida \u201cEscuelita de Verano\u201d funciona durante un mes con un entretenido calendario de actividades diarias.<\/p>\n<p style=\"text-align: justify;\">Es por ello que tras su cierre en Villa La Tapera, se hizo una positiva evaluaci\u00f3n de parte de los asistentes y las autoridades. Al respecto la alcaldesa de la comuna de Lago Verde, Claudia Vald\u00e9s se\u00f1al\u00f3 que \u201cEs bastante significativo para nosotros porque justamente demuestra la articulaci\u00f3n entre los distintos servicios p\u00fablicos, y esto nos permiti\u00f3 tambi\u00e9n contar con una demanda que hab\u00eda por parte de nuestra comunidad en Villa La Tapera, de poder tener un espacio para las mujeres que trabajan durante la temporada festival y que no ten\u00edan o no dispon\u00edan de los medios para sus hijos. Estamos bastante contentos, los ni\u00f1os nos mostraron las actividades que hicieron, las manualidades, y lo m\u00e1s bonito es que ellos manifestaron su felicidad de haber participado en este programa\u201d.<\/p>\n<p style=\"text-align: justify;\">Hicieron nuevas amistades, disfrutaron practicando deportes entre ellos la conocida \u201cTaba\u201d, entre otras divertidas rutinas destacaron los participantes Osvaldo R\u00edos y Pascal Mu\u00f1oz respectivamente, \u201cBueno, mi experiencia fue muy divertida, es divertido llegar en la ma\u00f1ana y saber que vas a llegar a jugar nom\u00e1s. Y gracias a la escuelita de verano pude hacer amigos. Me gust\u00f3 jugar f\u00fatbol, me gust\u00f3 cuando hicimos las cocadas y fuimos al cerro la Cruz\u201d, en tanto Pascal cont\u00f3 que \u201cme gust\u00f3 venir a la escuelita porque hice hartos amigos y aprend\u00ed a hacer un mont\u00f3n de cosas a trabajar con arcilla, con lana y tambi\u00e9n hicimos muchas cosas en el gimnasio y aprendimos muchos juegos\u201d.<\/p>\n<p style=\"text-align: justify;\">Dar garant\u00edas de cuidados a ni\u00f1as, ni\u00f1os y adolescentes en espacios seguros, es lo que destac\u00f3 la Seremi de Desarrollo Social y Familia, Karina Acevedo Auad respecto a este Programa \u201cFue una gesti\u00f3n que realizamos con muchas ganas para poder tenerlo instalado aqu\u00ed en la comuna de Lago Verde, donde en conversaciones con la alcaldesa se instala en la localidad de La Tapera. Lo importante de este programa es que permite, por un lado, dar resguardo y seguridad a los ni\u00f1os y ni\u00f1as que participan de esta escuela de verano, como la conocen todos, pero que adem\u00e1s est\u00e1n con monitores, con alimentaci\u00f3n, con cuidados, para que las madres puedan ejecutar su funci\u00f3n laboral. As\u00ed que, para nosotros como Ministerio, es uno de los programas que nos gusta mucho en donde apoyamos sobre todo a nuestra infancia y nuestra adolescencia\u201d.<\/p>\n<p style=\"text-align: justify;\">En el Centro de Cuidados para Trabajos de Temporadas es fundamental las actividades y planificaci\u00f3n que realizan los monitores a cargo de un profesor de Educaci\u00f3n F\u00edsica que pone a disposici\u00f3n el Instituto Nacional de Deportes IND, es por eso que la Seremi de Deportes Eugenia Dur\u00e1n relev\u00f3 que \u201cLa verdad que estamos muy contentos porque hemos podido apoyar tambi\u00e9n con una inversi\u00f3n no menor de m\u00e1s de un mill\u00f3n y medio de pesos en implementaci\u00f3n deportiva, la que adem\u00e1s queda ac\u00e1 en este establecimiento p\u00fablico, As\u00ed que muy contenta por los ni\u00f1os y ni\u00f1as que estuvieron participando durante este mes de actividades f\u00edsicas, deportivas, tambi\u00e9n sabemos que actividades culturales, pero donde sin duda que el deporte, la actividad f\u00edsica es muy importante para nuestras infancias. As\u00ed que felices como Ministerio del Deporte junto al IND y director Javier Medina, de poder estar una vez m\u00e1s desarrollando este programa y por primera vez en La Tapera\u201d.<\/p>\n<\/div><\/section><\/div><div  style='height:50px' class='hr hr-invisible   avia-builder-el-6  el_after_av_one_full  el_before_av_social_share '><span class='hr-inner ' ><span class='hr-inner-style'><\/span><\/span><\/div><\/p>\n<div  class='av-social-sharing-box  avia-builder-el-7  el_after_av_hr  el_before_av_hr  '><div class='av-share-box'><h5 class='av-share-link-description av-no-toc '>Compartir esta noticia<\/h5><ul class='av-share-box-list noLightbox'><li class='av-share-link av-social-link-facebook' ><a target=\"_blank\" aria-label=\"Compartir en Facebook\" href='https:\/\/www.facebook.com\/sharer.php?u=https:\/\/radiorevelacionfm.cl\/?p=64701&#038;t=En%20Villa%20La%20Tapera%20eval%C3%BAan%20positivamente%20centro%20de%20cuidados%20para%20trabajos%20de%20temporada' aria-hidden='false' data-av_icon='\ue8f3' data-av_iconfont='entypo-fontello' title='' data-avia-related-tooltip='Compartir en Facebook' rel=\"noopener\"><span class='avia_hidden_link_text'>Compartir en Facebook<\/span><\/a><\/li><li class='av-share-link av-social-link-twitter' ><a target=\"_blank\" aria-label=\"Compartir en Twitter\" href='https:\/\/twitter.com\/share?text=En%20Villa%20La%20Tapera%20eval%C3%BAan%20positivamente%20centro%20de%20cuidados%20para%20trabajos%20de%20temporada&#038;url=https:\/\/radiorevelacionfm.cl\/?p=64701' aria-hidden='false' data-av_icon='\ue8f1' data-av_iconfont='entypo-fontello' title='' data-avia-related-tooltip='Compartir en Twitter' rel=\"noopener\"><span class='avia_hidden_link_text'>Compartir en Twitter<\/span><\/a><\/li><li class='av-share-link av-social-link-whatsapp' ><a target=\"_blank\" aria-label=\"Compartir en Whatsapp\" href='https:\/\/api.whatsapp.com\/send?text=https:\/\/radiorevelacionfm.cl\/?p=64701' aria-hidden='false' data-av_icon='\uf232' data-av_iconfont='entypo-fontello' title='' data-avia-related-tooltip='Compartir en Whatsapp' rel=\"noopener\"><span class='avia_hidden_link_text'>Compartir en Whatsapp<\/span><\/a><\/li><li class='av-share-link av-social-link-linkedin' ><a target=\"_blank\" aria-label=\"Compartir en LinkedIn\" href='https:\/\/linkedin.com\/shareArticle?mini=true&#038;title=En%20Villa%20La%20Tapera%20eval%C3%BAan%20positivamente%20centro%20de%20cuidados%20para%20trabajos%20de%20temporada&#038;url=https:\/\/radiorevelacionfm.cl\/?p=64701' aria-hidden='false' data-av_icon='\ue8fc' data-av_iconfont='entypo-fontello' title='' data-avia-related-tooltip='Compartir en LinkedIn' rel=\"noopener\"><span class='avia_hidden_link_text'>Compartir en LinkedIn<\/span><\/a><\/li><li class='av-share-link av-social-link-mail' ><a  aria-label=\"Compartir por correo\" href='mailto:?subject=En%20Villa%20La%20Tapera%20eval%C3%BAan%20positivamente%20centro%20de%20cuidados%20para%20trabajos%20de%20temporada&#038;body=https:\/\/radiorevelacionfm.cl\/?p=64701' aria-hidden='false' data-av_icon='\ue805' data-av_iconfont='entypo-fontello' title='' data-avia-related-tooltip='Compartir por correo'><span class='avia_hidden_link_text'>Compartir por correo<\/span><\/a><\/li><\/ul><\/div><\/div>\n<div  style='height:50px' class='hr hr-invisible   avia-builder-el-8  el_after_av_social_share  el_before_av_comments_list '><span class='hr-inner ' ><span class='hr-inner-style'><\/span><\/span><\/div>\n<div  class='av-buildercomment  av-blog-meta-html-info-disabled av-blog-meta-tag-disabled  '><\/div>\n","protected":false},"excerpt":{"rendered":"","protected":false},"author":1,"featured_media":64702,"comment_status":"closed","ping_status":"closed","sticky":false,"template":"","format":"standard","meta":{"footnotes":""},"categories":[38],"tags":[],"class_list":["post-64701","post","type-post","status-publish","format-standard","has-post-thumbnail","hentry","category-regional"],"jetpack_featured_media_url":"https:\/\/radiorevelacionfm.cl\/wp-content\/uploads\/2026\/03\/grupal-la-tapera-1-1_optimized.jpeg","_links":{"self":[{"href":"https:\/\/radiorevelacionfm.cl\/index.php?rest_route=\/wp\/v2\/posts\/64701","targetHints":{"allow":["GET"]}}],"collection":[{"href":"https:\/\/radiorevelacionfm.cl\/index.php?rest_route=\/wp\/v2\/posts"}],"about":[{"href":"https:\/\/radiorevelacionfm.cl\/index.php?rest_route=\/wp\/v2\/types\/post"}],"author":[{"embeddable":true,"href":"https:\/\/radiorevelacionfm.cl\/index.php?rest_route=\/wp\/v2\/users\/1"}],"replies":[{"embeddable":true,"href":"https:\/\/radiorevelacionfm.cl\/index.php?rest_route=%2Fwp%2Fv2%2Fcomments&post=64701"}],"version-history":[{"count":2,"href":"https:\/\/radiorevelacionfm.cl\/index.php?rest_route=\/wp\/v2\/posts\/64701\/revisions"}],"predecessor-version":[{"id":64704,"href":"https:\/\/radiorevelacionfm.cl\/index.php?rest_route=\/wp\/v2\/posts\/64701\/revisions\/64704"}],"wp:featuredmedia":[{"embeddable":true,"href":"https:\/\/radiorevelacionfm.cl\/index.php?rest_route=\/wp\/v2\/media\/64702"}],"wp:attachment":[{"href":"https:\/\/radiorevelacionfm.cl\/index.php?rest_route=%2Fwp%2Fv2%2Fmedia&parent=64701"}],"wp:term":[{"taxonomy":"category","embeddable":true,"href":"https:\/\/radiorevelacionfm.cl\/index.php?rest_route=%2Fwp%2Fv2%2Fcategories&post=64701"},{"taxonomy":"post_tag","embeddable":true,"href":"https:\/\/radiorevelacionfm.cl\/index.php?rest_route=%2Fwp%2Fv2%2Ftags&post=64701"}],"curies":[{"name":"wp","href":"https:\/\/api.w.org\/{rel}","templated":true}]}}