{"id":64693,"date":"2026-03-03T12:07:11","date_gmt":"2026-03-03T15:07:11","guid":{"rendered":"https:\/\/radiorevelacionfm.cl\/?p=64693"},"modified":"2026-03-03T12:07:11","modified_gmt":"2026-03-03T15:07:11","slug":"alta-participacion-marco-la-ii-fiesta-del-maqui-manihuales-lleno-el-recinto-en-torno-al-maqui-y-sus-costumbres","status":"publish","type":"post","link":"https:\/\/radiorevelacionfm.cl\/?p=64693","title":{"rendered":"Alta participaci\u00f3n marc\u00f3 la II Fiesta del Maqui: Ma\u00f1ihuales llen\u00f3 el recinto en torno al maqui y sus costumbres"},"content":{"rendered":"<div class=\"flex_column av_one_full  flex_column_div av-zero-column-padding first  avia-builder-el-0  el_before_av_one_full  avia-builder-el-first  \" style='border-radius:0px; '><div  class='avia-image-container  av-styling-    avia-builder-el-1  avia-builder-el-no-sibling  avia-align-center '  itemprop=\"image\" itemscope=\"itemscope\" itemtype=\"https:\/\/schema.org\/ImageObject\"  ><div class='avia-image-container-inner'><div class='avia-image-overlay-wrap'><img decoding=\"async\" class='wp-image-64694 avia-img-lazy-loading-not-64694 avia_image' src=\"https:\/\/radiorevelacionfm.cl\/wp-content\/uploads\/2026\/03\/copia-de-img_20260228_140153089-1_optimized.jpg\" alt='' title='copia-de-img_20260228_140153089-(1)_optimized' height=\"600\" width=\"1144\"  itemprop=\"thumbnailUrl\" srcset=\"https:\/\/radiorevelacionfm.cl\/wp-content\/uploads\/2026\/03\/copia-de-img_20260228_140153089-1_optimized.jpg 1144w, https:\/\/radiorevelacionfm.cl\/wp-content\/uploads\/2026\/03\/copia-de-img_20260228_140153089-1_optimized-300x157.jpg 300w, https:\/\/radiorevelacionfm.cl\/wp-content\/uploads\/2026\/03\/copia-de-img_20260228_140153089-1_optimized-1030x540.jpg 1030w, https:\/\/radiorevelacionfm.cl\/wp-content\/uploads\/2026\/03\/copia-de-img_20260228_140153089-1_optimized-768x403.jpg 768w, https:\/\/radiorevelacionfm.cl\/wp-content\/uploads\/2026\/03\/copia-de-img_20260228_140153089-1_optimized-705x370.jpg 705w, https:\/\/radiorevelacionfm.cl\/wp-content\/uploads\/2026\/03\/copia-de-img_20260228_140153089-1_optimized-450x236.jpg 450w, https:\/\/radiorevelacionfm.cl\/wp-content\/uploads\/2026\/03\/copia-de-img_20260228_140153089-1_optimized-600x315.jpg 600w\" sizes=\"(max-width: 1144px) 100vw, 1144px\" \/><\/div><\/div><\/div><\/div><div class=\"flex_column av_one_full  flex_column_div av-zero-column-padding first  avia-builder-el-2  el_after_av_one_full  el_before_av_one_full  column-top-margin\" style='border-radius:0px; '><section class=\"av_textblock_section \"  itemscope=\"itemscope\" itemtype=\"https:\/\/schema.org\/BlogPosting\" itemprop=\"blogPost\" ><div class='avia_textblock  '   itemprop=\"text\" ><p style=\"text-align: center;\"><strong><span style=\"font-size: 18pt;\">Alta participaci\u00f3n marc\u00f3 la II Fiesta del Maqui: Ma\u00f1ihuales llen\u00f3 el recinto en torno al maqui y sus costumbres<\/span><\/strong><\/p>\n<div id=\"gtx-trans\" style=\"position: absolute; left: -50px; top: 4.31534px;\">\n<div class=\"gtx-trans-icon\"><\/div>\n<\/div>\n<\/div><\/section><\/div><div class=\"flex_column av_one_full  flex_column_div av-zero-column-padding first  avia-builder-el-4  el_after_av_one_full  el_before_av_hr  column-top-margin\" style='border-radius:0px; '><section class=\"av_textblock_section \"  itemscope=\"itemscope\" itemtype=\"https:\/\/schema.org\/BlogPosting\" itemprop=\"blogPost\" ><div class='avia_textblock  '   itemprop=\"text\" ><p style=\"text-align: justify;\">La actividad organizada por la Asociaci\u00f3n Gremial de Turismo y Comercio de Villa Ma\u00f1ihuales, financiada por el 8% del Gobierno Regional de Ays\u00e9n, congreg\u00f3 a vecinos, vecinas y visitantes pese a las condiciones clim\u00e1ticas, consolidando al maqui como eje cultural y productivo del territorio.<\/p>\n<p style=\"text-align: justify;\">Villa Ma\u00f1ihuales fue escenario este s\u00e1bado 28 de febrero y domingo 01 de marzo de la II versi\u00f3n de la Fiesta Costumbrista \u201cEntre Maqui y Tradiciones\u201d, organizada por la Asociaci\u00f3n Gremial de Turismo y Comercio de la localidad y financiada por el Fondo 8% del Gobierno Regional de Ays\u00e9n, instancia que reuni\u00f3 a la comunidad en torno a la identidad patag\u00f3nica, la gastronom\u00eda y el desarrollo local.<\/p>\n<p style=\"text-align: justify;\">Pese a las condiciones clim\u00e1ticas del s\u00e1bado, el recinto del Club de Rodeo se mantuvo con alta asistencia. Los asados comunitarios al palo, gratuitos y abiertos a la comunidad, congregaron a vecinos, vecinas y turistas, generando un espacio de encuentro significativo en la localidad.<\/p>\n<p style=\"text-align: justify;\">Durante ambas jornadas se desarroll\u00f3 la feria de artesanos y emprendedores, con participaci\u00f3n de expositores y expositoras de Ma\u00f1ihuales y distintos sectores de la comuna de Ays\u00e9n, fortaleciendo la econom\u00eda local y la circulaci\u00f3n de productos con identidad territorial.<\/p>\n<p style=\"text-align: justify;\">La m\u00fasica en vivo estuvo a cargo de la banda local <strong>Pasi\u00f3n Campera<\/strong>, presente los dos d\u00edas, aportando un sello tradicional y comunitario a la programaci\u00f3n art\u00edstica.<\/p>\n<p style=\"text-align: justify;\">El domingo tambi\u00e9n se realizaron actividades familiares gracias al apoyo de la Ilustre Municipalidad de Ays\u00e9n, a trav\u00e9s de sus programas Hepi Crianza, SENDA Previene, Oficina Local de la Ni\u00f1ez y el Centro de la Mujer, quienes generaron espacios recreativos y de orientaci\u00f3n para ni\u00f1os, ni\u00f1as, j\u00f3venes y mujeres del territorio.<\/p>\n<p style=\"text-align: justify;\">Ese mismo d\u00eda se desarroll\u00f3 el concurso gastron\u00f3mico \u201cMaquichef\u201d, instancia que puso en valor la creatividad culinaria en base al maqui, fortaleciendo el v\u00ednculo entre tradici\u00f3n, innovaci\u00f3n y producto local.<\/p>\n<p style=\"text-align: justify;\">Las actividades deportivas Maquit\u00f3n y Maquitour, inicialmente contempladas en el programa, fueron reprogramadas para este s\u00e1bado 07 de marzo, considerando un pron\u00f3stico de mejor tiempo que permitir\u00e1 su desarrollo al aire libre con mayor participaci\u00f3n comunitaria.<\/p>\n<p style=\"text-align: justify;\">La presidenta de la Asociaci\u00f3n Gremial de Turismo y Comercio de Villa Ma\u00f1ihuales, Gabriela Barrientos, se\u00f1al\u00f3 que \u201cesta fiesta demuestra que cuando se trabaja de manera articulada entre organizaciones locales, Gobierno Regional y Municipio, se generan instancias reales de desarrollo. El maqui es parte de nuestra identidad y esta actividad permiti\u00f3 activar la econom\u00eda local, fortalecer el turismo y consolidar el sentido de comunidad en Ma\u00f1ihuales\u201d.<\/p>\n<p style=\"text-align: justify;\">Desde la organizaci\u00f3n reiteraron la invitaci\u00f3n a participar este s\u00e1bado 07 de marzo en la Maquit\u00f3n y el Maquitour, actividades abiertas a toda la comunidad y que se realizar\u00e1n con condiciones clim\u00e1ticas favorables.<\/p>\n<p style=\"text-align: justify;\">La Fiesta del Maqui contin\u00faa posicion\u00e1ndose como una instancia clave dentro del calendario cultural de la Regi\u00f3n de Ays\u00e9n, poniendo en valor el patrimonio productivo local y el trabajo colaborativo en el territorio.<\/p>\n<\/div><\/section><\/div><div  style='height:50px' class='hr hr-invisible   avia-builder-el-6  el_after_av_one_full  el_before_av_social_share '><span class='hr-inner ' ><span class='hr-inner-style'><\/span><\/span><\/div><\/p>\n<div  class='av-social-sharing-box  avia-builder-el-7  el_after_av_hr  el_before_av_hr  '><div class='av-share-box'><h5 class='av-share-link-description av-no-toc '>Compartir esta noticia<\/h5><ul class='av-share-box-list noLightbox'><li class='av-share-link av-social-link-facebook' ><a target=\"_blank\" aria-label=\"Compartir en Facebook\" href='https:\/\/www.facebook.com\/sharer.php?u=https:\/\/radiorevelacionfm.cl\/?p=64693&#038;t=Alta%20participaci%C3%B3n%20marc%C3%B3%20la%20II%20Fiesta%20del%20Maqui%3A%20Ma%C3%B1ihuales%20llen%C3%B3%20el%20recinto%20en%20torno%20al%20maqui%20y%20sus%20costumbres' aria-hidden='false' data-av_icon='\ue8f3' data-av_iconfont='entypo-fontello' title='' data-avia-related-tooltip='Compartir en Facebook' rel=\"noopener\"><span class='avia_hidden_link_text'>Compartir en Facebook<\/span><\/a><\/li><li class='av-share-link av-social-link-twitter' ><a target=\"_blank\" aria-label=\"Compartir en Twitter\" href='https:\/\/twitter.com\/share?text=Alta%20participaci%C3%B3n%20marc%C3%B3%20la%20II%20Fiesta%20del%20Maqui%3A%20Ma%C3%B1ihuales%20llen%C3%B3%20el%20recinto%20en%20torno%20al%20maqui%20y%20sus%20costumbres&#038;url=https:\/\/radiorevelacionfm.cl\/?p=64693' aria-hidden='false' data-av_icon='\ue8f1' data-av_iconfont='entypo-fontello' title='' data-avia-related-tooltip='Compartir en Twitter' rel=\"noopener\"><span class='avia_hidden_link_text'>Compartir en Twitter<\/span><\/a><\/li><li class='av-share-link av-social-link-whatsapp' ><a target=\"_blank\" aria-label=\"Compartir en Whatsapp\" href='https:\/\/api.whatsapp.com\/send?text=https:\/\/radiorevelacionfm.cl\/?p=64693' aria-hidden='false' data-av_icon='\uf232' data-av_iconfont='entypo-fontello' title='' data-avia-related-tooltip='Compartir en Whatsapp' rel=\"noopener\"><span class='avia_hidden_link_text'>Compartir en Whatsapp<\/span><\/a><\/li><li class='av-share-link av-social-link-linkedin' ><a target=\"_blank\" aria-label=\"Compartir en LinkedIn\" href='https:\/\/linkedin.com\/shareArticle?mini=true&#038;title=Alta%20participaci%C3%B3n%20marc%C3%B3%20la%20II%20Fiesta%20del%20Maqui%3A%20Ma%C3%B1ihuales%20llen%C3%B3%20el%20recinto%20en%20torno%20al%20maqui%20y%20sus%20costumbres&#038;url=https:\/\/radiorevelacionfm.cl\/?p=64693' aria-hidden='false' data-av_icon='\ue8fc' data-av_iconfont='entypo-fontello' title='' data-avia-related-tooltip='Compartir en LinkedIn' rel=\"noopener\"><span class='avia_hidden_link_text'>Compartir en LinkedIn<\/span><\/a><\/li><li class='av-share-link av-social-link-mail' ><a  aria-label=\"Compartir por correo\" href='mailto:?subject=Alta%20participaci%C3%B3n%20marc%C3%B3%20la%20II%20Fiesta%20del%20Maqui%3A%20Ma%C3%B1ihuales%20llen%C3%B3%20el%20recinto%20en%20torno%20al%20maqui%20y%20sus%20costumbres&#038;body=https:\/\/radiorevelacionfm.cl\/?p=64693' aria-hidden='false' data-av_icon='\ue805' data-av_iconfont='entypo-fontello' title='' data-avia-related-tooltip='Compartir por correo'><span class='avia_hidden_link_text'>Compartir por correo<\/span><\/a><\/li><\/ul><\/div><\/div>\n<div  style='height:50px' class='hr hr-invisible   avia-builder-el-8  el_after_av_social_share  el_before_av_comments_list '><span class='hr-inner ' ><span class='hr-inner-style'><\/span><\/span><\/div>\n<div  class='av-buildercomment  av-blog-meta-html-info-disabled av-blog-meta-tag-disabled  '><\/div>\n","protected":false},"excerpt":{"rendered":"","protected":false},"author":1,"featured_media":64694,"comment_status":"closed","ping_status":"closed","sticky":false,"template":"","format":"standard","meta":{"footnotes":""},"categories":[38],"tags":[],"class_list":["post-64693","post","type-post","status-publish","format-standard","has-post-thumbnail","hentry","category-regional"],"jetpack_featured_media_url":"https:\/\/radiorevelacionfm.cl\/wp-content\/uploads\/2026\/03\/copia-de-img_20260228_140153089-1_optimized.jpg","_links":{"self":[{"href":"https:\/\/radiorevelacionfm.cl\/index.php?rest_route=\/wp\/v2\/posts\/64693","targetHints":{"allow":["GET"]}}],"collection":[{"href":"https:\/\/radiorevelacionfm.cl\/index.php?rest_route=\/wp\/v2\/posts"}],"about":[{"href":"https:\/\/radiorevelacionfm.cl\/index.php?rest_route=\/wp\/v2\/types\/post"}],"author":[{"embeddable":true,"href":"https:\/\/radiorevelacionfm.cl\/index.php?rest_route=\/wp\/v2\/users\/1"}],"replies":[{"embeddable":true,"href":"https:\/\/radiorevelacionfm.cl\/index.php?rest_route=%2Fwp%2Fv2%2Fcomments&post=64693"}],"version-history":[{"count":2,"href":"https:\/\/radiorevelacionfm.cl\/index.php?rest_route=\/wp\/v2\/posts\/64693\/revisions"}],"predecessor-version":[{"id":64696,"href":"https:\/\/radiorevelacionfm.cl\/index.php?rest_route=\/wp\/v2\/posts\/64693\/revisions\/64696"}],"wp:featuredmedia":[{"embeddable":true,"href":"https:\/\/radiorevelacionfm.cl\/index.php?rest_route=\/wp\/v2\/media\/64694"}],"wp:attachment":[{"href":"https:\/\/radiorevelacionfm.cl\/index.php?rest_route=%2Fwp%2Fv2%2Fmedia&parent=64693"}],"wp:term":[{"taxonomy":"category","embeddable":true,"href":"https:\/\/radiorevelacionfm.cl\/index.php?rest_route=%2Fwp%2Fv2%2Fcategories&post=64693"},{"taxonomy":"post_tag","embeddable":true,"href":"https:\/\/radiorevelacionfm.cl\/index.php?rest_route=%2Fwp%2Fv2%2Ftags&post=64693"}],"curies":[{"name":"wp","href":"https:\/\/api.w.org\/{rel}","templated":true}]}}