{"id":64688,"date":"2026-03-03T10:56:45","date_gmt":"2026-03-03T13:56:45","guid":{"rendered":"https:\/\/radiorevelacionfm.cl\/?p=64688"},"modified":"2026-03-03T10:56:45","modified_gmt":"2026-03-03T13:56:45","slug":"mas-de-80-vecinos-participaron-en-jornada-solidaria-de-cortes-de-cabello-gratuitos","status":"publish","type":"post","link":"https:\/\/radiorevelacionfm.cl\/?p=64688","title":{"rendered":"M\u00e1s de 80 vecinos participaron en jornada solidaria de cortes de cabello gratuitos"},"content":{"rendered":"<div class=\"flex_column av_one_full  flex_column_div av-zero-column-padding first  avia-builder-el-0  el_before_av_one_full  avia-builder-el-first  \" style='border-radius:0px; '><div  class='avia-image-container  av-styling-    avia-builder-el-1  avia-builder-el-no-sibling  avia-align-center '  itemprop=\"image\" itemscope=\"itemscope\" itemtype=\"https:\/\/schema.org\/ImageObject\"  ><div class='avia-image-container-inner'><div class='avia-image-overlay-wrap'><img decoding=\"async\" class='wp-image-64689 avia-img-lazy-loading-not-64689 avia_image' src=\"https:\/\/radiorevelacionfm.cl\/wp-content\/uploads\/2026\/03\/IMAGEN-ACTIVIDAD-02-1-1.jpeg\" alt='' title='IMAGEN ACTIVIDAD 02 (1) (1)' height=\"600\" width=\"800\"  itemprop=\"thumbnailUrl\" srcset=\"https:\/\/radiorevelacionfm.cl\/wp-content\/uploads\/2026\/03\/IMAGEN-ACTIVIDAD-02-1-1.jpeg 800w, https:\/\/radiorevelacionfm.cl\/wp-content\/uploads\/2026\/03\/IMAGEN-ACTIVIDAD-02-1-1-300x225.jpeg 300w, https:\/\/radiorevelacionfm.cl\/wp-content\/uploads\/2026\/03\/IMAGEN-ACTIVIDAD-02-1-1-768x576.jpeg 768w, https:\/\/radiorevelacionfm.cl\/wp-content\/uploads\/2026\/03\/IMAGEN-ACTIVIDAD-02-1-1-705x529.jpeg 705w, https:\/\/radiorevelacionfm.cl\/wp-content\/uploads\/2026\/03\/IMAGEN-ACTIVIDAD-02-1-1-450x338.jpeg 450w, https:\/\/radiorevelacionfm.cl\/wp-content\/uploads\/2026\/03\/IMAGEN-ACTIVIDAD-02-1-1-600x450.jpeg 600w\" sizes=\"(max-width: 800px) 100vw, 800px\" \/><\/div><\/div><\/div><\/div><div class=\"flex_column av_one_full  flex_column_div av-zero-column-padding first  avia-builder-el-2  el_after_av_one_full  el_before_av_one_full  column-top-margin\" style='border-radius:0px; '><section class=\"av_textblock_section \"  itemscope=\"itemscope\" itemtype=\"https:\/\/schema.org\/BlogPosting\" itemprop=\"blogPost\" ><div class='avia_textblock  '   itemprop=\"text\" ><p style=\"text-align: center;\"><strong><span style=\"font-size: 18pt;\">M\u00e1s de 80 vecinos participaron en jornada solidaria de cortes de cabello gratuitos<\/span><\/strong><\/p>\n<div id=\"gtx-trans\" style=\"position: absolute; left: -50px; top: 4.31534px;\">\n<div class=\"gtx-trans-icon\"><\/div>\n<\/div>\n<\/div><\/section><\/div><div class=\"flex_column av_one_full  flex_column_div av-zero-column-padding first  avia-builder-el-4  el_after_av_one_full  el_before_av_hr  column-top-margin\" style='border-radius:0px; '><section class=\"av_textblock_section \"  itemscope=\"itemscope\" itemtype=\"https:\/\/schema.org\/BlogPosting\" itemprop=\"blogPost\" ><div class='avia_textblock  '   itemprop=\"text\" ><p dir=\"ltr\" style=\"text-align: justify;\">Con una masiva convocatoria y un ambiente marcado por la alegr\u00eda, el pasado s\u00e1bado 28 de febrero \u2014\u00faltimo d\u00eda del mes\u2014 se realiz\u00f3 una jornada comunitaria de cortes de cabello gratuitos en la sede de la Junta de Vecinos Gabriela Mistral, beneficiando a ni\u00f1os, j\u00f3venes, personas mayores y personas con discapacidad de distintos sectores de la comuna.<\/p>\n<p dir=\"ltr\" style=\"text-align: justify;\">La iniciativa fue impulsada por el barbero Franco Beltr\u00e1n, quien lider\u00f3 a un equipo de colegas del rubro en una acci\u00f3n solidaria orientada a apoyar a las familias en la antesala del inicio del a\u00f1o escolar. La actividad cont\u00f3 con el respaldo de la presidenta de la Junta de Vecinos Gabriela Mistral, Marlene \u00c1lvarez, y el apoyo del concejal Sebasti\u00e1n Vera, en el marco del movimiento Actitud Solidaria.<\/p>\n<p dir=\"ltr\" style=\"text-align: justify;\">Durante la jornada se realizaron alrededor de 80 cortes de cabello, en un espacio que destac\u00f3 por su organizaci\u00f3n y el ambiente familiar que se vivi\u00f3 durante toda la tarde.<\/p>\n<p dir=\"ltr\" style=\"text-align: justify;\">Franco Beltr\u00e1n se\u00f1al\u00f3:<\/p>\n<p dir=\"ltr\" style=\"text-align: justify;\">\u201cTodo lo que se hizo me llen\u00f3 mucho de emoci\u00f3n y alegr\u00eda, viendo a los ni\u00f1os corriendo, felices con sus cortes, conversando entre ellos. Tambi\u00e9n los padres estaban contentos, porque esto es un alivio. Esto nace de mi coraz\u00f3n. Estoy muy agradecido por la confianza de la gente y por el compromiso de mis compa\u00f1eros que estuvieron todo el d\u00eda. Fue un \u00e9xito. Todos se fueron con una sonrisa, igual que nosotros\u201d.<\/p>\n<p dir=\"ltr\" style=\"text-align: justify;\">Por su parte, Marlene \u00c1lvarez valor\u00f3 el impacto de la jornada:<\/p>\n<p dir=\"ltr\" style=\"text-align: justify;\">\u201cFue una jornada feliz, llena de cosas bonitas. Vi ni\u00f1os que se fueron sonriendo, mam\u00e1s y pap\u00e1s agradecidos. Agradecemos a los barberos por este gesto solidario y al concejal Vera por el apoyo constante. Nuestra sede es amplia y nos permite recibir a muchas personas\u201d.<\/p>\n<p dir=\"ltr\" style=\"text-align: justify;\">Los vecinos asistentes tambi\u00e9n destacaron la importancia de la iniciativa:<\/p>\n<p dir=\"ltr\" style=\"text-align: justify;\">\u201cMuy buena iniciativa de parte de la Junta de Vecinos y del concejal. Es una ayuda importante para la comunidad. Los ni\u00f1os quedaron muy bien\u201d.<\/p>\n<p dir=\"ltr\" style=\"text-align: justify;\">\u201cVi el aviso en Facebook del concejal donde dec\u00eda que iba a haber un operativo ac\u00e1 en la sede. Les dije a mis hijos y vinimos. Justo ahora que entran a clases, es una muy buena iniciativa\u201d.<\/p>\n<p dir=\"ltr\" style=\"text-align: justify;\">\u201cLa atenci\u00f3n fue espectacular. Mis hijos quedaron contentos\u201d.<\/p>\n<p dir=\"ltr\" style=\"text-align: justify;\">La jornada concluy\u00f3 con un balance positivo y el compromiso de continuar desarrollando este tipo de acciones solidarias en beneficio directo de los vecinos de Coyhaique.<\/p>\n<\/div><\/section><\/div><div  style='height:50px' class='hr hr-invisible   avia-builder-el-6  el_after_av_one_full  el_before_av_social_share '><span class='hr-inner ' ><span class='hr-inner-style'><\/span><\/span><\/div><\/p>\n<div  class='av-social-sharing-box  avia-builder-el-7  el_after_av_hr  el_before_av_hr  '><div class='av-share-box'><h5 class='av-share-link-description av-no-toc '>Compartir esta noticia<\/h5><ul class='av-share-box-list noLightbox'><li class='av-share-link av-social-link-facebook' ><a target=\"_blank\" aria-label=\"Compartir en Facebook\" href='https:\/\/www.facebook.com\/sharer.php?u=https:\/\/radiorevelacionfm.cl\/?p=64688&#038;t=M%C3%A1s%20de%2080%20vecinos%20participaron%20en%20jornada%20solidaria%20de%20cortes%20de%20cabello%20gratuitos' aria-hidden='false' data-av_icon='\ue8f3' data-av_iconfont='entypo-fontello' title='' data-avia-related-tooltip='Compartir en Facebook' rel=\"noopener\"><span class='avia_hidden_link_text'>Compartir en Facebook<\/span><\/a><\/li><li class='av-share-link av-social-link-twitter' ><a target=\"_blank\" aria-label=\"Compartir en Twitter\" href='https:\/\/twitter.com\/share?text=M%C3%A1s%20de%2080%20vecinos%20participaron%20en%20jornada%20solidaria%20de%20cortes%20de%20cabello%20gratuitos&#038;url=https:\/\/radiorevelacionfm.cl\/?p=64688' aria-hidden='false' data-av_icon='\ue8f1' data-av_iconfont='entypo-fontello' title='' data-avia-related-tooltip='Compartir en Twitter' rel=\"noopener\"><span class='avia_hidden_link_text'>Compartir en Twitter<\/span><\/a><\/li><li class='av-share-link av-social-link-whatsapp' ><a target=\"_blank\" aria-label=\"Compartir en Whatsapp\" href='https:\/\/api.whatsapp.com\/send?text=https:\/\/radiorevelacionfm.cl\/?p=64688' aria-hidden='false' data-av_icon='\uf232' data-av_iconfont='entypo-fontello' title='' data-avia-related-tooltip='Compartir en Whatsapp' rel=\"noopener\"><span class='avia_hidden_link_text'>Compartir en Whatsapp<\/span><\/a><\/li><li class='av-share-link av-social-link-linkedin' ><a target=\"_blank\" aria-label=\"Compartir en LinkedIn\" href='https:\/\/linkedin.com\/shareArticle?mini=true&#038;title=M%C3%A1s%20de%2080%20vecinos%20participaron%20en%20jornada%20solidaria%20de%20cortes%20de%20cabello%20gratuitos&#038;url=https:\/\/radiorevelacionfm.cl\/?p=64688' aria-hidden='false' data-av_icon='\ue8fc' data-av_iconfont='entypo-fontello' title='' data-avia-related-tooltip='Compartir en LinkedIn' rel=\"noopener\"><span class='avia_hidden_link_text'>Compartir en LinkedIn<\/span><\/a><\/li><li class='av-share-link av-social-link-mail' ><a  aria-label=\"Compartir por correo\" href='mailto:?subject=M%C3%A1s%20de%2080%20vecinos%20participaron%20en%20jornada%20solidaria%20de%20cortes%20de%20cabello%20gratuitos&#038;body=https:\/\/radiorevelacionfm.cl\/?p=64688' aria-hidden='false' data-av_icon='\ue805' data-av_iconfont='entypo-fontello' title='' data-avia-related-tooltip='Compartir por correo'><span class='avia_hidden_link_text'>Compartir por correo<\/span><\/a><\/li><\/ul><\/div><\/div>\n<div  style='height:50px' class='hr hr-invisible   avia-builder-el-8  el_after_av_social_share  el_before_av_comments_list '><span class='hr-inner ' ><span class='hr-inner-style'><\/span><\/span><\/div>\n<div  class='av-buildercomment  av-blog-meta-html-info-disabled av-blog-meta-tag-disabled  '><\/div>\n","protected":false},"excerpt":{"rendered":"","protected":false},"author":1,"featured_media":64689,"comment_status":"closed","ping_status":"closed","sticky":false,"template":"","format":"standard","meta":{"footnotes":""},"categories":[38],"tags":[],"class_list":["post-64688","post","type-post","status-publish","format-standard","has-post-thumbnail","hentry","category-regional"],"jetpack_featured_media_url":"https:\/\/radiorevelacionfm.cl\/wp-content\/uploads\/2026\/03\/IMAGEN-ACTIVIDAD-02-1-1.jpeg","_links":{"self":[{"href":"https:\/\/radiorevelacionfm.cl\/index.php?rest_route=\/wp\/v2\/posts\/64688","targetHints":{"allow":["GET"]}}],"collection":[{"href":"https:\/\/radiorevelacionfm.cl\/index.php?rest_route=\/wp\/v2\/posts"}],"about":[{"href":"https:\/\/radiorevelacionfm.cl\/index.php?rest_route=\/wp\/v2\/types\/post"}],"author":[{"embeddable":true,"href":"https:\/\/radiorevelacionfm.cl\/index.php?rest_route=\/wp\/v2\/users\/1"}],"replies":[{"embeddable":true,"href":"https:\/\/radiorevelacionfm.cl\/index.php?rest_route=%2Fwp%2Fv2%2Fcomments&post=64688"}],"version-history":[{"count":2,"href":"https:\/\/radiorevelacionfm.cl\/index.php?rest_route=\/wp\/v2\/posts\/64688\/revisions"}],"predecessor-version":[{"id":64691,"href":"https:\/\/radiorevelacionfm.cl\/index.php?rest_route=\/wp\/v2\/posts\/64688\/revisions\/64691"}],"wp:featuredmedia":[{"embeddable":true,"href":"https:\/\/radiorevelacionfm.cl\/index.php?rest_route=\/wp\/v2\/media\/64689"}],"wp:attachment":[{"href":"https:\/\/radiorevelacionfm.cl\/index.php?rest_route=%2Fwp%2Fv2%2Fmedia&parent=64688"}],"wp:term":[{"taxonomy":"category","embeddable":true,"href":"https:\/\/radiorevelacionfm.cl\/index.php?rest_route=%2Fwp%2Fv2%2Fcategories&post=64688"},{"taxonomy":"post_tag","embeddable":true,"href":"https:\/\/radiorevelacionfm.cl\/index.php?rest_route=%2Fwp%2Fv2%2Ftags&post=64688"}],"curies":[{"name":"wp","href":"https:\/\/api.w.org\/{rel}","templated":true}]}}