{"id":64684,"date":"2026-03-02T20:40:36","date_gmt":"2026-03-02T23:40:36","guid":{"rendered":"https:\/\/radiorevelacionfm.cl\/?p=64684"},"modified":"2026-03-02T20:40:36","modified_gmt":"2026-03-02T23:40:36","slug":"comienza-el-ano-parvulario-claves-para-acompanar-a-ninas-y-ninos-en-su-primer-dia-de-jardin","status":"publish","type":"post","link":"https:\/\/radiorevelacionfm.cl\/?p=64684","title":{"rendered":"Comienza el a\u00f1o parvulario: claves para acompa\u00f1ar a ni\u00f1as y ni\u00f1os en su primer d\u00eda de jard\u00edn"},"content":{"rendered":"<div class=\"flex_column av_one_full  flex_column_div av-zero-column-padding first  avia-builder-el-0  el_before_av_one_full  avia-builder-el-first  \" style='border-radius:0px; '><div  class='avia-image-container  av-styling-    avia-builder-el-1  avia-builder-el-no-sibling  avia-align-center '  itemprop=\"image\" itemscope=\"itemscope\" itemtype=\"https:\/\/schema.org\/ImageObject\"  ><div class='avia-image-container-inner'><div class='avia-image-overlay-wrap'><img decoding=\"async\" class='wp-image-64685 avia-img-lazy-loading-not-64685 avia_image' src=\"https:\/\/radiorevelacionfm.cl\/wp-content\/uploads\/2026\/03\/mg_0792-1-1_optimized.jpg\" alt='' title='_mg_0792-(1)-(1)_optimized' height=\"600\" width=\"900\"  itemprop=\"thumbnailUrl\" srcset=\"https:\/\/radiorevelacionfm.cl\/wp-content\/uploads\/2026\/03\/mg_0792-1-1_optimized.jpg 900w, https:\/\/radiorevelacionfm.cl\/wp-content\/uploads\/2026\/03\/mg_0792-1-1_optimized-300x200.jpg 300w, https:\/\/radiorevelacionfm.cl\/wp-content\/uploads\/2026\/03\/mg_0792-1-1_optimized-768x512.jpg 768w, https:\/\/radiorevelacionfm.cl\/wp-content\/uploads\/2026\/03\/mg_0792-1-1_optimized-705x470.jpg 705w, https:\/\/radiorevelacionfm.cl\/wp-content\/uploads\/2026\/03\/mg_0792-1-1_optimized-450x300.jpg 450w, https:\/\/radiorevelacionfm.cl\/wp-content\/uploads\/2026\/03\/mg_0792-1-1_optimized-600x400.jpg 600w\" sizes=\"(max-width: 900px) 100vw, 900px\" \/><\/div><\/div><\/div><\/div><div class=\"flex_column av_one_full  flex_column_div av-zero-column-padding first  avia-builder-el-2  el_after_av_one_full  el_before_av_one_full  column-top-margin\" style='border-radius:0px; '><section class=\"av_textblock_section \"  itemscope=\"itemscope\" itemtype=\"https:\/\/schema.org\/BlogPosting\" itemprop=\"blogPost\" ><div class='avia_textblock  '   itemprop=\"text\" ><p style=\"text-align: center;\"><span style=\"font-size: 18pt;\"><b>Comienza el a\u00f1o parvulario: claves para acompa\u00f1ar a ni\u00f1as y ni\u00f1os en su primer d\u00eda de jard\u00edn<\/b><\/span><\/p>\n<div id=\"gtx-trans\" style=\"position: absolute; left: -50px; top: 4.31534px;\">\n<div class=\"gtx-trans-icon\"><\/div>\n<\/div>\n<\/div><\/section><\/div><div class=\"flex_column av_one_full  flex_column_div av-zero-column-padding first  avia-builder-el-4  el_after_av_one_full  el_before_av_hr  column-top-margin\" style='border-radius:0px; '><section class=\"av_textblock_section \"  itemscope=\"itemscope\" itemtype=\"https:\/\/schema.org\/BlogPosting\" itemprop=\"blogPost\" ><div class='avia_textblock  '   itemprop=\"text\" ><p style=\"font-weight: 400; text-align: justify;\"><em>El programa Fonoinfancia de Fundaci\u00f3n Integra comparte recomendaciones para que las familias acompa\u00f1en con confianza y tranquilidad esta importante etapa en la vida de ni\u00f1as y ni\u00f1os.<\/em><\/p>\n<p style=\"font-weight: 400; text-align: justify;\">Este mi\u00e9rcoles 4 de marzo comienza el periodo de atenci\u00f3n en las salas cuna y jardines infantiles de Fundaci\u00f3n Integra en todo el pa\u00eds y para las\u00a0<strong>ni\u00f1as<\/strong>,\u00a0<strong>ni\u00f1os\u00a0<\/strong>y sus\u00a0<strong>familias<\/strong>, el ingreso a estos espacios constituye un momento\u00a0<strong>significativo<\/strong>, que puede despertar una serie de\u00a0<strong>interrogantes y aprehensiones<\/strong>, junto con traer una importante carga simb\u00f3lica. Tambi\u00e9n, es un desaf\u00edo para los\u00a0<strong>equipos educativos<\/strong>, quienes son los llamados a generar instancias que faciliten este proceso y promuevan espacios de bienestar.<\/p>\n<p style=\"font-weight: 400; text-align: justify;\">El hecho de\u00a0<strong>explorar un espacio distinto al conocido\u00a0<\/strong>hasta ese momento \u2013junto a personas nuevas\u2013 puede generar diversas reacciones e incidir en la forma en que ni\u00f1as y ni\u00f1os<strong>\u00a0inician su trayectoria educativa<\/strong>. Ac\u00e1, pueden influir factores como el momento del desarrollo en que se encuentren ni\u00f1as y ni\u00f1os, y sus singularidades.<\/p>\n<p style=\"font-weight: 400; text-align: justify;\">Desde el\u00a0<strong>enfoque de derechos<\/strong>\u00a0y la\u00a0<strong>crianza respetuosa<\/strong>, es clave reconocer a ni\u00f1as y ni\u00f1os como sujetos de derechos. Su ingreso al jard\u00edn infantil requiere un acompa\u00f1amiento sensible de las personas adultas, que valide sus emociones y caracter\u00edsticas, respete sus tiempos y brinde explicaciones acordes a su etapa de desarrollo, favoreciendo su bienestar, confianza y autonom\u00eda.<\/p>\n<p style=\"font-weight: 400; text-align: justify;\">Por ejemplo, si una guagua ingresa a sala cuna, puede que se\u00a0<strong>inquiete o llore\u00a0<\/strong>al separarse de su madre, padre o persona significativa, o es posible que est\u00e9 m\u00e1s irritable o que presente dificultades para conciliar el sue\u00f1o.<\/p>\n<p style=\"font-weight: 400; text-align: justify;\">Asimismo, son esperables en ni\u00f1as y ni\u00f1os de mayor edad conductas como\u00a0<strong>llanto, timidez, dificultades para separarse de la persona significativa\u00a0<\/strong>o ingresar al jard\u00edn sin despedirse. Por eso el\u00a0<strong>amor, acompa\u00f1amiento y comprensi\u00f3n<\/strong>\u00a0en esta etapa de familiarizaci\u00f3n es clave.<\/p>\n<p style=\"font-weight: 400; text-align: justify;\"><strong>Alicia Varela Hidalgo<\/strong>, directora de Promoci\u00f3n y Protecci\u00f3n Integral de los Derechos de la Ni\u00f1ez, de Fundaci\u00f3n Integra, se\u00f1al\u00f3 que \u201cla sala cuna y jard\u00edn infantil son espacios educativos amorosos, inclusivos y seguros, que\u00a0<strong>permiten fortalecer el v\u00ednculo<\/strong>\u00a0de ni\u00f1as y ni\u00f1os con sus familias y entorno, a trav\u00e9s de\u00a0<strong>aprendizajes significativos<\/strong>\u00a0que tienen al juego como elemento central. Junto al amor y compromiso de los equipos educativos, en su rol de garantes de derechos y agentes de cambio social, ni\u00f1as y ni\u00f1os pueden descubrir, experimentar y desarrollar habilidades para toda la vida, para transformar el mundo\u201d.<\/p>\n<p style=\"font-weight: 400; text-align: justify;\">En este sentido, desde el programa\u00a0<strong>Fonoinfancia\u00a0<\/strong>destacan algunos aspectos que las familias pueden considerar al momento de enfrentar el paso de la casa al jard\u00edn infantil:<\/p>\n<ul style=\"text-align: justify;\">\n<li style=\"font-weight: 400;\">Anticipe la experiencia: converse con ni\u00f1as y ni\u00f1os de forma clara y acorde a su edad sobre lo que vivir\u00e1n en el jard\u00edn infantil.<\/li>\n<li style=\"font-weight: 400;\">Expl\u00edqueles qui\u00e9nes estar\u00e1n, qu\u00e9 actividades realizar\u00e1n, qui\u00e9n ir\u00e1 a buscarles y a qu\u00e9 hora, reforzando especialmente esto \u00faltimo.<\/li>\n<li style=\"font-weight: 400;\">Muestre disponibilidad: escuche con atenci\u00f3n lo que ni\u00f1as y ni\u00f1os expresan con palabras, gestos o emociones. Ofrezca cercan\u00eda f\u00edsica si la requieren e inv\u00edteles a preguntar y compartir sus emociones.<\/li>\n<li style=\"font-weight: 400;\">Transmita seguridad: Explique que el jard\u00edn infantil es un espacio seguro donde le cuidar\u00e1n, podr\u00e1 jugar y aprender con otras ni\u00f1as y ni\u00f1os de su edad, usar materiales distintos a los de casa y tener experiencias nuevas.<\/li>\n<li style=\"font-weight: 400;\">Confianza y tranquilidad:<strong>\u00a0nunca mienta ni haga promesas que no podr\u00e1 cumplir<\/strong>. Al dejar a la ni\u00f1a o ni\u00f1o en la sala cuna o jard\u00edn infantil evite irse de forma abrupta. Desp\u00eddase con calma y refuerce que volver\u00e1 a buscarle en un momento determinado.<\/li>\n<li style=\"font-weight: 400;\">Cada ritmo es v\u00e1lido:<strong>\u00a0cada ni\u00f1a y ni\u00f1o es \u00fanico<\/strong>\u00a0y vivir\u00e1 este proceso de manera diferente<strong>. No hay una \u00fanica forma de reaccionar<\/strong>. Tenga en cuenta que todas las emociones son v\u00e1lidas y forman parte del proceso de familiarizaci\u00f3n.<\/li>\n<\/ul>\n<p style=\"font-weight: 400; text-align: justify;\">Por su parte, Ver\u00f3nica C\u00e1rcamo Galaz, Jefa Territorial de Calidad Educativa de Fundaci\u00f3n Integra de la regi\u00f3n de Ays\u00e9n env\u00eda un mensaje \u00aba las familias a que se acerquen y que conf\u00eden en el trabajo que desarrollan nuestros jardines infantiles en toda la regi\u00f3n\u201d. A su vez recalca que \u201cel jard\u00edn infantil est\u00e1 hecho para las ni\u00f1as y ni\u00f1os. Son espacios educativos pensados para ellos y con equipos educativos atentos a sus necesidades y con propuestas pedag\u00f3gicas l\u00fadicas y entretenidas que les permiten aprender jugando\u201d.<\/p>\n<p style=\"font-weight: 400; text-align: justify;\">Por \u00faltimo, desde el programa\u00a0<strong>Fonoinfancia de Fundaci\u00f3n Integra\u00a0<\/strong>recordaron que algunas ni\u00f1as y ni\u00f1os, al principio, podr\u00edan experimentar una sensaci\u00f3n de abandono, ya que a\u00fan les es complejo entender ciertas nociones de espacio y tiempo mientras est\u00e1n en la sala cuna o jard\u00edn infantil. Por ello las madres, padres o sus personas significativas\u00a0<strong>deben entregar seguridad y confianza<\/strong>.<\/p>\n<p style=\"font-weight: 400; text-align: justify;\">En caso de requerir orientaci\u00f3n sobre este tema o crianza respetuosa, las familias pueden recurrir al programa de asesor\u00eda psicol\u00f3gica especializada no presencial Fonoinfancia, llamando de forma gratuita al tel\u00e9fono 800 200 818\u00a0 o a trav\u00e9s del chat disponible en\u00a0<a href=\"http:\/\/www.fonoinfancia.cl\/\" data-saferedirecturl=\"https:\/\/www.google.com\/url?q=http:\/\/www.fonoinfancia.cl&amp;source=gmail&amp;ust=1772568231256000&amp;usg=AOvVaw3WJPjBwLhx-0RNTObykPCs\">www.fonoinfancia.cl<\/a>.<\/p>\n<\/div><\/section><\/div><div  style='height:50px' class='hr hr-invisible   avia-builder-el-6  el_after_av_one_full  el_before_av_social_share '><span class='hr-inner ' ><span class='hr-inner-style'><\/span><\/span><\/div><\/p>\n<div  class='av-social-sharing-box  avia-builder-el-7  el_after_av_hr  el_before_av_hr  '><div class='av-share-box'><h5 class='av-share-link-description av-no-toc '>Compartir esta noticia<\/h5><ul class='av-share-box-list noLightbox'><li class='av-share-link av-social-link-facebook' ><a target=\"_blank\" aria-label=\"Compartir en Facebook\" href='https:\/\/www.facebook.com\/sharer.php?u=https:\/\/radiorevelacionfm.cl\/?p=64684&#038;t=Comienza%20el%20a%C3%B1o%20parvulario%3A%20claves%20para%20acompa%C3%B1ar%20a%20ni%C3%B1as%20y%20ni%C3%B1os%20en%20su%20primer%20d%C3%ADa%20de%20jard%C3%ADn' aria-hidden='false' data-av_icon='\ue8f3' data-av_iconfont='entypo-fontello' title='' data-avia-related-tooltip='Compartir en Facebook' rel=\"noopener\"><span class='avia_hidden_link_text'>Compartir en Facebook<\/span><\/a><\/li><li class='av-share-link av-social-link-twitter' ><a target=\"_blank\" aria-label=\"Compartir en Twitter\" href='https:\/\/twitter.com\/share?text=Comienza%20el%20a%C3%B1o%20parvulario%3A%20claves%20para%20acompa%C3%B1ar%20a%20ni%C3%B1as%20y%20ni%C3%B1os%20en%20su%20primer%20d%C3%ADa%20de%20jard%C3%ADn&#038;url=https:\/\/radiorevelacionfm.cl\/?p=64684' aria-hidden='false' data-av_icon='\ue8f1' data-av_iconfont='entypo-fontello' title='' data-avia-related-tooltip='Compartir en Twitter' rel=\"noopener\"><span class='avia_hidden_link_text'>Compartir en Twitter<\/span><\/a><\/li><li class='av-share-link av-social-link-whatsapp' ><a target=\"_blank\" aria-label=\"Compartir en Whatsapp\" href='https:\/\/api.whatsapp.com\/send?text=https:\/\/radiorevelacionfm.cl\/?p=64684' aria-hidden='false' data-av_icon='\uf232' data-av_iconfont='entypo-fontello' title='' data-avia-related-tooltip='Compartir en Whatsapp' rel=\"noopener\"><span class='avia_hidden_link_text'>Compartir en Whatsapp<\/span><\/a><\/li><li class='av-share-link av-social-link-linkedin' ><a target=\"_blank\" aria-label=\"Compartir en LinkedIn\" href='https:\/\/linkedin.com\/shareArticle?mini=true&#038;title=Comienza%20el%20a%C3%B1o%20parvulario%3A%20claves%20para%20acompa%C3%B1ar%20a%20ni%C3%B1as%20y%20ni%C3%B1os%20en%20su%20primer%20d%C3%ADa%20de%20jard%C3%ADn&#038;url=https:\/\/radiorevelacionfm.cl\/?p=64684' aria-hidden='false' data-av_icon='\ue8fc' data-av_iconfont='entypo-fontello' title='' data-avia-related-tooltip='Compartir en LinkedIn' rel=\"noopener\"><span class='avia_hidden_link_text'>Compartir en LinkedIn<\/span><\/a><\/li><li class='av-share-link av-social-link-mail' ><a  aria-label=\"Compartir por correo\" href='mailto:?subject=Comienza%20el%20a%C3%B1o%20parvulario%3A%20claves%20para%20acompa%C3%B1ar%20a%20ni%C3%B1as%20y%20ni%C3%B1os%20en%20su%20primer%20d%C3%ADa%20de%20jard%C3%ADn&#038;body=https:\/\/radiorevelacionfm.cl\/?p=64684' aria-hidden='false' data-av_icon='\ue805' data-av_iconfont='entypo-fontello' title='' data-avia-related-tooltip='Compartir por correo'><span class='avia_hidden_link_text'>Compartir por correo<\/span><\/a><\/li><\/ul><\/div><\/div>\n<div  style='height:50px' class='hr hr-invisible   avia-builder-el-8  el_after_av_social_share  el_before_av_comments_list '><span class='hr-inner ' ><span class='hr-inner-style'><\/span><\/span><\/div>\n<div  class='av-buildercomment  av-blog-meta-html-info-disabled av-blog-meta-tag-disabled  '><\/div>\n","protected":false},"excerpt":{"rendered":"","protected":false},"author":1,"featured_media":64685,"comment_status":"closed","ping_status":"closed","sticky":false,"template":"","format":"standard","meta":{"footnotes":""},"categories":[49],"tags":[],"class_list":["post-64684","post","type-post","status-publish","format-standard","has-post-thumbnail","hentry","category-educacion"],"jetpack_featured_media_url":"https:\/\/radiorevelacionfm.cl\/wp-content\/uploads\/2026\/03\/mg_0792-1-1_optimized.jpg","_links":{"self":[{"href":"https:\/\/radiorevelacionfm.cl\/index.php?rest_route=\/wp\/v2\/posts\/64684","targetHints":{"allow":["GET"]}}],"collection":[{"href":"https:\/\/radiorevelacionfm.cl\/index.php?rest_route=\/wp\/v2\/posts"}],"about":[{"href":"https:\/\/radiorevelacionfm.cl\/index.php?rest_route=\/wp\/v2\/types\/post"}],"author":[{"embeddable":true,"href":"https:\/\/radiorevelacionfm.cl\/index.php?rest_route=\/wp\/v2\/users\/1"}],"replies":[{"embeddable":true,"href":"https:\/\/radiorevelacionfm.cl\/index.php?rest_route=%2Fwp%2Fv2%2Fcomments&post=64684"}],"version-history":[{"count":2,"href":"https:\/\/radiorevelacionfm.cl\/index.php?rest_route=\/wp\/v2\/posts\/64684\/revisions"}],"predecessor-version":[{"id":64687,"href":"https:\/\/radiorevelacionfm.cl\/index.php?rest_route=\/wp\/v2\/posts\/64684\/revisions\/64687"}],"wp:featuredmedia":[{"embeddable":true,"href":"https:\/\/radiorevelacionfm.cl\/index.php?rest_route=\/wp\/v2\/media\/64685"}],"wp:attachment":[{"href":"https:\/\/radiorevelacionfm.cl\/index.php?rest_route=%2Fwp%2Fv2%2Fmedia&parent=64684"}],"wp:term":[{"taxonomy":"category","embeddable":true,"href":"https:\/\/radiorevelacionfm.cl\/index.php?rest_route=%2Fwp%2Fv2%2Fcategories&post=64684"},{"taxonomy":"post_tag","embeddable":true,"href":"https:\/\/radiorevelacionfm.cl\/index.php?rest_route=%2Fwp%2Fv2%2Ftags&post=64684"}],"curies":[{"name":"wp","href":"https:\/\/api.w.org\/{rel}","templated":true}]}}