{"id":6467,"date":"2021-07-21T10:09:16","date_gmt":"2021-07-21T13:09:16","guid":{"rendered":"https:\/\/radiorevelacionfm.cl\/?p=6467"},"modified":"2021-07-21T11:06:26","modified_gmt":"2021-07-21T14:06:26","slug":"autoridades-de-educacion-acompanan-preparacion-de-retorno-a-clases-presenciales-del-liceo-josefina-aguirre-montenegro","status":"publish","type":"post","link":"https:\/\/radiorevelacionfm.cl\/?p=6467","title":{"rendered":"Liceo Josefina Aguirre Montenegro se prepara para el retorno a clases presenciales en Coyhaique"},"content":{"rendered":"<div class=\"flex_column av_one_full  flex_column_div av-zero-column-padding first  avia-builder-el-0  el_before_av_one_full  avia-builder-el-first  \" style='border-radius:0px; '><div  class='avia-image-container  av-styling-    avia-builder-el-1  avia-builder-el-no-sibling  avia-align-center '  itemprop=\"image\" itemscope=\"itemscope\" itemtype=\"https:\/\/schema.org\/ImageObject\"  ><div class='avia-image-container-inner'><div class='avia-image-overlay-wrap'><img decoding=\"async\" class='wp-image-0 avia-img-lazy-loading-not-0 avia_image' src=\"https:\/\/radiorevelacionfm.cl\/wp-content\/uploads\/2021\/07\/liceo-jam2-1_optimized.jpg\" alt='' title=''   itemprop=\"thumbnailUrl\"  \/><\/div><\/div><\/div><\/div><div class=\"flex_column av_one_full  flex_column_div av-zero-column-padding first  avia-builder-el-2  el_after_av_one_full  el_before_av_one_full  column-top-margin\" style='border-radius:0px; '><section class=\"av_textblock_section \"  itemscope=\"itemscope\" itemtype=\"https:\/\/schema.org\/BlogPosting\" itemprop=\"blogPost\" ><div class='avia_textblock  '   itemprop=\"text\" ><p style=\"text-align: center;\"><strong><span style=\"font-size: 18pt;\">Liceo Josefina Aguirre Montenegro se prepara para el retorno a clases presenciales en Coyhaique<\/span><\/strong><\/p>\n<div id=\"gtx-trans\" style=\"position: absolute; left: -50px; top: 4.31534px;\">\n<div class=\"gtx-trans-icon\"><\/div>\n<\/div>\n<\/div><\/section><\/div><div class=\"flex_column av_one_full  flex_column_div av-zero-column-padding first  avia-builder-el-4  el_after_av_one_full  el_before_av_hr  column-top-margin\" style='border-radius:0px; '><section class=\"av_textblock_section \"  itemscope=\"itemscope\" itemtype=\"https:\/\/schema.org\/BlogPosting\" itemprop=\"blogPost\" ><div class='avia_textblock  '   itemprop=\"text\" ><p class=\"v1MsoNormal\" style=\"text-align: justify;\">Hasta el Liceo Josefina Aguirre Montenegro de Coyhaique concurrieron el Seremi de Educaci\u00f3n Sergio Becerra Mera y la Directora Regional de la Superintendencia de Educaci\u00f3n Escolar Pamela Adriazola Rojas para acompa\u00f1ar el proceso de preparaci\u00f3n para el retorno a clases presenciales en forma parcial el segundo semestre. En la oportunidad tambi\u00e9n las autoridades presentaron la campa\u00f1a \u00abSi Me Cuido, Te Cuido\u00bb.<\/p>\n<p class=\"v1MsoNormal\" style=\"text-align: justify;\">\u00abCon la actualizaci\u00f3n del Plan Paso a Paso, las clases presenciales son consideradas actividades esenciales, por lo que los colegios y jardines infantiles podr\u00e1n funcionar tambi\u00e9n en fase 1 de Cuarentena, observando todas las medidas de cuidado sanitario. Las clases presenciales siguen siendo voluntarias para los padres y los colegios deben estar abiertos y preparados para recibir a sus alumnos. Hoy constatamos la buena disposici\u00f3n del sostenedor municipal y director del plantel para iniciar en forma parcial las clases presenciales el segundo semestre con los estudiantes de las especialidades t\u00e9cnico profesionales que imparten\u00bb, se\u00f1al\u00f3 el Seremi Sergio Becerra Mera.<\/p>\n<p class=\"v1MsoNormal\" style=\"text-align: justify;\">El Director del Liceo Josefina Aguirre Montenegro Adolfo Pavez Cornejo se\u00f1al\u00f3 que \u00abPara nosotros hoy es muy importante ir generando las condiciones b\u00e1sicas para el retorno a clases presenciales en el segundo semestre. En nuestro caso, daremos prioridad a los estudiantes de la formaci\u00f3n t\u00e9cnico profesional, ya que ellos son los que m\u00e1s necesitan de la presencialidad. Estamos trabajando junto al sostenedor para implementar todos los elementos de modo de garantizar la seguridad sanitaria tanto de nuestros estudiantes como los profesores y asistentes de la Educaci\u00f3n\u00bb.<\/p>\n<p class=\"v1MsoNormal\" style=\"text-align: justify;\"><b>Fiscalizaci\u00f3n a establecimientos<\/b><\/p>\n<p class=\"v1MsoNormal\" style=\"text-align: justify;\">Por su parte, la Superintendencia de Educaci\u00f3n est\u00e1 desarrollando un programa de medidas de higiene ante Covid-19 en todas las regiones del pa\u00eds, para fiscalizar que los establecimientos cumplan con las medidas de seguridad establecidas por la autoridad sanitaria y educacional. Entre ellos, contar con los protocolos de actuaci\u00f3n para enfrentar el retorno presencial a clases en el contexto Covid-19 y que se encuentren a disposici\u00f3n de la comunidad educativa.<\/p>\n<p class=\"v1MsoNormal\" style=\"text-align: justify;\">\u00abEn la regi\u00f3n de Ays\u00e9n hemos\u00a0realizado 54 visitas\u00a0de acompa\u00f1amiento a distintos establecimientos educacionales para orientarlos sobre las medidas de higiene y seguridad que deben cumplir seg\u00fan las disposiciones del Minsal y del Mineduc, para que en este regreso a clases sus estudiantes vuelvan a las salas de forma segura.\u00a0 Adem\u00e1s, hasta el 14 de julio, hemos recibido a nivel nacional 105 denuncias por problemas en la apertura de establecimientos educacionales durante la emergencia sanitaria\u00bb, destac\u00f3 la directora regional, Pamela Adriazola Rojas.<\/p>\n<p class=\"v1MsoNormal\" style=\"text-align: justify;\">Para apoyar a las comunidades educativas en la implementaci\u00f3n de estas medidas, la Superintendencia de Educaci\u00f3n est\u00e1 realizando visitas de acompa\u00f1amiento a distintos establecimientos educacionales del pa\u00eds, para orientarlos sobre los protocolos de seguridad e higiene que deben cumplir seg\u00fan las disposiciones del Minsal y del Mineduc, para que en este regreso a clases sus estudiantes vuelvan a las salas de forma segura.<\/p>\n<p class=\"v1MsoNormal\" style=\"text-align: justify;\">\u00abEs importante mencionar que el regreso a clases es un proceso voluntario para las familias. Si un padre, madre o apoderado siente que el establecimiento no est\u00e1 implementando las medidas de seguridad e higiene, o no abra sus puertas para el regreso a clases presenciales, puede hacer la denuncia ante la Superintendencia de Educaci\u00f3n en la p\u00e1gina web\u00a0<a href=\"http:\/\/www.supereduc.cl\/\" target=\"_blank\" rel=\"noopener noreferrer\">www.supereduc.cl<\/a>\u00ab, se\u00f1al\u00f3 Pamela Adriazola.<\/p>\n<p class=\"v1MsoNormal\" style=\"text-align: justify;\"><b>Campa\u00f1a \u00abSi te Cuido, Me Cuido\u00bb<\/b><\/p>\n<p class=\"v1MsoNormal\" style=\"text-align: justify;\">\u00abSi te cuido, me cuido\u00bb es una campa\u00f1a de la Superintendencia de Educaci\u00f3n que responde a la necesidad de hacer un llamado a la ciudadan\u00eda y a las comunidades educativas a propiciar el autocuidado y el cuidado de los dem\u00e1s como un acto de amor y solidaridad en los distintos \u00e1mbitos de la vida diaria, especialmente en nuestros hogares, en los establecimientos educacionales y en lo digital. Esta pandemia nos ha tra\u00eddo innumerables desaf\u00edos, en la manera de relacionarnos, con confinamientos prolongados que han ocasionado que ni\u00f1as, ni\u00f1os y j\u00f3venes y sus familias est\u00e9n agobiados y exigidos emocionalmente haciendo m\u00e1s dif\u00edcil el relacionamiento a trav\u00e9s de las pantallas.<\/p>\n<p class=\"v1MsoNormal\" style=\"text-align: justify;\">La campa\u00f1a resalta la importancia de la convivencia escolar dentro y fuera del mundo digital, pero tambi\u00e9n entregar herramientas de orientaci\u00f3n normativa a los establecimientos en \u00e1mbitos tan importantes para el cuidado de todos como seguridad, salud e higiene, convivencia y resoluci\u00f3n colaborativa de conflictos. En nuestra web\u00a0<a href=\"http:\/\/www.supereduc.cl\/\" target=\"_blank\" rel=\"noopener noreferrer\">www.supereduc.cl<\/a>\u00a0habilitamos un banner de la campa\u00f1a donde podr\u00e1n descargar material relacionado a estas tem\u00e1ticas y acceder a nuestra serie de webinars.<\/p>\n<p class=\"v1MsoNormal\" style=\"text-align: justify;\"><b>\u00bfA qui\u00e9n va dirigida esta campa\u00f1a?<\/b><\/p>\n<p class=\"v1MsoNormal\" style=\"text-align: justify;\">Esta campa\u00f1a est\u00e1 dirigida a la ciudadan\u00eda en general y a todos los integrantes de las comunidades educativas: profesores, estudiantes, sostenedores, equipos directivos y de convivencia, y a las familias. Queremos relevar la idea que, a trav\u00e9s de conductas diarias que promuevan el cuidado de todos, se puede mejorar y fomentar una sana convivencia, lo cual contribuye directamente a una educaci\u00f3n de calidad.<\/p>\n<p class=\"v1MsoNormal\" style=\"text-align: justify;\">Por ejemplo, en el contexto actual, las comunidades educativas han tenido que adaptarse a nuevas formas de comunicaci\u00f3n, donde lo digital ha tomado mucha importancia. En este sentido, promover el respeto y conductas que nos ayuden a convivir de buena manera en este espacio virtual, es indispensable para prevenir situaciones como el ciberacoso.<b><\/b><\/p>\n<p class=\"v1MsoNormal\" style=\"text-align: justify;\">La Supereduc ha habilitado un sitio especial para la campa\u00f1a, al cual se puede acceder desde la portada de nuestro sitio web\u00a0<a href=\"http:\/\/www.supereduc.cl\/\" target=\"_blank\" rel=\"noopener noreferrer\">www.supereduc.cl<\/a>. En esta p\u00e1gina est\u00e1 todo el material descargable y se agregar\u00e1n tambi\u00e9n los webinars que se desarrollan durante este a\u00f1o. Adem\u00e1s se complementa con material impreso que entregar\u00e1\u00a0 en nuestros planes de acompa\u00f1amiento en todas las regiones del pa\u00eds.<\/p>\n<\/div><\/section><\/div><\/p>\n<div  style='height:50px' class='hr hr-invisible   avia-builder-el-6  el_after_av_one_full  el_before_av_social_share '><span class='hr-inner ' ><span class='hr-inner-style'><\/span><\/span><\/div>\n<div  class='av-social-sharing-box  avia-builder-el-7  el_after_av_hr  el_before_av_hr  '><div class='av-share-box'><h5 class='av-share-link-description av-no-toc '>Compartir esta noticia<\/h5><ul class='av-share-box-list noLightbox'><li class='av-share-link av-social-link-facebook' ><a target=\"_blank\" aria-label=\"Compartir en Facebook\" href='https:\/\/www.facebook.com\/sharer.php?u=https:\/\/radiorevelacionfm.cl\/?p=6467&#038;t=Liceo%20Josefina%20Aguirre%20Montenegro%20se%20prepara%20para%20el%20retorno%20a%20clases%20presenciales%20en%20Coyhaique' aria-hidden='false' data-av_icon='\ue8f3' data-av_iconfont='entypo-fontello' title='' data-avia-related-tooltip='Compartir en Facebook' rel=\"noopener\"><span class='avia_hidden_link_text'>Compartir en Facebook<\/span><\/a><\/li><li class='av-share-link av-social-link-twitter' ><a target=\"_blank\" aria-label=\"Compartir en Twitter\" href='https:\/\/twitter.com\/share?text=Liceo%20Josefina%20Aguirre%20Montenegro%20se%20prepara%20para%20el%20retorno%20a%20clases%20presenciales%20en%20Coyhaique&#038;url=https:\/\/radiorevelacionfm.cl\/?p=6467' aria-hidden='false' data-av_icon='\ue8f1' data-av_iconfont='entypo-fontello' title='' data-avia-related-tooltip='Compartir en Twitter' rel=\"noopener\"><span class='avia_hidden_link_text'>Compartir en Twitter<\/span><\/a><\/li><li class='av-share-link av-social-link-whatsapp' ><a target=\"_blank\" aria-label=\"Compartir en Whatsapp\" href='https:\/\/api.whatsapp.com\/send?text=https:\/\/radiorevelacionfm.cl\/?p=6467' aria-hidden='false' data-av_icon='\uf232' data-av_iconfont='entypo-fontello' title='' data-avia-related-tooltip='Compartir en Whatsapp' rel=\"noopener\"><span class='avia_hidden_link_text'>Compartir en Whatsapp<\/span><\/a><\/li><li class='av-share-link av-social-link-linkedin' ><a target=\"_blank\" aria-label=\"Compartir en LinkedIn\" href='https:\/\/linkedin.com\/shareArticle?mini=true&#038;title=Liceo%20Josefina%20Aguirre%20Montenegro%20se%20prepara%20para%20el%20retorno%20a%20clases%20presenciales%20en%20Coyhaique&#038;url=https:\/\/radiorevelacionfm.cl\/?p=6467' aria-hidden='false' data-av_icon='\ue8fc' data-av_iconfont='entypo-fontello' title='' data-avia-related-tooltip='Compartir en LinkedIn' rel=\"noopener\"><span class='avia_hidden_link_text'>Compartir en LinkedIn<\/span><\/a><\/li><li class='av-share-link av-social-link-mail' ><a  aria-label=\"Compartir por correo\" href='mailto:?subject=Liceo%20Josefina%20Aguirre%20Montenegro%20se%20prepara%20para%20el%20retorno%20a%20clases%20presenciales%20en%20Coyhaique&#038;body=https:\/\/radiorevelacionfm.cl\/?p=6467' aria-hidden='false' data-av_icon='\ue805' data-av_iconfont='entypo-fontello' title='' data-avia-related-tooltip='Compartir por correo'><span class='avia_hidden_link_text'>Compartir por correo<\/span><\/a><\/li><\/ul><\/div><\/div>\n<div  style='height:50px' class='hr hr-invisible   avia-builder-el-8  el_after_av_social_share  el_before_av_comments_list '><span class='hr-inner ' ><span class='hr-inner-style'><\/span><\/span><\/div>\n<div  class='av-buildercomment  av-blog-meta-html-info-disabled av-blog-meta-tag-disabled  '><\/div>\n","protected":false},"excerpt":{"rendered":"","protected":false},"author":1,"featured_media":0,"comment_status":"open","ping_status":"open","sticky":false,"template":"","format":"standard","meta":{"footnotes":""},"categories":[49],"tags":[],"class_list":["post-6467","post","type-post","status-publish","format-standard","hentry","category-educacion"],"jetpack_featured_media_url":"","_links":{"self":[{"href":"https:\/\/radiorevelacionfm.cl\/index.php?rest_route=\/wp\/v2\/posts\/6467","targetHints":{"allow":["GET"]}}],"collection":[{"href":"https:\/\/radiorevelacionfm.cl\/index.php?rest_route=\/wp\/v2\/posts"}],"about":[{"href":"https:\/\/radiorevelacionfm.cl\/index.php?rest_route=\/wp\/v2\/types\/post"}],"author":[{"embeddable":true,"href":"https:\/\/radiorevelacionfm.cl\/index.php?rest_route=\/wp\/v2\/users\/1"}],"replies":[{"embeddable":true,"href":"https:\/\/radiorevelacionfm.cl\/index.php?rest_route=%2Fwp%2Fv2%2Fcomments&post=6467"}],"version-history":[{"count":2,"href":"https:\/\/radiorevelacionfm.cl\/index.php?rest_route=\/wp\/v2\/posts\/6467\/revisions"}],"predecessor-version":[{"id":6470,"href":"https:\/\/radiorevelacionfm.cl\/index.php?rest_route=\/wp\/v2\/posts\/6467\/revisions\/6470"}],"wp:attachment":[{"href":"https:\/\/radiorevelacionfm.cl\/index.php?rest_route=%2Fwp%2Fv2%2Fmedia&parent=6467"}],"wp:term":[{"taxonomy":"category","embeddable":true,"href":"https:\/\/radiorevelacionfm.cl\/index.php?rest_route=%2Fwp%2Fv2%2Fcategories&post=6467"},{"taxonomy":"post_tag","embeddable":true,"href":"https:\/\/radiorevelacionfm.cl\/index.php?rest_route=%2Fwp%2Fv2%2Ftags&post=6467"}],"curies":[{"name":"wp","href":"https:\/\/api.w.org\/{rel}","templated":true}]}}