{"id":6464,"date":"2021-07-20T17:34:33","date_gmt":"2021-07-20T20:34:33","guid":{"rendered":"https:\/\/radiorevelacionfm.cl\/?p=6464"},"modified":"2021-07-20T17:34:33","modified_gmt":"2021-07-20T20:34:33","slug":"lanzan-en-la-region-el-programa-reactivate-industria-belleza-de-sercotec","status":"publish","type":"post","link":"https:\/\/radiorevelacionfm.cl\/?p=6464","title":{"rendered":"Lanzan en la regi\u00f3n el programa React\u00edvate Industria Belleza de Sercotec"},"content":{"rendered":"<div class=\"flex_column av_one_full  flex_column_div av-zero-column-padding first  avia-builder-el-0  el_before_av_one_full  avia-builder-el-first  \" style='border-radius:0px; '><div  class='avia-image-container  av-styling-    avia-builder-el-1  avia-builder-el-no-sibling  avia-align-center '  itemprop=\"image\" itemscope=\"itemscope\" itemtype=\"https:\/\/schema.org\/ImageObject\"  ><div class='avia-image-container-inner'><div class='avia-image-overlay-wrap'><img decoding=\"async\" class='wp-image-0 avia-img-lazy-loading-not-0 avia_image' src=\"https:\/\/radiorevelacionfm.cl\/wp-content\/uploads\/2021\/07\/LANZAMIENTO-SEACTIVATE-INDUSTRIA-DE-BELLEZA-4-1-1.jpeg\" alt='' title=''   itemprop=\"thumbnailUrl\"  \/><\/div><\/div><\/div><\/div><div class=\"flex_column av_one_full  flex_column_div av-zero-column-padding first  avia-builder-el-2  el_after_av_one_full  el_before_av_one_full  column-top-margin\" style='border-radius:0px; '><section class=\"av_textblock_section \"  itemscope=\"itemscope\" itemtype=\"https:\/\/schema.org\/BlogPosting\" itemprop=\"blogPost\" ><div class='avia_textblock  '   itemprop=\"text\" ><p style=\"text-align: center;\"><span style=\"font-size: 18pt;\"><b>Lanzan en la regi\u00f3n el programa React\u00edvate Industria Belleza de Sercotec<\/b><\/span><\/p>\n<div id=\"gtx-trans\" style=\"position: absolute; left: -50px; top: 4.31534px;\">\n<div class=\"gtx-trans-icon\"><\/div>\n<\/div>\n<\/div><\/section><\/div><div class=\"flex_column av_one_full  flex_column_div av-zero-column-padding first  avia-builder-el-4  el_after_av_one_full  el_before_av_hr  column-top-margin\" style='border-radius:0px; '><section class=\"av_textblock_section \"  itemscope=\"itemscope\" itemtype=\"https:\/\/schema.org\/BlogPosting\" itemprop=\"blogPost\" ><div class='avia_textblock  '   itemprop=\"text\" ><p style=\"text-align: justify;\">Dicho programa busca apoyar a las empresas pertenecientes a la actividad econ\u00f3mica del rubro de la belleza, que tengan inicio de actividades en primera categor\u00eda hasta el 31 de marzo de 2021 ante el Servicio de Impuestos Internos y con ventas netas hasta 25.000 UF al a\u00f1o.<\/p>\n<p style=\"text-align: justify;\">Para la Delegada Presidencial Regional Margarita Ossa plante\u00f3 que \u201cTener a los diferentes rubros agrupados \u2013como los gastron\u00f3micos, turismo y belleza\u2013, nos ha ayudado much\u00edsimo para poder ir impulsando una serie de gestiones e ir en ayuda de los habitantes de la Regi\u00f3n de Ays\u00e9n. Y, en ese sentido, es lo que nos ha pedido el Presidente Sebasti\u00e1n Pi\u00f1era, estar constantemente en contacto, saber efectivamente d\u00f3nde est\u00e1 la dificultad, porque la verdad nuestra regi\u00f3n, y todas las dem\u00e1s regiones son diferentes, pero la nuestra es muy particular\u201d.<\/p>\n<p style=\"text-align: justify;\">En tanto la Presidenta de la Asociaci\u00f3n Gremial de Profesionales de la belleza de Ays\u00e9n, Patricia Benavides se\u00f1al\u00f3 que \u201cEstamos satisfechos porque luego de un largo trabajo los profesionales de la belleza nos hemos podido asociar para elevar nuestras demandas ya que debido a la pandemia hemos tenido grandes p\u00e9rdidas. Estamos contentos tambi\u00e9n de que, a trav\u00e9s de este programa react\u00edvate, los que tributan en primera y segunda categor\u00eda podr\u00e1n acceder a fondos que sin duda son necesarios para la gente que trabaja en nuestro rubro y eso lo encontramos positivo y estaremos atentos a nuevas postulaciones que ayuden a fortalecer nuestra \u00e1rea de trabajo\u201d.<\/p>\n<p style=\"text-align: justify;\">Por su parte el Seremi de Econom\u00eda indic\u00f3 que \u201cEste es un instrumento m\u00e1s de varios que estamos desarrollando como Gobierno para ir en apoyo de nuestras Mypes, as\u00ed como el Bono de alivio cuya cifra actualizada en nuestra regi\u00f3n asciende a 7.228 solicitudes con un monto a transferir de 7 mil millones 800 mil pesos. Monto hist\u00f3rico para un solo instrumento que busca ir en apoyo del peque\u00f1o comercio y que actualmente a\u00fan esta vigente a trav\u00e9s de la p\u00e1gina del Servicio de Impuestos Internos. Quiero finalmente recordar que este 17 de agosto se inicia el segundo bono variable, el cual est\u00e1 destinado a Pymes que pagan impuestos en primera categor\u00eda y que tuvieron ventas el a\u00f1o 2019. Estas podr\u00e1n acceder tambi\u00e9n a trav\u00e9s de la plataforma del SII y podr\u00e1n acceder hasta un monto de 2 millones de pesos\u201d, asegur\u00f3 la autoridad.<\/p>\n<p style=\"text-align: justify;\">Finalmente, la Directora de Sercotec se\u00f1al\u00f3 que \u201cA trav\u00e9s de este programa se dispone de 30 cupos a nivel regional para todos aquellas personas que cumplen con los requisitos y que buscan paliar en parte las bajas ventas y p\u00e9rdidas en algunos casos que tuvo el rubro producto de la pandemia. Por eso mi llamado es a postular hoy mismo y as\u00ed poder a los cupos disponibles\u201d.<\/p>\n<p style=\"text-align: justify;\"><strong>\u00bfC\u00f3mo postular?<\/strong><\/p>\n<ol style=\"text-align: justify;\">\n<li>Registrarse como usuario (a) en www.sercotec.cl o bien, actualizar sus antecedentes de registro. El (la) postulante realiza la postulaci\u00f3n con la informaci\u00f3n ingresada en este registro, la cual ser\u00e1 utilizada por Sercotec durante todo el proceso.<\/li>\n<li>Completar el formulario de postulaci\u00f3n: cada empresa o persona interesada deber\u00e1 completar el formulario de postulaci\u00f3n, disponible en www.sercotec.cl, donde deber\u00e1 establecer el destino de los recursos solicitados a trav\u00e9s de un Plan de Compras.<\/li>\n<li>Cada empresa o persona postulante deber\u00e1 adjuntar antecedentes tributarios que respalden el ejercicio de la actividad, disponibles en <a href=\"http:\/\/www.sii.cl\">www.sii.cl<\/a><\/li>\n<\/ol>\n<p style=\"text-align: justify;\">En el caso de empresas, adjuntar la Carpeta tributaria para solicitar cr\u00e9ditos completa y si son \u00a0personas naturales, adjuntar el Informe anual de emisi\u00f3n de boletas de honorarios, de los a\u00f1os 2020 y 2021.<\/p>\n<p style=\"text-align: justify;\"><strong>Financiamiento<\/strong><\/p>\n<p style=\"text-align: justify;\">Por medio de esta acci\u00f3n se ir\u00e1 en apoyo en la reactivaci\u00f3n de esta actividad econ\u00f3mica y se otorgar\u00e1 un subsidio no reembolsable de entre $1.500.000 y $3.000.000, que permita adquirir activos fijos, capital de trabajo (materias primas y materiales, mercader\u00eda); gastos en promoci\u00f3n y publicidad, as\u00ed como la adquisici\u00f3n de materiales para implementar protocolos sanitarios ante el Covid-19 y la implementaci\u00f3n de acciones o actividades para la activaci\u00f3n y reapertura de sus locales.<\/p>\n<p style=\"text-align: justify;\">En tanto, las empresas que tributan en 1ra categor\u00eda podr\u00e1n tambi\u00e9n financiar: arriendos, sueldos, pago de servicios b\u00e1sicos (luz, agua) y, la habilitaci\u00f3n de infraestructura.<\/p>\n<p style=\"text-align: justify;\">Adem\u00e1s, tambi\u00e9n podr\u00e1n acceder personas naturales con inicio de actividades en segunda categor\u00eda, tambi\u00e9n hasta el 31 de marzo de 2021, y que no superen las 2.400UF de ventas al a\u00f1o como honorarios.<\/p>\n<\/div><\/section><\/div><div  style='height:50px' class='hr hr-invisible   avia-builder-el-6  el_after_av_one_full  el_before_av_social_share '><span class='hr-inner ' ><span class='hr-inner-style'><\/span><\/span><\/div><\/p>\n<div  class='av-social-sharing-box  avia-builder-el-7  el_after_av_hr  el_before_av_hr  '><div class='av-share-box'><h5 class='av-share-link-description av-no-toc '>Compartir esta noticia<\/h5><ul class='av-share-box-list noLightbox'><li class='av-share-link av-social-link-facebook' ><a target=\"_blank\" aria-label=\"Compartir en Facebook\" href='https:\/\/www.facebook.com\/sharer.php?u=https:\/\/radiorevelacionfm.cl\/?p=6464&#038;t=Lanzan%20en%20la%20regi%C3%B3n%20el%20programa%20React%C3%ADvate%20Industria%20Belleza%20de%20Sercotec' aria-hidden='false' data-av_icon='\ue8f3' data-av_iconfont='entypo-fontello' title='' data-avia-related-tooltip='Compartir en Facebook' rel=\"noopener\"><span class='avia_hidden_link_text'>Compartir en Facebook<\/span><\/a><\/li><li class='av-share-link av-social-link-twitter' ><a target=\"_blank\" aria-label=\"Compartir en Twitter\" href='https:\/\/twitter.com\/share?text=Lanzan%20en%20la%20regi%C3%B3n%20el%20programa%20React%C3%ADvate%20Industria%20Belleza%20de%20Sercotec&#038;url=https:\/\/radiorevelacionfm.cl\/?p=6464' aria-hidden='false' data-av_icon='\ue8f1' data-av_iconfont='entypo-fontello' title='' data-avia-related-tooltip='Compartir en Twitter' rel=\"noopener\"><span class='avia_hidden_link_text'>Compartir en Twitter<\/span><\/a><\/li><li class='av-share-link av-social-link-whatsapp' ><a target=\"_blank\" aria-label=\"Compartir en Whatsapp\" href='https:\/\/api.whatsapp.com\/send?text=https:\/\/radiorevelacionfm.cl\/?p=6464' aria-hidden='false' data-av_icon='\uf232' data-av_iconfont='entypo-fontello' title='' data-avia-related-tooltip='Compartir en Whatsapp' rel=\"noopener\"><span class='avia_hidden_link_text'>Compartir en Whatsapp<\/span><\/a><\/li><li class='av-share-link av-social-link-linkedin' ><a target=\"_blank\" aria-label=\"Compartir en LinkedIn\" href='https:\/\/linkedin.com\/shareArticle?mini=true&#038;title=Lanzan%20en%20la%20regi%C3%B3n%20el%20programa%20React%C3%ADvate%20Industria%20Belleza%20de%20Sercotec&#038;url=https:\/\/radiorevelacionfm.cl\/?p=6464' aria-hidden='false' data-av_icon='\ue8fc' data-av_iconfont='entypo-fontello' title='' data-avia-related-tooltip='Compartir en LinkedIn' rel=\"noopener\"><span class='avia_hidden_link_text'>Compartir en LinkedIn<\/span><\/a><\/li><li class='av-share-link av-social-link-mail' ><a  aria-label=\"Compartir por correo\" href='mailto:?subject=Lanzan%20en%20la%20regi%C3%B3n%20el%20programa%20React%C3%ADvate%20Industria%20Belleza%20de%20Sercotec&#038;body=https:\/\/radiorevelacionfm.cl\/?p=6464' aria-hidden='false' data-av_icon='\ue805' data-av_iconfont='entypo-fontello' title='' data-avia-related-tooltip='Compartir por correo'><span class='avia_hidden_link_text'>Compartir por correo<\/span><\/a><\/li><\/ul><\/div><\/div>\n<div  style='height:50px' class='hr hr-invisible   avia-builder-el-8  el_after_av_social_share  el_before_av_comments_list '><span class='hr-inner ' ><span class='hr-inner-style'><\/span><\/span><\/div>\n<div  class='av-buildercomment  av-blog-meta-html-info-disabled av-blog-meta-tag-disabled  '><\/div>\n","protected":false},"excerpt":{"rendered":"","protected":false},"author":1,"featured_media":0,"comment_status":"open","ping_status":"open","sticky":false,"template":"","format":"standard","meta":{"footnotes":""},"categories":[37],"tags":[],"class_list":["post-6464","post","type-post","status-publish","format-standard","hentry","category-economia"],"jetpack_featured_media_url":"","_links":{"self":[{"href":"https:\/\/radiorevelacionfm.cl\/index.php?rest_route=\/wp\/v2\/posts\/6464","targetHints":{"allow":["GET"]}}],"collection":[{"href":"https:\/\/radiorevelacionfm.cl\/index.php?rest_route=\/wp\/v2\/posts"}],"about":[{"href":"https:\/\/radiorevelacionfm.cl\/index.php?rest_route=\/wp\/v2\/types\/post"}],"author":[{"embeddable":true,"href":"https:\/\/radiorevelacionfm.cl\/index.php?rest_route=\/wp\/v2\/users\/1"}],"replies":[{"embeddable":true,"href":"https:\/\/radiorevelacionfm.cl\/index.php?rest_route=%2Fwp%2Fv2%2Fcomments&post=6464"}],"version-history":[{"count":1,"href":"https:\/\/radiorevelacionfm.cl\/index.php?rest_route=\/wp\/v2\/posts\/6464\/revisions"}],"predecessor-version":[{"id":6466,"href":"https:\/\/radiorevelacionfm.cl\/index.php?rest_route=\/wp\/v2\/posts\/6464\/revisions\/6466"}],"wp:attachment":[{"href":"https:\/\/radiorevelacionfm.cl\/index.php?rest_route=%2Fwp%2Fv2%2Fmedia&parent=6464"}],"wp:term":[{"taxonomy":"category","embeddable":true,"href":"https:\/\/radiorevelacionfm.cl\/index.php?rest_route=%2Fwp%2Fv2%2Fcategories&post=6464"},{"taxonomy":"post_tag","embeddable":true,"href":"https:\/\/radiorevelacionfm.cl\/index.php?rest_route=%2Fwp%2Fv2%2Ftags&post=6464"}],"curies":[{"name":"wp","href":"https:\/\/api.w.org\/{rel}","templated":true}]}}