{"id":6461,"date":"2021-07-21T10:46:30","date_gmt":"2021-07-21T13:46:30","guid":{"rendered":"https:\/\/radiorevelacionfm.cl\/?p=6461"},"modified":"2021-07-21T10:46:30","modified_gmt":"2021-07-21T13:46:30","slug":"este-miercoles-se-inicia-en-el-senado-votacion-definitiva-de-reforma-al-codigo-de-aguas","status":"publish","type":"post","link":"https:\/\/radiorevelacionfm.cl\/?p=6461","title":{"rendered":"Este mi\u00e9rcoles se inicia en el Senado votaci\u00f3n definitiva de reforma al C\u00f3digo de Aguas"},"content":{"rendered":"<div class=\"flex_column av_one_full  flex_column_div av-zero-column-padding first  avia-builder-el-0  el_before_av_one_full  avia-builder-el-first  \" style='border-radius:0px; '><div  class='avia-image-container  av-styling-    avia-builder-el-1  avia-builder-el-no-sibling  avia-align-center '  itemprop=\"image\" itemscope=\"itemscope\" itemtype=\"https:\/\/schema.org\/ImageObject\"  ><div class='avia-image-container-inner'><div class='avia-image-overlay-wrap'><img decoding=\"async\" class='wp-image-6462 avia-img-lazy-loading-not-6462 avia_image' src=\"https:\/\/radiorevelacionfm.cl\/wp-content\/uploads\/2021\/07\/AGUA-1-1.jpg\" alt='' title='AGUA (1) (1)' height=\"600\" width=\"900\"  itemprop=\"thumbnailUrl\" srcset=\"https:\/\/radiorevelacionfm.cl\/wp-content\/uploads\/2021\/07\/AGUA-1-1.jpg 900w, https:\/\/radiorevelacionfm.cl\/wp-content\/uploads\/2021\/07\/AGUA-1-1-300x200.jpg 300w, https:\/\/radiorevelacionfm.cl\/wp-content\/uploads\/2021\/07\/AGUA-1-1-768x512.jpg 768w, https:\/\/radiorevelacionfm.cl\/wp-content\/uploads\/2021\/07\/AGUA-1-1-705x470.jpg 705w, https:\/\/radiorevelacionfm.cl\/wp-content\/uploads\/2021\/07\/AGUA-1-1-600x400.jpg 600w\" sizes=\"(max-width: 900px) 100vw, 900px\" \/><\/div><\/div><\/div><\/div><div class=\"flex_column av_one_full  flex_column_div av-zero-column-padding first  avia-builder-el-2  el_after_av_one_full  el_before_av_one_full  column-top-margin\" style='border-radius:0px; '><section class=\"av_textblock_section \"  itemscope=\"itemscope\" itemtype=\"https:\/\/schema.org\/BlogPosting\" itemprop=\"blogPost\" ><div class='avia_textblock  '   itemprop=\"text\" ><p style=\"text-align: center;\"><span style=\"font-size: 18pt;\"><b><span lang=\"ES\">Este mi<\/span><\/b><b><span lang=\"X-NONE\">\u00e9rcoles se inicia en el Senado votaci\u00f3n definitiva de reforma al C\u00f3digo de Aguas<\/span><\/b><\/span><\/p>\n<div id=\"gtx-trans\" style=\"position: absolute; left: -50px; top: 4.31534px;\">\n<div class=\"gtx-trans-icon\"><\/div>\n<\/div>\n<\/div><\/section><\/div><div class=\"flex_column av_one_full  flex_column_div av-zero-column-padding first  avia-builder-el-4  el_after_av_one_full  el_before_av_hr  column-top-margin\" style='border-radius:0px; '><section class=\"av_textblock_section \"  itemscope=\"itemscope\" itemtype=\"https:\/\/schema.org\/BlogPosting\" itemprop=\"blogPost\" ><div class='avia_textblock  '   itemprop=\"text\" ><p class=\"v1MsoNormal\" style=\"text-align: justify;\"><span lang=\"ES\">Este mi<\/span><span lang=\"X-NONE\">\u00e9rcoles a las 16 horas la sala del Senado votar\u00e1 en general el proyecto de reforma del C\u00f3digo de Aguas. Luego de esto se abrir\u00e1 plazo para indicaciones, tras lo cual corresponder\u00e1 la votaci\u00f3n en particular, que se debiera convocar para una posterior sesi\u00f3n.<\/span><\/p>\n<p class=\"v1MsoNormal\" style=\"text-align: justify;\"><span lang=\"X-NONE\">Es \u00e9sta la segunda modificaci\u00f3n de fondo de la ley que rige desde 1981, y que permiti\u00f3 la privatizaci\u00f3n y mercantilizaci\u00f3n de las aguas en Chile con graves consecuencias en materia de derechos humanos b\u00e1sicos y preservaci\u00f3n de ecosistemas. Luego de 15 a\u00f1os de tramitaci\u00f3n, en 2005 se incorporaron las figuras de caudal ecol\u00f3gico m\u00ednimo, la obligaci\u00f3n de justificar el destino del agua mediante memoria explicativa, el pago de patente anual por no uso, la posibilidad de renunciar al derecho de aprovechamiento, la ampliaci\u00f3n del plazo del remate y la facultad de la Direcci\u00f3n General de Aguas de constituir derechos por un caudal inferior al solicitado.<\/span><\/p>\n<p class=\"v1MsoNormal\" style=\"text-align: justify;\"><span lang=\"X-NONE\">La actual reforma fue ingresada en marzo de 2011 ante la C\u00e1mara de Diputados. Luego de pasar por las comisiones de Recursos H\u00eddricos, Agricultura y Hacienda fue aprobada en noviembre de 2016. En la C\u00e1mara Alta fue revisada por las comisiones de Recursos H\u00eddricos, Agricultura y Constituci\u00f3n.<\/span><\/p>\n<p class=\"v1MsoNormal\" style=\"text-align: justify;\"><b><span lang=\"X-NONE\">Avances<\/span><\/b><\/p>\n<p class=\"v1MsoNormal\" style=\"text-align: justify;\"><span lang=\"X-NONE\">Uno de los principales avances es establecer que las aguas son bienes p\u00fablicos, propiedad de todos los chilenos y chilenas. Consagra que el derecho humano al agua debe ser garantizado por el Estado y establece prioridades de uso para el consumo humano y saneamiento, para actividades de subsistencia y la protecci\u00f3n de las fuentes, por sobre el uso productivo con fines de lucro.\u00a0<span class=\"v1gmail-Apple-converted-space\">\u00a0<\/span>Reconoce, asimismo, las aguas ancestrales de los pueblos ind\u00edgenas.<\/span><\/p>\n<p class=\"v1MsoNormal\" style=\"text-align: justify;\"><span lang=\"X-NONE\">Exige caudales ecol\u00f3gicos y proh\u00edbe entregar derechos en glaciares. Las nuevas concesiones ser\u00e1n temporales, con causales de caducidad y extinci\u00f3n. Proh\u00edbe extraer agua en humedales amenazados, sitios prioritarios y \u00e1reas protegidas.<\/span><\/p>\n<p class=\"v1MsoNormal\" style=\"text-align: justify;\"><span lang=\"X-NONE\">La nueva normativa obliga a informar sobre captaciones y restituciones, y constituye reservas de agua potable y saneamiento.\u00a0Obliga a las mineras a informar sobre aguas halladas y justificar su uso, y por \u00faltimo protege los servicios sanitarios rurales, comunidades agr\u00edcolas, campesinos Indap, comunidades ind\u00edgenas y \u00e1reas protegidas.<\/span><\/p>\n<p class=\"v1MsoNormal\" style=\"text-align: justify;\"><span lang=\"X-NONE\">Las diferencias entre lo aprobado por el Senado y la C\u00e1mara de Diputados volver\u00e1n a esta \u00faltima, y en caso de persistir diferencias se conformar\u00e1 una Comisi\u00f3n Mixta.<span class=\"v1gmail-Apple-converted-space\">\u00a0<\/span><\/span><\/p>\n<p class=\"v1MsoNormal\" style=\"text-align: justify;\"><span lang=\"X-NONE\">Esta tramitaci\u00f3n se desarrolla en paralelo a la elaboraci\u00f3n de una nueva Constituci\u00f3n, sirviendo de gu\u00eda para el debate que se dar\u00e1 en la Convenci\u00f3n Constitucional en materia de aguas, derechos humanos y protecci\u00f3n de la naturaleza.<\/span><\/p>\n<\/div><\/section><\/div><div  style='height:50px' class='hr hr-invisible   avia-builder-el-6  el_after_av_one_full  el_before_av_social_share '><span class='hr-inner ' ><span class='hr-inner-style'><\/span><\/span><\/div><\/p>\n<div  class='av-social-sharing-box  avia-builder-el-7  el_after_av_hr  el_before_av_hr  '><div class='av-share-box'><h5 class='av-share-link-description av-no-toc '>Compartir esta noticia<\/h5><ul class='av-share-box-list noLightbox'><li class='av-share-link av-social-link-facebook' ><a target=\"_blank\" aria-label=\"Compartir en Facebook\" href='https:\/\/www.facebook.com\/sharer.php?u=https:\/\/radiorevelacionfm.cl\/?p=6461&#038;t=Este%20mi%C3%A9rcoles%20se%20inicia%20en%20el%20Senado%20votaci%C3%B3n%20definitiva%20de%20reforma%20al%20C%C3%B3digo%20de%20Aguas' aria-hidden='false' data-av_icon='\ue8f3' data-av_iconfont='entypo-fontello' title='' data-avia-related-tooltip='Compartir en Facebook' rel=\"noopener\"><span class='avia_hidden_link_text'>Compartir en Facebook<\/span><\/a><\/li><li class='av-share-link av-social-link-twitter' ><a target=\"_blank\" aria-label=\"Compartir en Twitter\" href='https:\/\/twitter.com\/share?text=Este%20mi%C3%A9rcoles%20se%20inicia%20en%20el%20Senado%20votaci%C3%B3n%20definitiva%20de%20reforma%20al%20C%C3%B3digo%20de%20Aguas&#038;url=https:\/\/radiorevelacionfm.cl\/?p=6461' aria-hidden='false' data-av_icon='\ue8f1' data-av_iconfont='entypo-fontello' title='' data-avia-related-tooltip='Compartir en Twitter' rel=\"noopener\"><span class='avia_hidden_link_text'>Compartir en Twitter<\/span><\/a><\/li><li class='av-share-link av-social-link-whatsapp' ><a target=\"_blank\" aria-label=\"Compartir en Whatsapp\" href='https:\/\/api.whatsapp.com\/send?text=https:\/\/radiorevelacionfm.cl\/?p=6461' aria-hidden='false' data-av_icon='\uf232' data-av_iconfont='entypo-fontello' title='' data-avia-related-tooltip='Compartir en Whatsapp' rel=\"noopener\"><span class='avia_hidden_link_text'>Compartir en Whatsapp<\/span><\/a><\/li><li class='av-share-link av-social-link-linkedin' ><a target=\"_blank\" aria-label=\"Compartir en LinkedIn\" href='https:\/\/linkedin.com\/shareArticle?mini=true&#038;title=Este%20mi%C3%A9rcoles%20se%20inicia%20en%20el%20Senado%20votaci%C3%B3n%20definitiva%20de%20reforma%20al%20C%C3%B3digo%20de%20Aguas&#038;url=https:\/\/radiorevelacionfm.cl\/?p=6461' aria-hidden='false' data-av_icon='\ue8fc' data-av_iconfont='entypo-fontello' title='' data-avia-related-tooltip='Compartir en LinkedIn' rel=\"noopener\"><span class='avia_hidden_link_text'>Compartir en LinkedIn<\/span><\/a><\/li><li class='av-share-link av-social-link-mail' ><a  aria-label=\"Compartir por correo\" href='mailto:?subject=Este%20mi%C3%A9rcoles%20se%20inicia%20en%20el%20Senado%20votaci%C3%B3n%20definitiva%20de%20reforma%20al%20C%C3%B3digo%20de%20Aguas&#038;body=https:\/\/radiorevelacionfm.cl\/?p=6461' aria-hidden='false' data-av_icon='\ue805' data-av_iconfont='entypo-fontello' title='' data-avia-related-tooltip='Compartir por correo'><span class='avia_hidden_link_text'>Compartir por correo<\/span><\/a><\/li><\/ul><\/div><\/div>\n<div  style='height:50px' class='hr hr-invisible   avia-builder-el-8  el_after_av_social_share  el_before_av_comments_list '><span class='hr-inner ' ><span class='hr-inner-style'><\/span><\/span><\/div>\n<div  class='av-buildercomment  av-blog-meta-html-info-disabled av-blog-meta-tag-disabled  '><\/div>\n","protected":false},"excerpt":{"rendered":"","protected":false},"author":1,"featured_media":6462,"comment_status":"open","ping_status":"open","sticky":false,"template":"","format":"standard","meta":{"footnotes":""},"categories":[39],"tags":[],"class_list":["post-6461","post","type-post","status-publish","format-standard","has-post-thumbnail","hentry","category-medio-ambiente"],"jetpack_featured_media_url":"https:\/\/radiorevelacionfm.cl\/wp-content\/uploads\/2021\/07\/AGUA-1-1.jpg","_links":{"self":[{"href":"https:\/\/radiorevelacionfm.cl\/index.php?rest_route=\/wp\/v2\/posts\/6461","targetHints":{"allow":["GET"]}}],"collection":[{"href":"https:\/\/radiorevelacionfm.cl\/index.php?rest_route=\/wp\/v2\/posts"}],"about":[{"href":"https:\/\/radiorevelacionfm.cl\/index.php?rest_route=\/wp\/v2\/types\/post"}],"author":[{"embeddable":true,"href":"https:\/\/radiorevelacionfm.cl\/index.php?rest_route=\/wp\/v2\/users\/1"}],"replies":[{"embeddable":true,"href":"https:\/\/radiorevelacionfm.cl\/index.php?rest_route=%2Fwp%2Fv2%2Fcomments&post=6461"}],"version-history":[{"count":1,"href":"https:\/\/radiorevelacionfm.cl\/index.php?rest_route=\/wp\/v2\/posts\/6461\/revisions"}],"predecessor-version":[{"id":6463,"href":"https:\/\/radiorevelacionfm.cl\/index.php?rest_route=\/wp\/v2\/posts\/6461\/revisions\/6463"}],"wp:featuredmedia":[{"embeddable":true,"href":"https:\/\/radiorevelacionfm.cl\/index.php?rest_route=\/wp\/v2\/media\/6462"}],"wp:attachment":[{"href":"https:\/\/radiorevelacionfm.cl\/index.php?rest_route=%2Fwp%2Fv2%2Fmedia&parent=6461"}],"wp:term":[{"taxonomy":"category","embeddable":true,"href":"https:\/\/radiorevelacionfm.cl\/index.php?rest_route=%2Fwp%2Fv2%2Fcategories&post=6461"},{"taxonomy":"post_tag","embeddable":true,"href":"https:\/\/radiorevelacionfm.cl\/index.php?rest_route=%2Fwp%2Fv2%2Ftags&post=6461"}],"curies":[{"name":"wp","href":"https:\/\/api.w.org\/{rel}","templated":true}]}}