{"id":64592,"date":"2026-03-03T11:04:40","date_gmt":"2026-03-03T14:04:40","guid":{"rendered":"https:\/\/radiorevelacionfm.cl\/?p=64592"},"modified":"2026-03-03T11:04:40","modified_gmt":"2026-03-03T14:04:40","slug":"prohibicion-de-celulares-en-colegios-contradicciones-y-omisiones-de-la-normativa","status":"publish","type":"post","link":"https:\/\/radiorevelacionfm.cl\/?p=64592","title":{"rendered":"Prohibici\u00f3n de celulares en colegios: contradicciones y omisiones de la normativa"},"content":{"rendered":"<div class=\"flex_column av_one_full  flex_column_div av-zero-column-padding first  avia-builder-el-0  el_before_av_one_full  avia-builder-el-first  \" style='border-radius:0px; '><div  class='avia-image-container  av-styling-    avia-builder-el-1  avia-builder-el-no-sibling  avia-align-center '  itemprop=\"image\" itemscope=\"itemscope\" itemtype=\"https:\/\/schema.org\/ImageObject\"  ><div class='avia-image-container-inner'><div class='avia-image-overlay-wrap'><img decoding=\"async\" class='wp-image-64593 avia-img-lazy-loading-not-64593 avia_image' src=\"https:\/\/radiorevelacionfm.cl\/wp-content\/uploads\/2026\/02\/Prohicion-celulares-1-1.jpg\" alt='' title='Prohicion celulares (1) (1)' height=\"600\" width=\"958\"  itemprop=\"thumbnailUrl\" srcset=\"https:\/\/radiorevelacionfm.cl\/wp-content\/uploads\/2026\/02\/Prohicion-celulares-1-1.jpg 958w, https:\/\/radiorevelacionfm.cl\/wp-content\/uploads\/2026\/02\/Prohicion-celulares-1-1-300x188.jpg 300w, https:\/\/radiorevelacionfm.cl\/wp-content\/uploads\/2026\/02\/Prohicion-celulares-1-1-768x481.jpg 768w, https:\/\/radiorevelacionfm.cl\/wp-content\/uploads\/2026\/02\/Prohicion-celulares-1-1-705x442.jpg 705w, https:\/\/radiorevelacionfm.cl\/wp-content\/uploads\/2026\/02\/Prohicion-celulares-1-1-450x282.jpg 450w, https:\/\/radiorevelacionfm.cl\/wp-content\/uploads\/2026\/02\/Prohicion-celulares-1-1-600x376.jpg 600w\" sizes=\"(max-width: 958px) 100vw, 958px\" \/><\/div><\/div><\/div><\/div><div class=\"flex_column av_one_full  flex_column_div av-zero-column-padding first  avia-builder-el-2  el_after_av_one_full  el_before_av_one_full  column-top-margin\" style='border-radius:0px; '><section class=\"av_textblock_section \"  itemscope=\"itemscope\" itemtype=\"https:\/\/schema.org\/BlogPosting\" itemprop=\"blogPost\" ><div class='avia_textblock  '   itemprop=\"text\" ><p style=\"text-align: center;\"><strong><span style=\"font-size: 18pt;\">Prohibici\u00f3n de celulares en colegios: contradicciones y omisiones de la normativa<\/span><\/strong><\/p>\n<div id=\"gtx-trans\" style=\"position: absolute; left: -50px; top: 4.31534px;\">\n<div class=\"gtx-trans-icon\"><\/div>\n<\/div>\n<\/div><\/section><\/div><div class=\"flex_column av_one_full  flex_column_div av-zero-column-padding first  avia-builder-el-4  el_after_av_one_full  el_before_av_hr  column-top-margin\" style='border-radius:0px; '><section class=\"av_textblock_section \"  itemscope=\"itemscope\" itemtype=\"https:\/\/schema.org\/BlogPosting\" itemprop=\"blogPost\" ><div class='avia_textblock  '   itemprop=\"text\" ><p style=\"text-align: justify;\">La nueva normativa que proh\u00edbe el uso de tel\u00e9fonos celulares en establecimientos educacionales frente a la llegada de un nuevo inicio escolar ha sido presentada como una medida necesaria para mejorar la concentraci\u00f3n, disminuir distracciones y fortalecer la convivencia escolar de la comunidad educativa. Sin embargo, al extender la prohibici\u00f3n de manera amplia hacia docentes y otros integrantes de la comunidad educativa, esta regulaci\u00f3n revela una preocupante desconexi\u00f3n con la realidad cotidiana de las escuelas y liceos del pa\u00eds.<\/p>\n<p style=\"text-align: justify;\">Como educadora diferencial, no puedo dejar de observar la contradicci\u00f3n estructural que esta normativa instala: se pretende formar estudiantes cr\u00edticos, aut\u00f3nomos y responsables en el uso de tecnolog\u00edas, pero al mismo tiempo se sit\u00faa a los docentes en el mismo escal\u00f3n regulatorio que los estudiantes, desconociendo su rol profesional y la naturaleza pedag\u00f3gica de su trabajo.<\/p>\n<p style=\"text-align: justify;\">En muchos contextos escolares, especialmente en territorios con brechas digitales persistentes, el tel\u00e9fono personal del docente no es un lujo y tampoco funciona como ocio, sino una herramienta de trabajo imprescindible, la normativa ignora realidades como establecimientos con acceso inestable a internet, salas sin conectividad permanente, plataformas digitales que dependen de redes m\u00f3viles, y clases que, parad\u00f3jicamente, requieren acceso en l\u00ednea para desarrollar actividades propuestas por los propios textos escolares distribuidos oficialmente los que incluyen c\u00f3digos QR y enlaces que complementan la experiencia pedag\u00f3gica, entonces nos preguntamos \u00bfC\u00f3mo se espera que el docente acceda a esos recursos en tiempo real si no puede utilizar su propio dispositivo cuando el establecimiento no provee alternativas tecnol\u00f3gicas funcionales?<\/p>\n<p style=\"text-align: justify;\">La contradicci\u00f3n se vuelve a\u00fan m\u00e1s evidente cuando consideramos que el sistema educativo chileno ha promovido, durante la \u00faltima d\u00e9cada, la integraci\u00f3n de competencias digitales como parte del perfil de egreso estudiantil e incluso marcos como los Est\u00e1ndares de la Profesi\u00f3n Docente, promovidos por el Centro de Perfeccionamiento, Experimentaci\u00f3n e Investigaciones Pedag\u00f3gicas.<\/p>\n<p style=\"text-align: justify;\">Asimismo, la comunicaci\u00f3n con apoderados y familias, siendo esto fundamental en procesos de acompa\u00f1amiento educativo, suele realizarse mediante mensajer\u00eda m\u00f3vil. En situaciones de emergencia dentro de la comunidad escolar, el primer canal de contacto disponible es, muchas veces, el tel\u00e9fono personal del docente. La normativa omite esta dimensi\u00f3n operativa y comunitaria del trabajo pedag\u00f3gico.<\/p>\n<p style=\"text-align: justify;\">M\u00e1s all\u00e1 de lo pr\u00e1ctico, existe una dimensi\u00f3n simb\u00f3lica preocupante: equiparar normativamente a docentes y estudiantes en la prohibici\u00f3n del uso de celulares diluye la distinci\u00f3n entre quien est\u00e1 en proceso formativo y quien ejerce una profesi\u00f3n \u00bfqu\u00e9 mensaje transmitimos sobre la autonom\u00eda y la confianza?<\/p>\n<p style=\"text-align: justify;\">La escuela no es un espacio aislado del mundo digital; es parte de \u00e9l. La soluci\u00f3n no puede ser la negaci\u00f3n tecnol\u00f3gica, sino la regulaci\u00f3n diferenciada, contextualizada y coherente con las condiciones reales de cada establecimiento. Prohibir sin proveer alternativas robustas de conectividad institucional no resuelve el problema de fondo, todo lo contrario \u201clo traslada y lo invisibiliza\u201d.<\/p>\n<p>Por: <em>Monona Vald\u00e9s, directora de Educaci\u00f3n Diferencial de la Universidad Andr\u00e9s Bello.<\/em><\/p>\n<\/div><\/section><\/div><div  style='height:50px' class='hr hr-invisible   avia-builder-el-6  el_after_av_one_full  el_before_av_social_share '><span class='hr-inner ' ><span class='hr-inner-style'><\/span><\/span><\/div><\/p>\n<div  class='av-social-sharing-box  avia-builder-el-7  el_after_av_hr  el_before_av_hr  '><div class='av-share-box'><h5 class='av-share-link-description av-no-toc '>Compartir esta noticia<\/h5><ul class='av-share-box-list noLightbox'><li class='av-share-link av-social-link-facebook' ><a target=\"_blank\" aria-label=\"Compartir en Facebook\" href='https:\/\/www.facebook.com\/sharer.php?u=https:\/\/radiorevelacionfm.cl\/?p=64592&#038;t=Prohibici%C3%B3n%20de%20celulares%20en%20colegios%3A%20contradicciones%20y%20omisiones%20de%20la%20normativa' aria-hidden='false' data-av_icon='\ue8f3' data-av_iconfont='entypo-fontello' title='' data-avia-related-tooltip='Compartir en Facebook' rel=\"noopener\"><span class='avia_hidden_link_text'>Compartir en Facebook<\/span><\/a><\/li><li class='av-share-link av-social-link-twitter' ><a target=\"_blank\" aria-label=\"Compartir en Twitter\" href='https:\/\/twitter.com\/share?text=Prohibici%C3%B3n%20de%20celulares%20en%20colegios%3A%20contradicciones%20y%20omisiones%20de%20la%20normativa&#038;url=https:\/\/radiorevelacionfm.cl\/?p=64592' aria-hidden='false' data-av_icon='\ue8f1' data-av_iconfont='entypo-fontello' title='' data-avia-related-tooltip='Compartir en Twitter' rel=\"noopener\"><span class='avia_hidden_link_text'>Compartir en Twitter<\/span><\/a><\/li><li class='av-share-link av-social-link-whatsapp' ><a target=\"_blank\" aria-label=\"Compartir en Whatsapp\" href='https:\/\/api.whatsapp.com\/send?text=https:\/\/radiorevelacionfm.cl\/?p=64592' aria-hidden='false' data-av_icon='\uf232' data-av_iconfont='entypo-fontello' title='' data-avia-related-tooltip='Compartir en Whatsapp' rel=\"noopener\"><span class='avia_hidden_link_text'>Compartir en Whatsapp<\/span><\/a><\/li><li class='av-share-link av-social-link-linkedin' ><a target=\"_blank\" aria-label=\"Compartir en LinkedIn\" href='https:\/\/linkedin.com\/shareArticle?mini=true&#038;title=Prohibici%C3%B3n%20de%20celulares%20en%20colegios%3A%20contradicciones%20y%20omisiones%20de%20la%20normativa&#038;url=https:\/\/radiorevelacionfm.cl\/?p=64592' aria-hidden='false' data-av_icon='\ue8fc' data-av_iconfont='entypo-fontello' title='' data-avia-related-tooltip='Compartir en LinkedIn' rel=\"noopener\"><span class='avia_hidden_link_text'>Compartir en LinkedIn<\/span><\/a><\/li><li class='av-share-link av-social-link-mail' ><a  aria-label=\"Compartir por correo\" href='mailto:?subject=Prohibici%C3%B3n%20de%20celulares%20en%20colegios%3A%20contradicciones%20y%20omisiones%20de%20la%20normativa&#038;body=https:\/\/radiorevelacionfm.cl\/?p=64592' aria-hidden='false' data-av_icon='\ue805' data-av_iconfont='entypo-fontello' title='' data-avia-related-tooltip='Compartir por correo'><span class='avia_hidden_link_text'>Compartir por correo<\/span><\/a><\/li><\/ul><\/div><\/div>\n<div  style='height:50px' class='hr hr-invisible   avia-builder-el-8  el_after_av_social_share  el_before_av_comments_list '><span class='hr-inner ' ><span class='hr-inner-style'><\/span><\/span><\/div>\n<div  class='av-buildercomment  av-blog-meta-html-info-disabled av-blog-meta-tag-disabled  '><\/div>\n","protected":false},"excerpt":{"rendered":"","protected":false},"author":1,"featured_media":64593,"comment_status":"closed","ping_status":"closed","sticky":false,"template":"","format":"standard","meta":{"footnotes":""},"categories":[50],"tags":[],"class_list":["post-64592","post","type-post","status-publish","format-standard","has-post-thumbnail","hentry","category-cartas-y-opinion"],"jetpack_featured_media_url":"https:\/\/radiorevelacionfm.cl\/wp-content\/uploads\/2026\/02\/Prohicion-celulares-1-1.jpg","_links":{"self":[{"href":"https:\/\/radiorevelacionfm.cl\/index.php?rest_route=\/wp\/v2\/posts\/64592","targetHints":{"allow":["GET"]}}],"collection":[{"href":"https:\/\/radiorevelacionfm.cl\/index.php?rest_route=\/wp\/v2\/posts"}],"about":[{"href":"https:\/\/radiorevelacionfm.cl\/index.php?rest_route=\/wp\/v2\/types\/post"}],"author":[{"embeddable":true,"href":"https:\/\/radiorevelacionfm.cl\/index.php?rest_route=\/wp\/v2\/users\/1"}],"replies":[{"embeddable":true,"href":"https:\/\/radiorevelacionfm.cl\/index.php?rest_route=%2Fwp%2Fv2%2Fcomments&post=64592"}],"version-history":[{"count":2,"href":"https:\/\/radiorevelacionfm.cl\/index.php?rest_route=\/wp\/v2\/posts\/64592\/revisions"}],"predecessor-version":[{"id":64692,"href":"https:\/\/radiorevelacionfm.cl\/index.php?rest_route=\/wp\/v2\/posts\/64592\/revisions\/64692"}],"wp:featuredmedia":[{"embeddable":true,"href":"https:\/\/radiorevelacionfm.cl\/index.php?rest_route=\/wp\/v2\/media\/64593"}],"wp:attachment":[{"href":"https:\/\/radiorevelacionfm.cl\/index.php?rest_route=%2Fwp%2Fv2%2Fmedia&parent=64592"}],"wp:term":[{"taxonomy":"category","embeddable":true,"href":"https:\/\/radiorevelacionfm.cl\/index.php?rest_route=%2Fwp%2Fv2%2Fcategories&post=64592"},{"taxonomy":"post_tag","embeddable":true,"href":"https:\/\/radiorevelacionfm.cl\/index.php?rest_route=%2Fwp%2Fv2%2Ftags&post=64592"}],"curies":[{"name":"wp","href":"https:\/\/api.w.org\/{rel}","templated":true}]}}