{"id":64589,"date":"2026-02-27T10:22:44","date_gmt":"2026-02-27T13:22:44","guid":{"rendered":"https:\/\/radiorevelacionfm.cl\/?p=64589"},"modified":"2026-02-27T10:22:44","modified_gmt":"2026-02-27T13:22:44","slug":"seremi-de-agricultura-y-manejo-de-la-cuncunilla-negra-los-numeros-no-reflejan-una-catastrofe-en-el-campo","status":"publish","type":"post","link":"https:\/\/radiorevelacionfm.cl\/?p=64589","title":{"rendered":"Seremi de Agricultura y manejo de la cuncunilla negra: \u201cLos n\u00fameros no reflejan una cat\u00e1strofe en el campo\u201d"},"content":{"rendered":"<div class=\"flex_column av_one_full  flex_column_div av-zero-column-padding first  avia-builder-el-0  el_before_av_one_full  avia-builder-el-first  \" style='border-radius:0px; '><div  class='avia-image-container  av-styling-    avia-builder-el-1  avia-builder-el-no-sibling  avia-align-center '  itemprop=\"image\" itemscope=\"itemscope\" itemtype=\"https:\/\/schema.org\/ImageObject\"  ><div class='avia-image-container-inner'><div class='avia-image-overlay-wrap'><img decoding=\"async\" class='wp-image-64590 avia-img-lazy-loading-not-64590 avia_image' src=\"https:\/\/radiorevelacionfm.cl\/wp-content\/uploads\/2026\/02\/cerro_fardos-1_optimized.jpg\" alt='' title='cerro_fardos-(1)_optimized' height=\"600\" width=\"906\"  itemprop=\"thumbnailUrl\" srcset=\"https:\/\/radiorevelacionfm.cl\/wp-content\/uploads\/2026\/02\/cerro_fardos-1_optimized.jpg 906w, https:\/\/radiorevelacionfm.cl\/wp-content\/uploads\/2026\/02\/cerro_fardos-1_optimized-300x199.jpg 300w, https:\/\/radiorevelacionfm.cl\/wp-content\/uploads\/2026\/02\/cerro_fardos-1_optimized-768x509.jpg 768w, https:\/\/radiorevelacionfm.cl\/wp-content\/uploads\/2026\/02\/cerro_fardos-1_optimized-705x467.jpg 705w, https:\/\/radiorevelacionfm.cl\/wp-content\/uploads\/2026\/02\/cerro_fardos-1_optimized-450x298.jpg 450w, https:\/\/radiorevelacionfm.cl\/wp-content\/uploads\/2026\/02\/cerro_fardos-1_optimized-600x397.jpg 600w\" sizes=\"(max-width: 906px) 100vw, 906px\" \/><\/div><\/div><\/div><\/div><div class=\"flex_column av_one_full  flex_column_div av-zero-column-padding first  avia-builder-el-2  el_after_av_one_full  el_before_av_one_full  column-top-margin\" style='border-radius:0px; '><section class=\"av_textblock_section \"  itemscope=\"itemscope\" itemtype=\"https:\/\/schema.org\/BlogPosting\" itemprop=\"blogPost\" ><div class='avia_textblock  '   itemprop=\"text\" ><p style=\"text-align: center;\"><strong><span style=\"font-size: 18pt;\">Seremi de Agricultura y manejo de la cuncunilla negra: \u201cLos n\u00fameros no reflejan una cat\u00e1strofe en el campo\u201d<\/span><\/strong><\/p>\n<div id=\"gtx-trans\" style=\"position: absolute; left: -50px; top: 4.31534px;\">\n<div class=\"gtx-trans-icon\"><\/div>\n<\/div>\n<\/div><\/section><\/div><div class=\"flex_column av_one_full  flex_column_div av-zero-column-padding first  avia-builder-el-4  el_after_av_one_full  el_before_av_hr  column-top-margin\" style='border-radius:0px; '><section class=\"av_textblock_section \"  itemscope=\"itemscope\" itemtype=\"https:\/\/schema.org\/BlogPosting\" itemprop=\"blogPost\" ><div class='avia_textblock  '   itemprop=\"text\" ><p style=\"text-align: justify;\"><em>El Gore Ays\u00e9n inyectar\u00e1 $750 millones a trav\u00e9s del programa FNDR Suelos para que los agricultores adopten medidas contra la larva. Autoridades aclaran que la cifra de 4.300 millones en p\u00e9rdidas es un escenario hipot\u00e9tico y no una realidad constatada, enfatizando que no hay ganado muriendo por falta de forraje.<\/em><\/p>\n<p style=\"text-align: justify;\">Frente a la creciente preocupaci\u00f3n por la presencia de la cuncunilla negra (<em>Dalaca spp<\/em>.) en praderas de la regi\u00f3n, el Consejo Regional aprob\u00f3 un presupuesto de $750 millones destinados a fortalecer el manejo de esta plaga. Sin embargo, en un esfuerzo por entregar informaci\u00f3n precisa y evitar falsas alarmas entre la comunidad y los mercados, las autoridades regionales salieron al paso de las interpretaciones sobre el real impacto del insecto, aclarando que las cifras millonarias, y posibles muertes de ganado, que se han planteado responden a un ejercicio hipot\u00e9tico y no a la realidad actual de los predios.<\/p>\n<p style=\"text-align: justify;\">Los recursos aprobados, que beneficiar\u00e1n a peque\u00f1os y medianos productores agr\u00edcolas, se canalizar\u00e1n a trav\u00e9s del programa FNDR \u201cTransferencia recursos para incentivar la implementaci\u00f3n de pr\u00e1cticas silvoagroambientales\u201d m\u00e1s conocido como \u201cSuelos Ays\u00e9n\u201d, un instrumento ya existente y en ejecuci\u00f3n. Esto significa que se incluir\u00e1n nuevas labores a la tabla de costos regional del programa que se relacionan con el control, manejo y mitigaci\u00f3n de la plaga y ah\u00ed el productor elegir\u00e1 si incorpora dichas pr\u00e1cticas de ser pertinentes para sus praderas.<\/p>\n<p style=\"text-align: justify;\">El seremi de Agricultura de Ays\u00e9n, Eugenio Ruiz, valor\u00f3 la iniciativa, destacando que el enfoque no es \u00fanicamente reactivo, sino formativo. \u201cVamos a abordar la problem\u00e1tica desde tres \u00e1mbitos: las acciones concretas de control, la continuaci\u00f3n de la investigaci\u00f3n, y la capacitaci\u00f3n a los campesinos\u201d, explic\u00f3 Ruiz, a\u00f1adiendo que se promover\u00e1 el uso de m\u00e9todos diversos, que van desde controladores biol\u00f3gicos como virus y hongos hasta el aumento de la carga animal por pisoteo, buscando evitar la dependencia exclusiva de agroqu\u00edmicos.<\/p>\n<p style=\"text-align: justify;\"><strong>Cifras<\/strong><\/p>\n<p style=\"text-align: justify;\">Respecto a la alarmante cifra de $4.300 millones en p\u00e9rdidas anuales y 3.000 novillos que circul\u00f3 en el comunicado oficial, emanado desde el Gobierno Regional de Ays\u00e9n, fuentes t\u00e9cnicas del sector aclararon el origen de estos n\u00fameros. Se trata de una proyecci\u00f3n estad\u00edstica presentada en su momento por INIA Tamel Aike, basada en un modelo de supuestos. \u00abSe calcul\u00f3 sobre la base de un 50% de p\u00e9rdida de productividad en praderas sembradas, traducido a miles de kilos de materia seca, y de ah\u00ed a carne, utilizando un factor de conversi\u00f3n. Es un c\u00e1lculo hipot\u00e9tico, no un catastro de da\u00f1o real en el campo\u00bb, explic\u00f3, Eugenio Ruiz.<\/p>\n<p style=\"text-align: justify;\">La autoridad regional hizo un llamado a la calma, subrayando que \u201cno existe evidencia de mortandad de ganado por inanici\u00f3n\u201d derivada de esta plaga en la regi\u00f3n. La cuncunilla negra no es un invasor externo reciente, sino un insecto nativo del suelo cuya presencia se ha visto favorecida por las condiciones del cambio clim\u00e1tico, inviernos m\u00e1s suaves y menor precipitaci\u00f3n s\u00f3lida, entre otros; un fen\u00f3meno que tambi\u00e9n se replica en regiones vecinas como Los R\u00edos y Los Lagos.<\/p>\n<p style=\"text-align: justify;\">La plaga, que en su estado larval se alimenta de la base de las praderas, presenta hoy un desaf\u00edo doble para Ays\u00e9n. Mientras en otras zonas del sur los productores han optado por soluciones r\u00e1pidas basadas en agroqu\u00edmicos con resultados inmediatos, pero con efectos colaterales en insectos polinizadores y degradadores de materia org\u00e1nica, la regi\u00f3n busca equilibrar la urgencia productiva con la sostenibilidad.<\/p>\n<p style=\"text-align: justify;\">\u00abLa regi\u00f3n atraviesa una encrucijada: enfrentar este problema con soluciones f\u00e1ciles, pero con un da\u00f1o colateral dif\u00edcil de medir a futuro, o hacerlo de manera progresiva con medidas agro-sustentables\u00bb, se\u00f1al\u00f3 el seremi de Agricultura de Ays\u00e9n, reforzando la idea que, si bien la cuncunilla est\u00e1 presente, su impacto no ha alcanzado los niveles de cat\u00e1strofe que se han insinuado.<\/p>\n<p style=\"text-align: justify;\">Con esta inyecci\u00f3n de recursos, la regi\u00f3n apuesta por un modelo de intervenci\u00f3n que permita convivir con la plaga mientras se mitiga su avance, sin caer en falsas expectativas ni en el alarmismo. La invitaci\u00f3n a los productores es a informarse a trav\u00e9s de los canales t\u00e9cnicos y a participar en las capacitaciones para adoptar las herramientas que mejor se adapten a la realidad de cada predio, entendiendo que la fotograf\u00eda del da\u00f1o no es real y que, actualmente, el campo regional sigue en pie, produciendo y sin emergencias agr\u00edcola como algunos indican.<\/p>\n<\/div><\/section><\/div><div  style='height:50px' class='hr hr-invisible   avia-builder-el-6  el_after_av_one_full  el_before_av_social_share '><span class='hr-inner ' ><span class='hr-inner-style'><\/span><\/span><\/div><\/p>\n<div  class='av-social-sharing-box  avia-builder-el-7  el_after_av_hr  el_before_av_hr  '><div class='av-share-box'><h5 class='av-share-link-description av-no-toc '>Compartir esta noticia<\/h5><ul class='av-share-box-list noLightbox'><li class='av-share-link av-social-link-facebook' ><a target=\"_blank\" aria-label=\"Compartir en Facebook\" href='https:\/\/www.facebook.com\/sharer.php?u=https:\/\/radiorevelacionfm.cl\/?p=64589&#038;t=Seremi%20de%20Agricultura%20y%20manejo%20de%20la%20cuncunilla%20negra%3A%20%E2%80%9CLos%20n%C3%BAmeros%20no%20reflejan%20una%20cat%C3%A1strofe%20en%20el%20campo%E2%80%9D' aria-hidden='false' data-av_icon='\ue8f3' data-av_iconfont='entypo-fontello' title='' data-avia-related-tooltip='Compartir en Facebook' rel=\"noopener\"><span class='avia_hidden_link_text'>Compartir en Facebook<\/span><\/a><\/li><li class='av-share-link av-social-link-twitter' ><a target=\"_blank\" aria-label=\"Compartir en Twitter\" href='https:\/\/twitter.com\/share?text=Seremi%20de%20Agricultura%20y%20manejo%20de%20la%20cuncunilla%20negra%3A%20%E2%80%9CLos%20n%C3%BAmeros%20no%20reflejan%20una%20cat%C3%A1strofe%20en%20el%20campo%E2%80%9D&#038;url=https:\/\/radiorevelacionfm.cl\/?p=64589' aria-hidden='false' data-av_icon='\ue8f1' data-av_iconfont='entypo-fontello' title='' data-avia-related-tooltip='Compartir en Twitter' rel=\"noopener\"><span class='avia_hidden_link_text'>Compartir en Twitter<\/span><\/a><\/li><li class='av-share-link av-social-link-whatsapp' ><a target=\"_blank\" aria-label=\"Compartir en Whatsapp\" href='https:\/\/api.whatsapp.com\/send?text=https:\/\/radiorevelacionfm.cl\/?p=64589' aria-hidden='false' data-av_icon='\uf232' data-av_iconfont='entypo-fontello' title='' data-avia-related-tooltip='Compartir en Whatsapp' rel=\"noopener\"><span class='avia_hidden_link_text'>Compartir en Whatsapp<\/span><\/a><\/li><li class='av-share-link av-social-link-linkedin' ><a target=\"_blank\" aria-label=\"Compartir en LinkedIn\" href='https:\/\/linkedin.com\/shareArticle?mini=true&#038;title=Seremi%20de%20Agricultura%20y%20manejo%20de%20la%20cuncunilla%20negra%3A%20%E2%80%9CLos%20n%C3%BAmeros%20no%20reflejan%20una%20cat%C3%A1strofe%20en%20el%20campo%E2%80%9D&#038;url=https:\/\/radiorevelacionfm.cl\/?p=64589' aria-hidden='false' data-av_icon='\ue8fc' data-av_iconfont='entypo-fontello' title='' data-avia-related-tooltip='Compartir en LinkedIn' rel=\"noopener\"><span class='avia_hidden_link_text'>Compartir en LinkedIn<\/span><\/a><\/li><li class='av-share-link av-social-link-mail' ><a  aria-label=\"Compartir por correo\" href='mailto:?subject=Seremi%20de%20Agricultura%20y%20manejo%20de%20la%20cuncunilla%20negra%3A%20%E2%80%9CLos%20n%C3%BAmeros%20no%20reflejan%20una%20cat%C3%A1strofe%20en%20el%20campo%E2%80%9D&#038;body=https:\/\/radiorevelacionfm.cl\/?p=64589' aria-hidden='false' data-av_icon='\ue805' data-av_iconfont='entypo-fontello' title='' data-avia-related-tooltip='Compartir por correo'><span class='avia_hidden_link_text'>Compartir por correo<\/span><\/a><\/li><\/ul><\/div><\/div>\n<div  style='height:50px' class='hr hr-invisible   avia-builder-el-8  el_after_av_social_share  el_before_av_comments_list '><span class='hr-inner ' ><span class='hr-inner-style'><\/span><\/span><\/div>\n<div  class='av-buildercomment  av-blog-meta-html-info-disabled av-blog-meta-tag-disabled  '><\/div>\n","protected":false},"excerpt":{"rendered":"","protected":false},"author":1,"featured_media":64590,"comment_status":"closed","ping_status":"closed","sticky":false,"template":"","format":"standard","meta":{"footnotes":""},"categories":[58],"tags":[],"class_list":["post-64589","post","type-post","status-publish","format-standard","has-post-thumbnail","hentry","category-agricultura"],"jetpack_featured_media_url":"https:\/\/radiorevelacionfm.cl\/wp-content\/uploads\/2026\/02\/cerro_fardos-1_optimized.jpg","_links":{"self":[{"href":"https:\/\/radiorevelacionfm.cl\/index.php?rest_route=\/wp\/v2\/posts\/64589","targetHints":{"allow":["GET"]}}],"collection":[{"href":"https:\/\/radiorevelacionfm.cl\/index.php?rest_route=\/wp\/v2\/posts"}],"about":[{"href":"https:\/\/radiorevelacionfm.cl\/index.php?rest_route=\/wp\/v2\/types\/post"}],"author":[{"embeddable":true,"href":"https:\/\/radiorevelacionfm.cl\/index.php?rest_route=\/wp\/v2\/users\/1"}],"replies":[{"embeddable":true,"href":"https:\/\/radiorevelacionfm.cl\/index.php?rest_route=%2Fwp%2Fv2%2Fcomments&post=64589"}],"version-history":[{"count":2,"href":"https:\/\/radiorevelacionfm.cl\/index.php?rest_route=\/wp\/v2\/posts\/64589\/revisions"}],"predecessor-version":[{"id":64603,"href":"https:\/\/radiorevelacionfm.cl\/index.php?rest_route=\/wp\/v2\/posts\/64589\/revisions\/64603"}],"wp:featuredmedia":[{"embeddable":true,"href":"https:\/\/radiorevelacionfm.cl\/index.php?rest_route=\/wp\/v2\/media\/64590"}],"wp:attachment":[{"href":"https:\/\/radiorevelacionfm.cl\/index.php?rest_route=%2Fwp%2Fv2%2Fmedia&parent=64589"}],"wp:term":[{"taxonomy":"category","embeddable":true,"href":"https:\/\/radiorevelacionfm.cl\/index.php?rest_route=%2Fwp%2Fv2%2Fcategories&post=64589"},{"taxonomy":"post_tag","embeddable":true,"href":"https:\/\/radiorevelacionfm.cl\/index.php?rest_route=%2Fwp%2Fv2%2Ftags&post=64589"}],"curies":[{"name":"wp","href":"https:\/\/api.w.org\/{rel}","templated":true}]}}