{"id":64584,"date":"2026-02-26T19:12:52","date_gmt":"2026-02-26T22:12:52","guid":{"rendered":"https:\/\/radiorevelacionfm.cl\/?p=64584"},"modified":"2026-02-26T19:12:52","modified_gmt":"2026-02-26T22:12:52","slug":"declaran-alerta-preventiva-por-precipitaciones-y-peligro-de-remociones-en-masa-en-la-region-de-aysen","status":"publish","type":"post","link":"https:\/\/radiorevelacionfm.cl\/?p=64584","title":{"rendered":"Declaran Alerta Preventiva por precipitaciones y peligro de remociones en masa en la regi\u00f3n de Ays\u00e9n"},"content":{"rendered":"<div class=\"flex_column av_one_full  flex_column_div av-zero-column-padding first  avia-builder-el-0  el_before_av_one_full  avia-builder-el-first  \" style='border-radius:0px; '><div  class='avia-image-container  av-styling-    avia-builder-el-1  avia-builder-el-no-sibling  avia-align-center '  itemprop=\"image\" itemscope=\"itemscope\" itemtype=\"https:\/\/schema.org\/ImageObject\"  ><div class='avia-image-container-inner'><div class='avia-image-overlay-wrap'><img decoding=\"async\" class='wp-image-64585 avia-img-lazy-loading-not-64585 avia_image' src=\"https:\/\/radiorevelacionfm.cl\/wp-content\/uploads\/2026\/02\/derrumbe-puyuhuapi-2-1_optimized-1.jpg\" alt='' title='derrumbe-puyuhuapi-(2)-(1)_optimized (1)' height=\"600\" width=\"987\"  itemprop=\"thumbnailUrl\" srcset=\"https:\/\/radiorevelacionfm.cl\/wp-content\/uploads\/2026\/02\/derrumbe-puyuhuapi-2-1_optimized-1.jpg 987w, https:\/\/radiorevelacionfm.cl\/wp-content\/uploads\/2026\/02\/derrumbe-puyuhuapi-2-1_optimized-1-300x182.jpg 300w, https:\/\/radiorevelacionfm.cl\/wp-content\/uploads\/2026\/02\/derrumbe-puyuhuapi-2-1_optimized-1-768x467.jpg 768w, https:\/\/radiorevelacionfm.cl\/wp-content\/uploads\/2026\/02\/derrumbe-puyuhuapi-2-1_optimized-1-705x429.jpg 705w, https:\/\/radiorevelacionfm.cl\/wp-content\/uploads\/2026\/02\/derrumbe-puyuhuapi-2-1_optimized-1-450x274.jpg 450w, https:\/\/radiorevelacionfm.cl\/wp-content\/uploads\/2026\/02\/derrumbe-puyuhuapi-2-1_optimized-1-600x365.jpg 600w\" sizes=\"(max-width: 987px) 100vw, 987px\" \/><\/div><\/div><\/div><\/div><div class=\"flex_column av_one_full  flex_column_div av-zero-column-padding first  avia-builder-el-2  el_after_av_one_full  el_before_av_one_full  column-top-margin\" style='border-radius:0px; '><section class=\"av_textblock_section \"  itemscope=\"itemscope\" itemtype=\"https:\/\/schema.org\/BlogPosting\" itemprop=\"blogPost\" ><div class='avia_textblock  '   itemprop=\"text\" ><p style=\"text-align: center;\"><strong><span style=\"font-size: 18pt;\">Declaran Alerta Preventiva por precipitaciones y peligro de remociones en masa en la regi\u00f3n de Ays\u00e9n<\/span><\/strong><\/p>\n<div id=\"gtx-trans\" style=\"position: absolute; left: -50px; top: 4.31534px;\">\n<div class=\"gtx-trans-icon\"><\/div>\n<\/div>\n<\/div><\/section><\/div><div class=\"flex_column av_one_full  flex_column_div av-zero-column-padding first  avia-builder-el-4  el_after_av_one_full  el_before_av_hr  column-top-margin\" style='border-radius:0px; '><section class=\"av_textblock_section \"  itemscope=\"itemscope\" itemtype=\"https:\/\/schema.org\/BlogPosting\" itemprop=\"blogPost\" ><div class='avia_textblock  '   itemprop=\"text\" ><p style=\"text-align: justify;\">La Direcci\u00f3n Meteorol\u00f3gica de Chile (DMC) ha emitido el Informe de Amenaza Meteorol\u00f3gico del 26 de febrero a las 06:45 h y el aviso A82\/2026 del 25 de febrero emitidos a las 13:58 h; entre las regiones de La Araucan\u00eda y Ays\u00e9n. Sobre la base de estos antecedentes, SERNAGEOMIN considera una posibilidad de ocurrencia de remociones en masa <strong>Baja a Alta<\/strong>, tales como flujos de detritos (aluviones), deslizamientos y\/o ca\u00eddas de rocas (derrumbes).<\/p>\n<p style=\"text-align: justify;\">Situaci\u00f3n de avisos y alertas:<\/p>\n<p style=\"text-align: justify;\"><strong>AVISO A82\/2026 <\/strong><strong><em>\u201c<\/em><\/strong><strong>Precipitaciones Normales a Moderadas en zonas de las regiones de Los Lagos y Ays\u00e9n<em>\u201d. <\/em><\/strong>V\u00e1lido desde la ma\u00f1ana del viernes 27 de febrero del 2026 hasta la ma\u00f1ana del s\u00e1bado 28 de febrero del 2026.<\/p>\n<p style=\"text-align: justify;\">La definici\u00f3n de estos criterios est\u00e1 dada por:<\/p>\n<p style=\"text-align: justify;\"><strong>Posibilidad Baja de ocurrencia de Remociones en Masa<\/strong>: se estima que las precipitaciones pronosticadas son capaces de generar eventos menores. No se espera que ocurran remociones en masa en laderas en estado natural, sino asociadas a intervenciones humanas (taludes artificiales, deforestaci\u00f3n, intervenci\u00f3n de cauces u otros), o la reactivaci\u00f3n de remociones no estabilizadas.<\/p>\n<p style=\"text-align: justify;\"><strong>Posibilidad Moderada de ocurrencia de Remociones en Masa: <\/strong>se estima que las precipitaciones pronosticadas son capaces de generar procesos erosivos, remociones en masa locales en laderas (ca\u00eddas de roca y deslizamientos), crecidas y flujos aislados en quebradas, capaces de afectar caminos u otras estructuras. Se espera que ocurran remociones locales condicionadas por intervenciones humanas o la reactivaci\u00f3n de remociones no estabilizadas.<\/p>\n<p style=\"text-align: justify;\"><strong>Posibilidad Alta de ocurrencia de Remociones en Masa: <\/strong>se estima que las precipitaciones pronosticadas generar\u00e1n procesos erosivos, remociones en masa en laderas (ca\u00eddas de roca y deslizamientos), crecidas y flujos en quebradas, capaces de afectar extensiones importantes. Se espera que ocurran flujos en varios cauces, pudiendo bloquear rutas y afectar infraestructura.<\/p>\n<p style=\"text-align: justify;\"><strong>Posibilidad Muy Alta de ocurrencia de Remociones en Masa: <\/strong>se estima que las precipitaciones pronosticadas, es inminente la ocurrencia de procesos erosivos, remociones en masa en laderas (ca\u00eddas de roca y deslizamientos), crecidas y flujos en quebradas, eventos que pueden alcanzar gran magnitud e impacto, afectando extensiones kilom\u00e9tricas, siendo capaces de modificar el relieve y los cauces.<\/p>\n<p><span style=\"font-size: 18pt;\"><u>Regi\u00f3n de Ays\u00e9n<\/u><\/span><\/p>\n<p style=\"text-align: justify;\"><u>Situaci\u00f3n actual<\/u>: sobre la base de las condiciones pronosticadas por la DMC para la regi\u00f3n de Los Lagos (Tabla 1), la posibilidad de ocurrencia de aluviones (flujos de detritos) y derrumbes (deslizamientos, ca\u00eddas de rocas) para la regi\u00f3n es <strong>Moderada <\/strong>para las zonas de Patagonia Subandina y <strong>Alta <\/strong>para el resto de la regi\u00f3n. Este rango de peligro est\u00e1 basado en antecedentes y datos hist\u00f3ricos en la regi\u00f3n.<\/p>\n<p style=\"text-align: justify;\"><u>Antecedentes Generales:<\/u><\/p>\n<p style=\"text-align: justify;\">De acuerdo con el registro de eventos de remociones en masa (RM) producto de precipitaciones en esta regi\u00f3n, estas ocurren a lo largo de todo el a\u00f1o (concentr\u00e1ndose en temporada oto\u00f1o e invierno) gatilladas principalmente por precipitaciones intensas en corto periodo (sobre 100 mm\/24h). Este tipo de eventos cuando son frecuentes (3 d\u00edas consecutivos o m\u00e1s) generan una saturaci\u00f3n de agua en el suelo.<\/p>\n<p style=\"text-align: justify;\">A lo largo de la carretera austral (Ruta CH-7) se han registrado importantes desprendimientos y deslizamientos que afectan directamente al talud de la ruta, generado cortes en la misma. Destacan sectores como los alrededores de Puyuhuapi, La Junta, el acceso norte de Coyhaique y sector sur, adem\u00e1s de las cuestas y sectores con taludes de alto \u00e1ngulo y gran altura.<\/p>\n<p style=\"text-align: justify;\">Por otra parte, de acuerdo con el registro de RM, las de tipo flujo debido a desag\u00fces violentos de lagos glaciares (GLOF por sus siglas en ingl\u00e9s) han aumentado en las \u00faltimas d\u00e9cadas. Ante esto \u00faltimo, varios autores asocian esta tendencia al calentamiento global. Adem\u00e1s, el r\u00e1pido retroceso de glaciares observado en la regi\u00f3n ha expuesto laderas susceptibles a la ocurrencia de RM, las cuales son capaces de afectar grandes \u00e1reas aguas abajo.<\/p>\n<p style=\"text-align: justify;\"><span style=\"font-size: 12pt;\">RECOMENDACIONES GENERALES<\/span><\/p>\n<ul style=\"text-align: justify;\">\n<li>Se recomienda considerar como zonas cr\u00edticas todos aquellos sectores que hayan sido afectados anteriormente por fen\u00f3menos de remociones en masa e<\/li>\n<li>Monitorear permanentemente el caudal de las quebradas, poniendo atenci\u00f3n a los aumentos s\u00fabitos de escorrent\u00eda, los que son indicadores de posibles aluviones y\/o inundaciones. Asimismo, poner atenci\u00f3n a la disminuci\u00f3n abrupta del caudal, lo que podr\u00eda significar un represamiento del cauce aguas arriba del punto de observaci\u00f3n.<\/li>\n<li>Conducir con precauci\u00f3n, evitar y alertar a veh\u00edculos que circulen por las rutas de zonas precordilleranas y cordilleranas de las regiones que presentar\u00e1n precipitaciones seg\u00fan los montos y d\u00edas indicados.<\/li>\n<li>Alertar a pobladores para que tomen las precauciones del caso y pongan atenci\u00f3n a los caudales de quebradas y escorrent\u00edas en las laderas y taludes en las cercan\u00edas de los lugares que habitan.<\/li>\n<li>Dado lo expuesto en esta minuta, se recomienda al Coordinador del Sistema de Protecci\u00f3n Civil considerar los niveles de alerta acorde a las recomendaciones planteadas con tal de disponer del personal y material necesario para atender este evento en desarrollo y su constante monitoreo en terreno.<\/li>\n<li>En caso de no concretarse el pron\u00f3stico con el cual se elabor\u00f3 la presente minuta, esta queda sin validez.<\/li>\n<\/ul>\n<p style=\"text-align: justify;\">Minuta elaborada por la Unidad de Asistencias T\u00e9cnicas y Emergencias Geol\u00f3gicas y Oficina de Gesti\u00f3n de Emergencias del SERNAGEOMIN. <strong>Emitido: 26 de febrero 15:20 h.<\/strong><\/p>\n<\/div><\/section><\/div><div  style='height:50px' class='hr hr-invisible   avia-builder-el-6  el_after_av_one_full  el_before_av_social_share '><span class='hr-inner ' ><span class='hr-inner-style'><\/span><\/span><\/div><\/p>\n<div  class='av-social-sharing-box  avia-builder-el-7  el_after_av_hr  el_before_av_hr  '><div class='av-share-box'><h5 class='av-share-link-description av-no-toc '>Compartir esta noticia<\/h5><ul class='av-share-box-list noLightbox'><li class='av-share-link av-social-link-facebook' ><a target=\"_blank\" aria-label=\"Compartir en Facebook\" href='https:\/\/www.facebook.com\/sharer.php?u=https:\/\/radiorevelacionfm.cl\/?p=64584&#038;t=Declaran%20Alerta%20Preventiva%20por%20precipitaciones%20y%20peligro%20de%20remociones%20en%20masa%20en%20la%20regi%C3%B3n%20de%20Ays%C3%A9n' aria-hidden='false' data-av_icon='\ue8f3' data-av_iconfont='entypo-fontello' title='' data-avia-related-tooltip='Compartir en Facebook' rel=\"noopener\"><span class='avia_hidden_link_text'>Compartir en Facebook<\/span><\/a><\/li><li class='av-share-link av-social-link-twitter' ><a target=\"_blank\" aria-label=\"Compartir en Twitter\" href='https:\/\/twitter.com\/share?text=Declaran%20Alerta%20Preventiva%20por%20precipitaciones%20y%20peligro%20de%20remociones%20en%20masa%20en%20la%20regi%C3%B3n%20de%20Ays%C3%A9n&#038;url=https:\/\/radiorevelacionfm.cl\/?p=64584' aria-hidden='false' data-av_icon='\ue8f1' data-av_iconfont='entypo-fontello' title='' data-avia-related-tooltip='Compartir en Twitter' rel=\"noopener\"><span class='avia_hidden_link_text'>Compartir en Twitter<\/span><\/a><\/li><li class='av-share-link av-social-link-whatsapp' ><a target=\"_blank\" aria-label=\"Compartir en Whatsapp\" href='https:\/\/api.whatsapp.com\/send?text=https:\/\/radiorevelacionfm.cl\/?p=64584' aria-hidden='false' data-av_icon='\uf232' data-av_iconfont='entypo-fontello' title='' data-avia-related-tooltip='Compartir en Whatsapp' rel=\"noopener\"><span class='avia_hidden_link_text'>Compartir en Whatsapp<\/span><\/a><\/li><li class='av-share-link av-social-link-linkedin' ><a target=\"_blank\" aria-label=\"Compartir en LinkedIn\" href='https:\/\/linkedin.com\/shareArticle?mini=true&#038;title=Declaran%20Alerta%20Preventiva%20por%20precipitaciones%20y%20peligro%20de%20remociones%20en%20masa%20en%20la%20regi%C3%B3n%20de%20Ays%C3%A9n&#038;url=https:\/\/radiorevelacionfm.cl\/?p=64584' aria-hidden='false' data-av_icon='\ue8fc' data-av_iconfont='entypo-fontello' title='' data-avia-related-tooltip='Compartir en LinkedIn' rel=\"noopener\"><span class='avia_hidden_link_text'>Compartir en LinkedIn<\/span><\/a><\/li><li class='av-share-link av-social-link-mail' ><a  aria-label=\"Compartir por correo\" href='mailto:?subject=Declaran%20Alerta%20Preventiva%20por%20precipitaciones%20y%20peligro%20de%20remociones%20en%20masa%20en%20la%20regi%C3%B3n%20de%20Ays%C3%A9n&#038;body=https:\/\/radiorevelacionfm.cl\/?p=64584' aria-hidden='false' data-av_icon='\ue805' data-av_iconfont='entypo-fontello' title='' data-avia-related-tooltip='Compartir por correo'><span class='avia_hidden_link_text'>Compartir por correo<\/span><\/a><\/li><\/ul><\/div><\/div>\n<div  style='height:50px' class='hr hr-invisible   avia-builder-el-8  el_after_av_social_share  el_before_av_comments_list '><span class='hr-inner ' ><span class='hr-inner-style'><\/span><\/span><\/div>\n<div  class='av-buildercomment  av-blog-meta-html-info-disabled av-blog-meta-tag-disabled  '><\/div>\n","protected":false},"excerpt":{"rendered":"","protected":false},"author":1,"featured_media":64585,"comment_status":"closed","ping_status":"closed","sticky":false,"template":"","format":"standard","meta":{"footnotes":""},"categories":[38],"tags":[],"class_list":["post-64584","post","type-post","status-publish","format-standard","has-post-thumbnail","hentry","category-regional"],"jetpack_featured_media_url":"https:\/\/radiorevelacionfm.cl\/wp-content\/uploads\/2026\/02\/derrumbe-puyuhuapi-2-1_optimized-1.jpg","_links":{"self":[{"href":"https:\/\/radiorevelacionfm.cl\/index.php?rest_route=\/wp\/v2\/posts\/64584","targetHints":{"allow":["GET"]}}],"collection":[{"href":"https:\/\/radiorevelacionfm.cl\/index.php?rest_route=\/wp\/v2\/posts"}],"about":[{"href":"https:\/\/radiorevelacionfm.cl\/index.php?rest_route=\/wp\/v2\/types\/post"}],"author":[{"embeddable":true,"href":"https:\/\/radiorevelacionfm.cl\/index.php?rest_route=\/wp\/v2\/users\/1"}],"replies":[{"embeddable":true,"href":"https:\/\/radiorevelacionfm.cl\/index.php?rest_route=%2Fwp%2Fv2%2Fcomments&post=64584"}],"version-history":[{"count":2,"href":"https:\/\/radiorevelacionfm.cl\/index.php?rest_route=\/wp\/v2\/posts\/64584\/revisions"}],"predecessor-version":[{"id":64587,"href":"https:\/\/radiorevelacionfm.cl\/index.php?rest_route=\/wp\/v2\/posts\/64584\/revisions\/64587"}],"wp:featuredmedia":[{"embeddable":true,"href":"https:\/\/radiorevelacionfm.cl\/index.php?rest_route=\/wp\/v2\/media\/64585"}],"wp:attachment":[{"href":"https:\/\/radiorevelacionfm.cl\/index.php?rest_route=%2Fwp%2Fv2%2Fmedia&parent=64584"}],"wp:term":[{"taxonomy":"category","embeddable":true,"href":"https:\/\/radiorevelacionfm.cl\/index.php?rest_route=%2Fwp%2Fv2%2Fcategories&post=64584"},{"taxonomy":"post_tag","embeddable":true,"href":"https:\/\/radiorevelacionfm.cl\/index.php?rest_route=%2Fwp%2Fv2%2Ftags&post=64584"}],"curies":[{"name":"wp","href":"https:\/\/api.w.org\/{rel}","templated":true}]}}