{"id":64581,"date":"2026-02-26T20:19:51","date_gmt":"2026-02-26T23:19:51","guid":{"rendered":"https:\/\/radiorevelacionfm.cl\/?p=64581"},"modified":"2026-02-26T20:19:51","modified_gmt":"2026-02-26T23:19:51","slug":"integra-impulsa-espacios-de-reflexion-pedagogica-antes-del-inicio-del-ano-parvulario","status":"publish","type":"post","link":"https:\/\/radiorevelacionfm.cl\/?p=64581","title":{"rendered":"Integra impulsa espacios de reflexi\u00f3n pedag\u00f3gica antes del inicio del A\u00f1o Parvulario"},"content":{"rendered":"<div class=\"flex_column av_one_full  flex_column_div av-zero-column-padding first  avia-builder-el-0  el_before_av_one_full  avia-builder-el-first  \" style='border-radius:0px; '><div  class='avia-image-container  av-styling-    avia-builder-el-1  avia-builder-el-no-sibling  avia-align-center '  itemprop=\"image\" itemscope=\"itemscope\" itemtype=\"https:\/\/schema.org\/ImageObject\"  ><div class='avia-image-container-inner'><div class='avia-image-overlay-wrap'><img decoding=\"async\" class='wp-image-64582 avia-img-lazy-loading-not-64582 avia_image' src=\"https:\/\/radiorevelacionfm.cl\/wp-content\/uploads\/2026\/02\/4-73-1-1.jpeg\" alt='' title='4 (73) (1) (1)' height=\"600\" width=\"800\"  itemprop=\"thumbnailUrl\" srcset=\"https:\/\/radiorevelacionfm.cl\/wp-content\/uploads\/2026\/02\/4-73-1-1.jpeg 800w, https:\/\/radiorevelacionfm.cl\/wp-content\/uploads\/2026\/02\/4-73-1-1-300x225.jpeg 300w, https:\/\/radiorevelacionfm.cl\/wp-content\/uploads\/2026\/02\/4-73-1-1-768x576.jpeg 768w, https:\/\/radiorevelacionfm.cl\/wp-content\/uploads\/2026\/02\/4-73-1-1-705x529.jpeg 705w, https:\/\/radiorevelacionfm.cl\/wp-content\/uploads\/2026\/02\/4-73-1-1-450x338.jpeg 450w, https:\/\/radiorevelacionfm.cl\/wp-content\/uploads\/2026\/02\/4-73-1-1-600x450.jpeg 600w\" sizes=\"(max-width: 800px) 100vw, 800px\" \/><\/div><\/div><\/div><\/div><div class=\"flex_column av_one_full  flex_column_div av-zero-column-padding first  avia-builder-el-2  el_after_av_one_full  el_before_av_one_full  column-top-margin\" style='border-radius:0px; '><section class=\"av_textblock_section \"  itemscope=\"itemscope\" itemtype=\"https:\/\/schema.org\/BlogPosting\" itemprop=\"blogPost\" ><div class='avia_textblock  '   itemprop=\"text\" ><p style=\"text-align: center;\"><strong><span style=\"font-size: 18pt;\">Integra impulsa espacios de reflexi\u00f3n pedag\u00f3gica antes del inicio del A\u00f1o Parvulario<\/span><\/strong><\/p>\n<div id=\"gtx-trans\" style=\"position: absolute; left: -50px; top: 4.31534px;\">\n<div class=\"gtx-trans-icon\"><\/div>\n<\/div>\n<\/div><\/section><\/div><div class=\"flex_column av_one_full  flex_column_div av-zero-column-padding first  avia-builder-el-4  el_after_av_one_full  el_before_av_hr  column-top-margin\" style='border-radius:0px; '><section class=\"av_textblock_section \"  itemscope=\"itemscope\" itemtype=\"https:\/\/schema.org\/BlogPosting\" itemprop=\"blogPost\" ><div class='avia_textblock  '   itemprop=\"text\" ><p style=\"font-weight: 400; text-align: justify;\"><em>A trav\u00e9s del Hito 1 del Programa Nacional de Formaci\u00f3n Bienal 2025-2026, equipos educativos de toda la regi\u00f3n analizaron sus pr\u00e1cticas desde la mirada de ni\u00f1as y ni\u00f1os, promoviendo mejoras concretas en interacciones, espacios y tiempos educativos.<\/em><\/p>\n<p style=\"font-weight: 400; text-align: justify;\">La iniciativa se enmarca en el programa \u201cEducaci\u00f3n Transformadora para el Desarrollo Humano y Sostenible\u201d, que busca fortalecer pr\u00e1cticas pedag\u00f3gicas contextualizadas, inclusivas y centradas en el bienestar y protagonismo de ni\u00f1as y ni\u00f1os.<\/p>\n<p style=\"font-weight: 400; text-align: justify;\">Con foco en la reflexi\u00f3n colectiva y el fortalecimiento de pr\u00e1cticas transformadoras, los equipos educativos de Fundaci\u00f3n Integra de todo el pa\u00eds participaron del Hito 1 \u201cAmbientes para el encuentro y el aprendizaje\u201d, instancia formativa que invit\u00f3 a observar y analizar los jardines infantiles desde la altura de una ni\u00f1a o un ni\u00f1o, promoviendo mejoras significativas en los espacios, interacciones y organizaci\u00f3n del tiempo educativo.<\/p>\n<p style=\"font-weight: 400; text-align: justify;\">En el marco del Programa Nacional de Formaci\u00f3n Bienal 2025-2026, denominado \u201cEducaci\u00f3n Transformadora para el Desarrollo Humano y Sostenible: Un Desaf\u00edo para Equipos Educativos de Fundaci\u00f3n Integra\u201d, las Comunidades en Aprendizaje (CenA) desarrollaron un proceso de exploraci\u00f3n y an\u00e1lisis cr\u00edtico de sus propios contextos educativos.<\/p>\n<p style=\"font-weight: 400; text-align: justify;\">La metodolog\u00eda del Hito 1 contempl\u00f3 instancias de recorrido por los espacios educativos, conversatorios reflexivos, construcci\u00f3n de problem\u00e1ticas compartidas y dise\u00f1o de l\u00edneas de acci\u00f3n concretas, integrando roles definidos al interior de cada comunidad para fortalecer un liderazgo distribuido y colaborativo.<\/p>\n<p style=\"font-weight: 400; text-align: justify;\">Este ejercicio permiti\u00f3 que los equipos pudieran identificar oportunidades de mejora en tres dimensiones clave: interacciones humanas, espacios f\u00edsicos y recursos, y organizaci\u00f3n del tiempo pedag\u00f3gico. A partir de ello, se definieron l\u00edneas de acci\u00f3n orientadas a impactar positivamente la experiencia cotidiana de ni\u00f1as y ni\u00f1os, promoviendo ambientes bientratantes, inclusivos y desafiantes para el aprendizaje.<\/p>\n<p style=\"font-weight: 400; text-align: justify;\">Ver\u00f3nica C\u00e1rcamo Galaz, Jefa Territorial de Calidad Educativa de Fundaci\u00f3n Integra de la regi\u00f3n de Ays\u00e9n destac\u00f3 que \u201cunos de los grandes logros que hemos tenido como instituci\u00f3n es que hemos podido instalar, durante muchos a\u00f1os, la Formaci\u00f3n Continua de todos los equipos educativos, lo que se transforma en un tremendo beneficio para las ni\u00f1as y ni\u00f1os, porque en Educaci\u00f3n siempre tenemos que estar preparados, perfeccionarnos y en la b\u00fasqueda de distintas estrategias que nos permitan motivar a ni\u00f1as y ni\u00f1os y en espacios que sean seguros y confortables para ellas y ellos\u201d.<\/p>\n<p style=\"font-weight: 400; text-align: justify;\">La instancia formativa no solo fortaleci\u00f3 el an\u00e1lisis pedag\u00f3gico, sino que tambi\u00e9n consolid\u00f3 espacios de confianza y colaboraci\u00f3n entre los equipos, favoreciendo una cultura de mejora continua con sentido territorial y pertinencia a cada comunidad educativa.<\/p>\n<p style=\"font-weight: 400; text-align: justify;\">El trabajo desarrollado durante este Hito contempla adem\u00e1s un seguimiento a las l\u00edneas de acci\u00f3n implementadas, asegurando que las reflexiones se traduzcan en pr\u00e1cticas concretas que contribuyan al bienestar integral y al desarrollo pleno de ni\u00f1as y ni\u00f1os.<\/p>\n<p style=\"font-weight: 400; text-align: justify;\">La Jefa Territorial de Calidad Educativa, a pocos d\u00edas del comienzo en la atenci\u00f3n de ni\u00f1as y ni\u00f1os reforz\u00f3 su mensaje a las familias a \u201cser parte de las distintas comunidades educativas. Darles la confianza y seguridad de que tenemos equipos educativos comprometidos y profesionales capaces de relevar y potenciar las caracter\u00edsticas de ni\u00f1as y ni\u00f1os, propiciando pr\u00e1cticas pedag\u00f3gicas acordes de las necesidades de las ni\u00f1as y ni\u00f1os de hoy\u201d.<\/p>\n<p style=\"font-weight: 400; text-align: justify;\">De esta manera, Fundaci\u00f3n Integra reafirma su compromiso con una educaci\u00f3n transformadora que sit\u00faa a ni\u00f1as y ni\u00f1os en el centro del quehacer institucional, fortaleciendo equipos educativos reflexivos, comprometidos y orientados a generar experiencias de aprendizaje significativas y sostenibles en el tiempo.<\/p>\n<\/div><\/section><\/div><div  style='height:50px' class='hr hr-invisible   avia-builder-el-6  el_after_av_one_full  el_before_av_social_share '><span class='hr-inner ' ><span class='hr-inner-style'><\/span><\/span><\/div><\/p>\n<div  class='av-social-sharing-box  avia-builder-el-7  el_after_av_hr  el_before_av_hr  '><div class='av-share-box'><h5 class='av-share-link-description av-no-toc '>Compartir esta noticia<\/h5><ul class='av-share-box-list noLightbox'><li class='av-share-link av-social-link-facebook' ><a target=\"_blank\" aria-label=\"Compartir en Facebook\" href='https:\/\/www.facebook.com\/sharer.php?u=https:\/\/radiorevelacionfm.cl\/?p=64581&#038;t=Integra%20impulsa%20espacios%20de%20reflexi%C3%B3n%20pedag%C3%B3gica%20antes%20del%20inicio%20del%20A%C3%B1o%20Parvulario' aria-hidden='false' data-av_icon='\ue8f3' data-av_iconfont='entypo-fontello' title='' data-avia-related-tooltip='Compartir en Facebook' rel=\"noopener\"><span class='avia_hidden_link_text'>Compartir en Facebook<\/span><\/a><\/li><li class='av-share-link av-social-link-twitter' ><a target=\"_blank\" aria-label=\"Compartir en Twitter\" href='https:\/\/twitter.com\/share?text=Integra%20impulsa%20espacios%20de%20reflexi%C3%B3n%20pedag%C3%B3gica%20antes%20del%20inicio%20del%20A%C3%B1o%20Parvulario&#038;url=https:\/\/radiorevelacionfm.cl\/?p=64581' aria-hidden='false' data-av_icon='\ue8f1' data-av_iconfont='entypo-fontello' title='' data-avia-related-tooltip='Compartir en Twitter' rel=\"noopener\"><span class='avia_hidden_link_text'>Compartir en Twitter<\/span><\/a><\/li><li class='av-share-link av-social-link-whatsapp' ><a target=\"_blank\" aria-label=\"Compartir en Whatsapp\" href='https:\/\/api.whatsapp.com\/send?text=https:\/\/radiorevelacionfm.cl\/?p=64581' aria-hidden='false' data-av_icon='\uf232' data-av_iconfont='entypo-fontello' title='' data-avia-related-tooltip='Compartir en Whatsapp' rel=\"noopener\"><span class='avia_hidden_link_text'>Compartir en Whatsapp<\/span><\/a><\/li><li class='av-share-link av-social-link-linkedin' ><a target=\"_blank\" aria-label=\"Compartir en LinkedIn\" href='https:\/\/linkedin.com\/shareArticle?mini=true&#038;title=Integra%20impulsa%20espacios%20de%20reflexi%C3%B3n%20pedag%C3%B3gica%20antes%20del%20inicio%20del%20A%C3%B1o%20Parvulario&#038;url=https:\/\/radiorevelacionfm.cl\/?p=64581' aria-hidden='false' data-av_icon='\ue8fc' data-av_iconfont='entypo-fontello' title='' data-avia-related-tooltip='Compartir en LinkedIn' rel=\"noopener\"><span class='avia_hidden_link_text'>Compartir en LinkedIn<\/span><\/a><\/li><li class='av-share-link av-social-link-mail' ><a  aria-label=\"Compartir por correo\" href='mailto:?subject=Integra%20impulsa%20espacios%20de%20reflexi%C3%B3n%20pedag%C3%B3gica%20antes%20del%20inicio%20del%20A%C3%B1o%20Parvulario&#038;body=https:\/\/radiorevelacionfm.cl\/?p=64581' aria-hidden='false' data-av_icon='\ue805' data-av_iconfont='entypo-fontello' title='' data-avia-related-tooltip='Compartir por correo'><span class='avia_hidden_link_text'>Compartir por correo<\/span><\/a><\/li><\/ul><\/div><\/div>\n<div  style='height:50px' class='hr hr-invisible   avia-builder-el-8  el_after_av_social_share  el_before_av_comments_list '><span class='hr-inner ' ><span class='hr-inner-style'><\/span><\/span><\/div>\n<div  class='av-buildercomment  av-blog-meta-html-info-disabled av-blog-meta-tag-disabled  '><\/div>\n","protected":false},"excerpt":{"rendered":"","protected":false},"author":1,"featured_media":64582,"comment_status":"closed","ping_status":"closed","sticky":false,"template":"","format":"standard","meta":{"footnotes":""},"categories":[49],"tags":[],"class_list":["post-64581","post","type-post","status-publish","format-standard","has-post-thumbnail","hentry","category-educacion"],"jetpack_featured_media_url":"https:\/\/radiorevelacionfm.cl\/wp-content\/uploads\/2026\/02\/4-73-1-1.jpeg","_links":{"self":[{"href":"https:\/\/radiorevelacionfm.cl\/index.php?rest_route=\/wp\/v2\/posts\/64581","targetHints":{"allow":["GET"]}}],"collection":[{"href":"https:\/\/radiorevelacionfm.cl\/index.php?rest_route=\/wp\/v2\/posts"}],"about":[{"href":"https:\/\/radiorevelacionfm.cl\/index.php?rest_route=\/wp\/v2\/types\/post"}],"author":[{"embeddable":true,"href":"https:\/\/radiorevelacionfm.cl\/index.php?rest_route=\/wp\/v2\/users\/1"}],"replies":[{"embeddable":true,"href":"https:\/\/radiorevelacionfm.cl\/index.php?rest_route=%2Fwp%2Fv2%2Fcomments&post=64581"}],"version-history":[{"count":2,"href":"https:\/\/radiorevelacionfm.cl\/index.php?rest_route=\/wp\/v2\/posts\/64581\/revisions"}],"predecessor-version":[{"id":64588,"href":"https:\/\/radiorevelacionfm.cl\/index.php?rest_route=\/wp\/v2\/posts\/64581\/revisions\/64588"}],"wp:featuredmedia":[{"embeddable":true,"href":"https:\/\/radiorevelacionfm.cl\/index.php?rest_route=\/wp\/v2\/media\/64582"}],"wp:attachment":[{"href":"https:\/\/radiorevelacionfm.cl\/index.php?rest_route=%2Fwp%2Fv2%2Fmedia&parent=64581"}],"wp:term":[{"taxonomy":"category","embeddable":true,"href":"https:\/\/radiorevelacionfm.cl\/index.php?rest_route=%2Fwp%2Fv2%2Fcategories&post=64581"},{"taxonomy":"post_tag","embeddable":true,"href":"https:\/\/radiorevelacionfm.cl\/index.php?rest_route=%2Fwp%2Fv2%2Ftags&post=64581"}],"curies":[{"name":"wp","href":"https:\/\/api.w.org\/{rel}","templated":true}]}}