{"id":6458,"date":"2021-07-20T18:51:47","date_gmt":"2021-07-20T21:51:47","guid":{"rendered":"https:\/\/radiorevelacionfm.cl\/?p=6458"},"modified":"2021-07-20T18:51:47","modified_gmt":"2021-07-20T21:51:47","slug":"expresidente-del-core-sergio-gonzalez-realiza-saludo-protocolar-a-delegada-presidencial","status":"publish","type":"post","link":"https:\/\/radiorevelacionfm.cl\/?p=6458","title":{"rendered":"Expresidente del CORE Sergio Gonz\u00e1lez realiza saludo protocolar a Delegada Presidencial"},"content":{"rendered":"<div class=\"flex_column av_one_full  flex_column_div av-zero-column-padding first  avia-builder-el-0  el_before_av_one_full  avia-builder-el-first  \" style='border-radius:0px; '><div  class='avia-image-container  av-styling-    avia-builder-el-1  avia-builder-el-no-sibling  avia-align-center '  itemprop=\"image\" itemscope=\"itemscope\" itemtype=\"https:\/\/schema.org\/ImageObject\"  ><div class='avia-image-container-inner'><div class='avia-image-overlay-wrap'><img decoding=\"async\" class='wp-image-6459 avia-img-lazy-loading-not-6459 avia_image' src=\"https:\/\/radiorevelacionfm.cl\/wp-content\/uploads\/2021\/07\/IMG_0965-1-1-1.jpg\" alt='' title='IMG_0965 (1) (1) (1)' height=\"600\" width=\"1023\"  itemprop=\"thumbnailUrl\" srcset=\"https:\/\/radiorevelacionfm.cl\/wp-content\/uploads\/2021\/07\/IMG_0965-1-1-1.jpg 1023w, https:\/\/radiorevelacionfm.cl\/wp-content\/uploads\/2021\/07\/IMG_0965-1-1-1-300x176.jpg 300w, https:\/\/radiorevelacionfm.cl\/wp-content\/uploads\/2021\/07\/IMG_0965-1-1-1-768x450.jpg 768w, https:\/\/radiorevelacionfm.cl\/wp-content\/uploads\/2021\/07\/IMG_0965-1-1-1-705x413.jpg 705w, https:\/\/radiorevelacionfm.cl\/wp-content\/uploads\/2021\/07\/IMG_0965-1-1-1-600x352.jpg 600w\" sizes=\"(max-width: 1023px) 100vw, 1023px\" \/><\/div><\/div><\/div><\/div><div class=\"flex_column av_one_full  flex_column_div av-zero-column-padding first  avia-builder-el-2  el_after_av_one_full  el_before_av_one_full  column-top-margin\" style='border-radius:0px; '><section class=\"av_textblock_section \"  itemscope=\"itemscope\" itemtype=\"https:\/\/schema.org\/BlogPosting\" itemprop=\"blogPost\" ><div class='avia_textblock  '   itemprop=\"text\" ><p class=\"v1MsoNormal\" align=\"center\"><span style=\"font-size: 18pt;\"><b>Expresidente del CORE Sergio Gonz\u00e1lez realiza <\/b><b>saludo protocolar a Delegada Presidencial<\/b><\/span><\/p>\n<div id=\"gtx-trans\" style=\"position: absolute; left: -50px; top: 4.31534px;\">\n<div class=\"gtx-trans-icon\"><\/div>\n<\/div>\n<\/div><\/section><\/div><div class=\"flex_column av_one_full  flex_column_div av-zero-column-padding first  avia-builder-el-4  el_after_av_one_full  el_before_av_hr  column-top-margin\" style='border-radius:0px; '><section class=\"av_textblock_section \"  itemscope=\"itemscope\" itemtype=\"https:\/\/schema.org\/BlogPosting\" itemprop=\"blogPost\" ><div class='avia_textblock  '   itemprop=\"text\" ><p class=\"v1MsoNormal\" style=\"text-align: justify;\">Un saludo protocolar a la Delegada Presidencial, Margarita Ossa, realiz\u00f3 el consejero regional por la provincia de Ays\u00e9n, en su calidad de presidente saliente del Consejo Regional, Sergio Gonz\u00e1lez B\u00f3rquez.<\/p>\n<p class=\"v1MsoNormal\" style=\"text-align: justify;\">\u00abLa visita obedece a como ex presidente, expresar el agradecimiento por todo el apoyo que tuvimos dentro de mi per\u00edodo como presidente del Consejo Regional. Hubo un trabajo que se realiz\u00f3 de muy buena manera, con voluntades, aqu\u00ed nadie hace las cosas solos, tenemos una coordinaci\u00f3n entre el Consejo Regional con el Ejecutivo para sacar las cosas adelante y los proyectos. As\u00ed es que la idea es seguir relacion\u00e1ndonos para avanzar en las metas de desarrollo de nuestra regi\u00f3n, como tambi\u00e9n lo vamos a hacer con nuestra gobernadora Andrea Mac\u00edas\u00bb, indic\u00f3.<\/p>\n<p class=\"v1MsoNormal\" style=\"text-align: justify;\">Margarita Ossa coincidi\u00f3 en la disposici\u00f3n a continuar un trabajo mancomunado. \u00abLe agradec\u00ed y reconoc\u00ed el trabajo que hemos hecho en forma mancomunada con el Consejo Regional, es un Consejo que tiene una mirada de regi\u00f3n muy importante y eso es lo que tiene que proyectarse en el tiempo, porque \u2013en definitiva- tanto los consejeros, la Gobernadora como esta Delegada, tenemos que trabajar de forma unida, para que la regi\u00f3n se vea beneficiada y siga avanzando como corresponde, para que podamos tener logros importantes de cara a las personas\u00bb, indic\u00f3.<\/p>\n<p class=\"v1MsoNormal\" style=\"text-align: justify;\">Cabe se\u00f1alar que la Gobernadora Regional preside el Consejo Regional y debe coordinarse con los dem\u00e1s \u00f3rganos y servicios p\u00fablicos. Le corresponde tambi\u00e9n la coordinaci\u00f3n, supervigilancia o fiscalizaci\u00f3n de los servicios p\u00fablicos que dependen o se relacionan con el Gobierno Regional.<\/p>\n<p class=\"v1MsoNormal\" style=\"text-align: justify;\">Adem\u00e1s, debe asignar los recursos del o de los programas de inversi\u00f3n del Gobierno Regional, de los programas de inversi\u00f3n sectorial de asignaci\u00f3n regional y aquellos que corresponda en virtud de transferencias de competencias que haga el Presidente de la Rep\u00fablica.<\/p>\n<p class=\"v1MsoNormal\" style=\"text-align: justify;\">Tiene entre sus funciones el formular pol\u00edticas de desarrollo de la regi\u00f3n, considerando las pol\u00edticas y planes comunales respectivos y representar judicial y extrajudicialmente al gobierno regional, pudiendo ejecutar los actos y celebrar los contratos de su competencia o los que le encomiende el consejo.<\/p>\n<p class=\"v1MsoNormal\" style=\"text-align: justify;\">A su vez, el delegado presidencial ejerce el gobierno interior de cada regi\u00f3n. Es el representante natural e inmediato del Presidente de la Rep\u00fablica en el territorio de su jurisdicci\u00f3n, siendo nombrado por el jefe del Estado y manteni\u00e9ndose en sus funciones mientras cuente con su confianza.<\/p>\n<\/div><\/section><\/div><div  style='height:50px' class='hr hr-invisible   avia-builder-el-6  el_after_av_one_full  el_before_av_social_share '><span class='hr-inner ' ><span class='hr-inner-style'><\/span><\/span><\/div><\/p>\n<div  class='av-social-sharing-box  avia-builder-el-7  el_after_av_hr  el_before_av_hr  '><div class='av-share-box'><h5 class='av-share-link-description av-no-toc '>Compartir esta noticia<\/h5><ul class='av-share-box-list noLightbox'><li class='av-share-link av-social-link-facebook' ><a target=\"_blank\" aria-label=\"Compartir en Facebook\" href='https:\/\/www.facebook.com\/sharer.php?u=https:\/\/radiorevelacionfm.cl\/?p=6458&#038;t=Expresidente%20del%20CORE%20Sergio%20Gonz%C3%A1lez%20realiza%20saludo%20protocolar%20a%20Delegada%20Presidencial' aria-hidden='false' data-av_icon='\ue8f3' data-av_iconfont='entypo-fontello' title='' data-avia-related-tooltip='Compartir en Facebook' rel=\"noopener\"><span class='avia_hidden_link_text'>Compartir en Facebook<\/span><\/a><\/li><li class='av-share-link av-social-link-twitter' ><a target=\"_blank\" aria-label=\"Compartir en Twitter\" href='https:\/\/twitter.com\/share?text=Expresidente%20del%20CORE%20Sergio%20Gonz%C3%A1lez%20realiza%20saludo%20protocolar%20a%20Delegada%20Presidencial&#038;url=https:\/\/radiorevelacionfm.cl\/?p=6458' aria-hidden='false' data-av_icon='\ue8f1' data-av_iconfont='entypo-fontello' title='' data-avia-related-tooltip='Compartir en Twitter' rel=\"noopener\"><span class='avia_hidden_link_text'>Compartir en Twitter<\/span><\/a><\/li><li class='av-share-link av-social-link-whatsapp' ><a target=\"_blank\" aria-label=\"Compartir en Whatsapp\" href='https:\/\/api.whatsapp.com\/send?text=https:\/\/radiorevelacionfm.cl\/?p=6458' aria-hidden='false' data-av_icon='\uf232' data-av_iconfont='entypo-fontello' title='' data-avia-related-tooltip='Compartir en Whatsapp' rel=\"noopener\"><span class='avia_hidden_link_text'>Compartir en Whatsapp<\/span><\/a><\/li><li class='av-share-link av-social-link-linkedin' ><a target=\"_blank\" aria-label=\"Compartir en LinkedIn\" href='https:\/\/linkedin.com\/shareArticle?mini=true&#038;title=Expresidente%20del%20CORE%20Sergio%20Gonz%C3%A1lez%20realiza%20saludo%20protocolar%20a%20Delegada%20Presidencial&#038;url=https:\/\/radiorevelacionfm.cl\/?p=6458' aria-hidden='false' data-av_icon='\ue8fc' data-av_iconfont='entypo-fontello' title='' data-avia-related-tooltip='Compartir en LinkedIn' rel=\"noopener\"><span class='avia_hidden_link_text'>Compartir en LinkedIn<\/span><\/a><\/li><li class='av-share-link av-social-link-mail' ><a  aria-label=\"Compartir por correo\" href='mailto:?subject=Expresidente%20del%20CORE%20Sergio%20Gonz%C3%A1lez%20realiza%20saludo%20protocolar%20a%20Delegada%20Presidencial&#038;body=https:\/\/radiorevelacionfm.cl\/?p=6458' aria-hidden='false' data-av_icon='\ue805' data-av_iconfont='entypo-fontello' title='' data-avia-related-tooltip='Compartir por correo'><span class='avia_hidden_link_text'>Compartir por correo<\/span><\/a><\/li><\/ul><\/div><\/div>\n<div  style='height:50px' class='hr hr-invisible   avia-builder-el-8  el_after_av_social_share  el_before_av_comments_list '><span class='hr-inner ' ><span class='hr-inner-style'><\/span><\/span><\/div>\n<div  class='av-buildercomment  av-blog-meta-html-info-disabled av-blog-meta-tag-disabled  '><\/div>\n","protected":false},"excerpt":{"rendered":"","protected":false},"author":1,"featured_media":6459,"comment_status":"open","ping_status":"open","sticky":false,"template":"","format":"standard","meta":{"footnotes":""},"categories":[38],"tags":[],"class_list":["post-6458","post","type-post","status-publish","format-standard","has-post-thumbnail","hentry","category-regional"],"jetpack_featured_media_url":"https:\/\/radiorevelacionfm.cl\/wp-content\/uploads\/2021\/07\/IMG_0965-1-1-1.jpg","_links":{"self":[{"href":"https:\/\/radiorevelacionfm.cl\/index.php?rest_route=\/wp\/v2\/posts\/6458","targetHints":{"allow":["GET"]}}],"collection":[{"href":"https:\/\/radiorevelacionfm.cl\/index.php?rest_route=\/wp\/v2\/posts"}],"about":[{"href":"https:\/\/radiorevelacionfm.cl\/index.php?rest_route=\/wp\/v2\/types\/post"}],"author":[{"embeddable":true,"href":"https:\/\/radiorevelacionfm.cl\/index.php?rest_route=\/wp\/v2\/users\/1"}],"replies":[{"embeddable":true,"href":"https:\/\/radiorevelacionfm.cl\/index.php?rest_route=%2Fwp%2Fv2%2Fcomments&post=6458"}],"version-history":[{"count":1,"href":"https:\/\/radiorevelacionfm.cl\/index.php?rest_route=\/wp\/v2\/posts\/6458\/revisions"}],"predecessor-version":[{"id":6460,"href":"https:\/\/radiorevelacionfm.cl\/index.php?rest_route=\/wp\/v2\/posts\/6458\/revisions\/6460"}],"wp:featuredmedia":[{"embeddable":true,"href":"https:\/\/radiorevelacionfm.cl\/index.php?rest_route=\/wp\/v2\/media\/6459"}],"wp:attachment":[{"href":"https:\/\/radiorevelacionfm.cl\/index.php?rest_route=%2Fwp%2Fv2%2Fmedia&parent=6458"}],"wp:term":[{"taxonomy":"category","embeddable":true,"href":"https:\/\/radiorevelacionfm.cl\/index.php?rest_route=%2Fwp%2Fv2%2Fcategories&post=6458"},{"taxonomy":"post_tag","embeddable":true,"href":"https:\/\/radiorevelacionfm.cl\/index.php?rest_route=%2Fwp%2Fv2%2Ftags&post=6458"}],"curies":[{"name":"wp","href":"https:\/\/api.w.org\/{rel}","templated":true}]}}