{"id":64576,"date":"2026-02-26T15:33:59","date_gmt":"2026-02-26T18:33:59","guid":{"rendered":"https:\/\/radiorevelacionfm.cl\/?p=64576"},"modified":"2026-02-26T15:33:59","modified_gmt":"2026-02-26T18:33:59","slug":"cortes-de-pelo-gratuitos-este-sabado-solidaridad-en-accion-para-los-ninos-de-coyhaique","status":"publish","type":"post","link":"https:\/\/radiorevelacionfm.cl\/?p=64576","title":{"rendered":"Cortes de pelo gratuitos este s\u00e1bado: Solidaridad en acci\u00f3n para los ni\u00f1os de Coyhaique"},"content":{"rendered":"<div class=\"flex_column av_one_full  flex_column_div av-zero-column-padding first  avia-builder-el-0  el_before_av_one_full  avia-builder-el-first  \" style='border-radius:0px; '><div  class='avia-image-container  av-styling-    avia-builder-el-1  avia-builder-el-no-sibling  avia-align-center '  itemprop=\"image\" itemscope=\"itemscope\" itemtype=\"https:\/\/schema.org\/ImageObject\"  ><div class='avia-image-container-inner'><div class='avia-image-overlay-wrap'><img decoding=\"async\" class='wp-image-64577 avia-img-lazy-loading-not-64577 avia_image' src=\"https:\/\/radiorevelacionfm.cl\/wp-content\/uploads\/2026\/02\/IMAGE-001-1-1.jpeg\" alt='' title='IMAGE 001 (1) (1)' height=\"600\" width=\"800\"  itemprop=\"thumbnailUrl\" srcset=\"https:\/\/radiorevelacionfm.cl\/wp-content\/uploads\/2026\/02\/IMAGE-001-1-1.jpeg 800w, https:\/\/radiorevelacionfm.cl\/wp-content\/uploads\/2026\/02\/IMAGE-001-1-1-300x225.jpeg 300w, https:\/\/radiorevelacionfm.cl\/wp-content\/uploads\/2026\/02\/IMAGE-001-1-1-768x576.jpeg 768w, https:\/\/radiorevelacionfm.cl\/wp-content\/uploads\/2026\/02\/IMAGE-001-1-1-705x529.jpeg 705w, https:\/\/radiorevelacionfm.cl\/wp-content\/uploads\/2026\/02\/IMAGE-001-1-1-450x338.jpeg 450w, https:\/\/radiorevelacionfm.cl\/wp-content\/uploads\/2026\/02\/IMAGE-001-1-1-600x450.jpeg 600w\" sizes=\"(max-width: 800px) 100vw, 800px\" \/><\/div><\/div><\/div><\/div><div class=\"flex_column av_one_full  flex_column_div av-zero-column-padding first  avia-builder-el-2  el_after_av_one_full  el_before_av_one_full  column-top-margin\" style='border-radius:0px; '><section class=\"av_textblock_section \"  itemscope=\"itemscope\" itemtype=\"https:\/\/schema.org\/BlogPosting\" itemprop=\"blogPost\" ><div class='avia_textblock  '   itemprop=\"text\" ><p style=\"text-align: center;\"><strong><span style=\"font-size: 18pt;\">Cortes de pelo gratuitos este s\u00e1bado: Solidaridad en acci\u00f3n para los ni\u00f1os de Coyhaique<\/span><\/strong><\/p>\n<div id=\"gtx-trans\" style=\"position: absolute; left: -50px; top: 4.31534px;\">\n<div class=\"gtx-trans-icon\"><\/div>\n<\/div>\n<\/div><\/section><\/div><div class=\"flex_column av_one_full  flex_column_div av-zero-column-padding first  avia-builder-el-4  el_after_av_one_full  el_before_av_hr  column-top-margin\" style='border-radius:0px; '><section class=\"av_textblock_section \"  itemscope=\"itemscope\" itemtype=\"https:\/\/schema.org\/BlogPosting\" itemprop=\"blogPost\" ><div class='avia_textblock  '   itemprop=\"text\" ><p style=\"text-align: justify;\">Este s\u00e1bado 28 de febrero, entre las 12:00 y 16:00 horas, la Sede Gabriela Mistral ser\u00e1 el escenario de una significativa <strong>Jornada Comunitaria de Barber\u00eda<\/strong>, que ofrecer\u00e1 cortes de cabello totalmente gratuitos para ni\u00f1os y j\u00f3venes hasta los 17 a\u00f1os, adem\u00e1s de adultos mayores y personas en situaci\u00f3n de discapacidad.<\/p>\n<p style=\"text-align: justify;\">La iniciativa es impulsada por el <strong>Movimiento Actitud Solidaria<\/strong>, junto a un equipo de barberos liderados por <strong>Franco Beltr\u00e1n<\/strong>, barbero de Coyhaique que decidi\u00f3 convocar a colegas del rubro para poner su trabajo al servicio de la comunidad.<\/p>\n<p style=\"text-align: justify;\">Beltr\u00e1n explic\u00f3 que el sentido de la actividad va mucho m\u00e1s all\u00e1 de un corte de cabello. \u201cQueremos aportar con un gesto real. Un corte de pelo no es solo imagen; tambi\u00e9n es autoestima, dignidad y bienestar. Como barberos podemos contribuir desde lo que sabemos hacer, y hacerlo con cari\u00f1o para los ni\u00f1os y sus familias\u201d, se\u00f1al\u00f3.<\/p>\n<p style=\"text-align: justify;\">La jornada cuenta con el respaldo de la <strong>Junta de Vecinos Gabriela Mistral<\/strong>, encabezada por su presidenta, <strong>Marlene \u00c1lvarez<\/strong>, quien valor\u00f3 profundamente la disposici\u00f3n de los barberos y el trabajo colaborativo que permiti\u00f3 concretar la actividad.<\/p>\n<p style=\"text-align: justify;\">\u201cQuiero agradecer sinceramente a Franco Beltr\u00e1n por este tremendo gesto solidario con nuestros ni\u00f1os y familias, y tambi\u00e9n al concejal Sebasti\u00e1n Vera por apoyar esta instancia. Estas acciones son las que fortalecen la comunidad y nos recuerdan que cuando trabajamos unidos, podemos lograr cosas importantes\u201d, expres\u00f3.<\/p>\n<p style=\"text-align: justify;\">Asimismo, Marlene \u00c1lvarez reforz\u00f3 la invitaci\u00f3n para todos los ni\u00f1os de Coyhaique que deseen participar, se\u00f1alando que la sede estar\u00e1 abierta durante toda la jornada para recibirlos.<\/p>\n<p style=\"text-align: justify;\">La actividad se desarrollar\u00e1 en la Sede Gabriela Mistral, ubicada en Francisco Bilbao N\u00ba 1468, y ser\u00e1 completamente gratuita.<\/p>\n<p style=\"text-align: justify;\">Una instancia que demuestra que la solidaridad se construye con hechos concretos y con el compromiso de vecinos que deciden aportar desde su propio oficio.<\/p>\n<\/div><\/section><\/div><div  style='height:50px' class='hr hr-invisible   avia-builder-el-6  el_after_av_one_full  el_before_av_social_share '><span class='hr-inner ' ><span class='hr-inner-style'><\/span><\/span><\/div><\/p>\n<div  class='av-social-sharing-box  avia-builder-el-7  el_after_av_hr  el_before_av_hr  '><div class='av-share-box'><h5 class='av-share-link-description av-no-toc '>Compartir esta noticia<\/h5><ul class='av-share-box-list noLightbox'><li class='av-share-link av-social-link-facebook' ><a target=\"_blank\" aria-label=\"Compartir en Facebook\" href='https:\/\/www.facebook.com\/sharer.php?u=https:\/\/radiorevelacionfm.cl\/?p=64576&#038;t=Cortes%20de%20pelo%20gratuitos%20este%20s%C3%A1bado%3A%20Solidaridad%20en%20acci%C3%B3n%20para%20los%20ni%C3%B1os%20de%20Coyhaique' aria-hidden='false' data-av_icon='\ue8f3' data-av_iconfont='entypo-fontello' title='' data-avia-related-tooltip='Compartir en Facebook' rel=\"noopener\"><span class='avia_hidden_link_text'>Compartir en Facebook<\/span><\/a><\/li><li class='av-share-link av-social-link-twitter' ><a target=\"_blank\" aria-label=\"Compartir en Twitter\" href='https:\/\/twitter.com\/share?text=Cortes%20de%20pelo%20gratuitos%20este%20s%C3%A1bado%3A%20Solidaridad%20en%20acci%C3%B3n%20para%20los%20ni%C3%B1os%20de%20Coyhaique&#038;url=https:\/\/radiorevelacionfm.cl\/?p=64576' aria-hidden='false' data-av_icon='\ue8f1' data-av_iconfont='entypo-fontello' title='' data-avia-related-tooltip='Compartir en Twitter' rel=\"noopener\"><span class='avia_hidden_link_text'>Compartir en Twitter<\/span><\/a><\/li><li class='av-share-link av-social-link-whatsapp' ><a target=\"_blank\" aria-label=\"Compartir en Whatsapp\" href='https:\/\/api.whatsapp.com\/send?text=https:\/\/radiorevelacionfm.cl\/?p=64576' aria-hidden='false' data-av_icon='\uf232' data-av_iconfont='entypo-fontello' title='' data-avia-related-tooltip='Compartir en Whatsapp' rel=\"noopener\"><span class='avia_hidden_link_text'>Compartir en Whatsapp<\/span><\/a><\/li><li class='av-share-link av-social-link-linkedin' ><a target=\"_blank\" aria-label=\"Compartir en LinkedIn\" href='https:\/\/linkedin.com\/shareArticle?mini=true&#038;title=Cortes%20de%20pelo%20gratuitos%20este%20s%C3%A1bado%3A%20Solidaridad%20en%20acci%C3%B3n%20para%20los%20ni%C3%B1os%20de%20Coyhaique&#038;url=https:\/\/radiorevelacionfm.cl\/?p=64576' aria-hidden='false' data-av_icon='\ue8fc' data-av_iconfont='entypo-fontello' title='' data-avia-related-tooltip='Compartir en LinkedIn' rel=\"noopener\"><span class='avia_hidden_link_text'>Compartir en LinkedIn<\/span><\/a><\/li><li class='av-share-link av-social-link-mail' ><a  aria-label=\"Compartir por correo\" href='mailto:?subject=Cortes%20de%20pelo%20gratuitos%20este%20s%C3%A1bado%3A%20Solidaridad%20en%20acci%C3%B3n%20para%20los%20ni%C3%B1os%20de%20Coyhaique&#038;body=https:\/\/radiorevelacionfm.cl\/?p=64576' aria-hidden='false' data-av_icon='\ue805' data-av_iconfont='entypo-fontello' title='' data-avia-related-tooltip='Compartir por correo'><span class='avia_hidden_link_text'>Compartir por correo<\/span><\/a><\/li><\/ul><\/div><\/div>\n<div  style='height:50px' class='hr hr-invisible   avia-builder-el-8  el_after_av_social_share  el_before_av_comments_list '><span class='hr-inner ' ><span class='hr-inner-style'><\/span><\/span><\/div>\n<div  class='av-buildercomment  av-blog-meta-html-info-disabled av-blog-meta-tag-disabled  '><\/div>\n","protected":false},"excerpt":{"rendered":"","protected":false},"author":1,"featured_media":64577,"comment_status":"closed","ping_status":"closed","sticky":false,"template":"","format":"standard","meta":{"footnotes":""},"categories":[38],"tags":[],"class_list":["post-64576","post","type-post","status-publish","format-standard","has-post-thumbnail","hentry","category-regional"],"jetpack_featured_media_url":"https:\/\/radiorevelacionfm.cl\/wp-content\/uploads\/2026\/02\/IMAGE-001-1-1.jpeg","_links":{"self":[{"href":"https:\/\/radiorevelacionfm.cl\/index.php?rest_route=\/wp\/v2\/posts\/64576","targetHints":{"allow":["GET"]}}],"collection":[{"href":"https:\/\/radiorevelacionfm.cl\/index.php?rest_route=\/wp\/v2\/posts"}],"about":[{"href":"https:\/\/radiorevelacionfm.cl\/index.php?rest_route=\/wp\/v2\/types\/post"}],"author":[{"embeddable":true,"href":"https:\/\/radiorevelacionfm.cl\/index.php?rest_route=\/wp\/v2\/users\/1"}],"replies":[{"embeddable":true,"href":"https:\/\/radiorevelacionfm.cl\/index.php?rest_route=%2Fwp%2Fv2%2Fcomments&post=64576"}],"version-history":[{"count":2,"href":"https:\/\/radiorevelacionfm.cl\/index.php?rest_route=\/wp\/v2\/posts\/64576\/revisions"}],"predecessor-version":[{"id":64579,"href":"https:\/\/radiorevelacionfm.cl\/index.php?rest_route=\/wp\/v2\/posts\/64576\/revisions\/64579"}],"wp:featuredmedia":[{"embeddable":true,"href":"https:\/\/radiorevelacionfm.cl\/index.php?rest_route=\/wp\/v2\/media\/64577"}],"wp:attachment":[{"href":"https:\/\/radiorevelacionfm.cl\/index.php?rest_route=%2Fwp%2Fv2%2Fmedia&parent=64576"}],"wp:term":[{"taxonomy":"category","embeddable":true,"href":"https:\/\/radiorevelacionfm.cl\/index.php?rest_route=%2Fwp%2Fv2%2Fcategories&post=64576"},{"taxonomy":"post_tag","embeddable":true,"href":"https:\/\/radiorevelacionfm.cl\/index.php?rest_route=%2Fwp%2Fv2%2Ftags&post=64576"}],"curies":[{"name":"wp","href":"https:\/\/api.w.org\/{rel}","templated":true}]}}