{"id":64569,"date":"2026-02-26T14:56:07","date_gmt":"2026-02-26T17:56:07","guid":{"rendered":"https:\/\/radiorevelacionfm.cl\/?p=64569"},"modified":"2026-02-26T14:56:07","modified_gmt":"2026-02-26T17:56:07","slug":"junji-aysen-finaliza-con-exito-el-programa-jardines-de-verano-2026-destacando-el-derecho-al-juego-y-el-esparcimiento","status":"publish","type":"post","link":"https:\/\/radiorevelacionfm.cl\/?p=64569","title":{"rendered":"JUNJI Ays\u00e9n finaliza con \u00e9xito el programa Jardines de Verano 2026 destacando el derecho al juego y el esparcimiento"},"content":{"rendered":"<div class=\"flex_column av_one_full  flex_column_div av-zero-column-padding first  avia-builder-el-0  el_before_av_one_full  avia-builder-el-first  \" style='border-radius:0px; '><div  class='avia-image-container  av-styling-    avia-builder-el-1  avia-builder-el-no-sibling  avia-align-center '  itemprop=\"image\" itemscope=\"itemscope\" itemtype=\"https:\/\/schema.org\/ImageObject\"  ><div class='avia-image-container-inner'><div class='avia-image-overlay-wrap'><img decoding=\"async\" class='wp-image-64570 avia-img-lazy-loading-not-64570 avia_image' src=\"https:\/\/radiorevelacionfm.cl\/wp-content\/uploads\/2026\/02\/WhatsApp-Image-2026-02-05-at-1.41.10-PM-3-1.jpeg\" alt='' title='WhatsApp Image 2026-02-05 at 1.41.10 PM (3) (1)' height=\"715\" width=\"802\"  itemprop=\"thumbnailUrl\" srcset=\"https:\/\/radiorevelacionfm.cl\/wp-content\/uploads\/2026\/02\/WhatsApp-Image-2026-02-05-at-1.41.10-PM-3-1.jpeg 802w, https:\/\/radiorevelacionfm.cl\/wp-content\/uploads\/2026\/02\/WhatsApp-Image-2026-02-05-at-1.41.10-PM-3-1-300x267.jpeg 300w, https:\/\/radiorevelacionfm.cl\/wp-content\/uploads\/2026\/02\/WhatsApp-Image-2026-02-05-at-1.41.10-PM-3-1-768x685.jpeg 768w, https:\/\/radiorevelacionfm.cl\/wp-content\/uploads\/2026\/02\/WhatsApp-Image-2026-02-05-at-1.41.10-PM-3-1-705x629.jpeg 705w, https:\/\/radiorevelacionfm.cl\/wp-content\/uploads\/2026\/02\/WhatsApp-Image-2026-02-05-at-1.41.10-PM-3-1-450x401.jpeg 450w, https:\/\/radiorevelacionfm.cl\/wp-content\/uploads\/2026\/02\/WhatsApp-Image-2026-02-05-at-1.41.10-PM-3-1-600x535.jpeg 600w\" sizes=\"(max-width: 802px) 100vw, 802px\" \/><\/div><\/div><\/div><\/div><div class=\"flex_column av_one_full  flex_column_div av-zero-column-padding first  avia-builder-el-2  el_after_av_one_full  el_before_av_one_full  column-top-margin\" style='border-radius:0px; '><section class=\"av_textblock_section \"  itemscope=\"itemscope\" itemtype=\"https:\/\/schema.org\/BlogPosting\" itemprop=\"blogPost\" ><div class='avia_textblock  '   itemprop=\"text\" ><p style=\"text-align: center;\"><strong><span style=\"font-size: 18pt;\">JUNJI Ays\u00e9n finaliza con \u00e9xito el programa Jardines de Verano 2026 destacando el derecho al juego y el esparcimiento<\/span><\/strong><\/p>\n<div id=\"gtx-trans\" style=\"position: absolute; left: -50px; top: 4.31534px;\">\n<div class=\"gtx-trans-icon\"><\/div>\n<\/div>\n<\/div><\/section><\/div><div class=\"flex_column av_one_full  flex_column_div av-zero-column-padding first  avia-builder-el-4  el_after_av_one_full  el_before_av_hr  column-top-margin\" style='border-radius:0px; '><section class=\"av_textblock_section \"  itemscope=\"itemscope\" itemtype=\"https:\/\/schema.org\/BlogPosting\" itemprop=\"blogPost\" ><div class='avia_textblock  '   itemprop=\"text\" ><p style=\"text-align: justify;\"><em>Con una capacidad de 48 cupos en la regi\u00f3n, el programa transitorio permiti\u00f3 que ni\u00f1os y ni\u00f1as de Coyhaique disfrutaran de un periodo estival centrado en actividades recreativas y bienestar integral mientras sus familias cumpl\u00edan labores estacionales.<\/em><\/p>\n<p style=\"text-align: justify;\">Este mi\u00e9rcoles 25 de febrero concluyeron oficialmente las actividades del programa Jardines de Verano de la JUNJI en la regi\u00f3n de Ays\u00e9n. El servicio, que se extendi\u00f3 desde el 19 de enero, brind\u00f3 atenci\u00f3n educativa y de cuidado a p\u00e1rvulos de ente 0 y 5 a\u00f1os, permitiendo la continuidad del proceso pedag\u00f3gico bajo un enfoque l\u00fadico y adaptado a la temporada estival.<\/p>\n<p style=\"text-align: justify;\">En la regi\u00f3n, el programa funcion\u00f3 en un establecimiento de administraci\u00f3n directa, ofreciendo 48 vacantes distribuidas en niveles de Sala Cuna y Nivel Medio. Esta modalidad transitoria est\u00e1 dise\u00f1ada espec\u00edficamente para apoyar a las familias y adultos responsables que desarrollan labores remuneradas durante el verano y que requieren un espacio seguro y profesional para el cuidado de sus hijos e hijas.<\/p>\n<p style=\"text-align: justify;\">La directora del Jard\u00edn Infantil de Verano, <strong>Makarenna Andrade S\u00e1ez <\/strong>destac\u00f3 el enfoque del periodo: \u201cDurante el desarrollo del Jard\u00edn de Verano, nuestro trabajo estuvo basado principalmente en el juego como estrategia pedag\u00f3gica fundamental, permitiendo que cada experiencia fuera significativa para los ni\u00f1os y ni\u00f1as. A trav\u00e9s de diversas actividades l\u00fadicas, logramos favorecer el desarrollo integral, promoviendo instancias de expresi\u00f3n art\u00edstica y musical, donde los p\u00e1rvulos pudieron explorar, crear y participar activamente en experiencias acordes a sus intereses y necesidades propias de la temporada\u201d.<\/p>\n<p style=\"text-align: justify;\">Asimismo, la directora relev\u00f3 el v\u00ednculo con la comunidad: \u201cDesarrollamos actividades en conjunto con el equipo educativo, fortaleciendo el v\u00ednculo con las familias y generando espacios de participaci\u00f3n dentro del proceso educativo. Como hito de cierre, finalizamos nuestras actividades con las presentaciones con la presentaci\u00f3n de una obra de teatro preparada por el equipo del Jard\u00edn Infantil, instancia que permiti\u00f3 compartir las principales experiencias vividas. Finalmente, quisiera reconocer el profesionalismo de todo el equipo educativo del Jard\u00edn de Verano 2026, quienes, con dedicaci\u00f3n y vocaci\u00f3n, hicieron posible generar un ambiente de bienestar y esparcimiento para cada uno de nuestros ni\u00f1os y ni\u00f1as\u201d.<\/p>\n<p style=\"text-align: justify;\">Por su parte, el director regional (s) <strong>David Catal\u00e1n V\u00e1squez<\/strong>, subray\u00f3 el valor de la corresponsabilidad y el apoyo institucional: \u201cComo JUNJI, entendemos que para muchas familias de nuestra regi\u00f3n el trabajo no se detiene en enero y febrero. Por ello, pusimos a disposici\u00f3n este jard\u00edn estival que no solo entrega alimentaci\u00f3n y cuidados, sino que tambi\u00e9n promueve rutinas saludables de hidrataci\u00f3n y protecci\u00f3n solar, pilares fundamentales para la salud de la primera infancia en esta \u00e9poca del a\u00f1o\u201d.<\/p>\n<p style=\"text-align: justify;\"><strong>Recomendaciones para el retorno<\/strong><\/p>\n<p style=\"text-align: justify;\">Tras el cierre del programa este 25 de febrero, y de cara al inicio del a\u00f1o parvulario regular, desde la instituci\u00f3n hicieron un llamado a las familias a retomar gradualmente las rutinas de sue\u00f1o y alimentaci\u00f3n. Se recomienda fomentar el descanso reparador y mantener una hidrataci\u00f3n constante, evitando el uso excesivo de pantallas para facilitar la transici\u00f3n al nuevo ciclo educativo.<\/p>\n<p style=\"text-align: justify;\">El proceso administrativo de evaluaci\u00f3n y entrega del establecimiento se llevar\u00e1 a cabo los d\u00edas 26 y 27 de febrero, dejando las dependencias listas para recibir a la comunidad educativa en el inicio del a\u00f1o parvulario 2026.<\/p>\n<\/div><\/section><\/div><div  style='height:50px' class='hr hr-invisible   avia-builder-el-6  el_after_av_one_full  el_before_av_social_share '><span class='hr-inner ' ><span class='hr-inner-style'><\/span><\/span><\/div><\/p>\n<div  class='av-social-sharing-box  avia-builder-el-7  el_after_av_hr  el_before_av_hr  '><div class='av-share-box'><h5 class='av-share-link-description av-no-toc '>Compartir esta noticia<\/h5><ul class='av-share-box-list noLightbox'><li class='av-share-link av-social-link-facebook' ><a target=\"_blank\" aria-label=\"Compartir en Facebook\" href='https:\/\/www.facebook.com\/sharer.php?u=https:\/\/radiorevelacionfm.cl\/?p=64569&#038;t=JUNJI%20Ays%C3%A9n%20finaliza%20con%20%C3%A9xito%20el%20programa%20Jardines%20de%20Verano%202026%20destacando%20el%20derecho%20al%20juego%20y%20el%20esparcimiento' aria-hidden='false' data-av_icon='\ue8f3' data-av_iconfont='entypo-fontello' title='' data-avia-related-tooltip='Compartir en Facebook' rel=\"noopener\"><span class='avia_hidden_link_text'>Compartir en Facebook<\/span><\/a><\/li><li class='av-share-link av-social-link-twitter' ><a target=\"_blank\" aria-label=\"Compartir en Twitter\" href='https:\/\/twitter.com\/share?text=JUNJI%20Ays%C3%A9n%20finaliza%20con%20%C3%A9xito%20el%20programa%20Jardines%20de%20Verano%202026%20destacando%20el%20derecho%20al%20juego%20y%20el%20esparcimiento&#038;url=https:\/\/radiorevelacionfm.cl\/?p=64569' aria-hidden='false' data-av_icon='\ue8f1' data-av_iconfont='entypo-fontello' title='' data-avia-related-tooltip='Compartir en Twitter' rel=\"noopener\"><span class='avia_hidden_link_text'>Compartir en Twitter<\/span><\/a><\/li><li class='av-share-link av-social-link-whatsapp' ><a target=\"_blank\" aria-label=\"Compartir en Whatsapp\" href='https:\/\/api.whatsapp.com\/send?text=https:\/\/radiorevelacionfm.cl\/?p=64569' aria-hidden='false' data-av_icon='\uf232' data-av_iconfont='entypo-fontello' title='' data-avia-related-tooltip='Compartir en Whatsapp' rel=\"noopener\"><span class='avia_hidden_link_text'>Compartir en Whatsapp<\/span><\/a><\/li><li class='av-share-link av-social-link-linkedin' ><a target=\"_blank\" aria-label=\"Compartir en LinkedIn\" href='https:\/\/linkedin.com\/shareArticle?mini=true&#038;title=JUNJI%20Ays%C3%A9n%20finaliza%20con%20%C3%A9xito%20el%20programa%20Jardines%20de%20Verano%202026%20destacando%20el%20derecho%20al%20juego%20y%20el%20esparcimiento&#038;url=https:\/\/radiorevelacionfm.cl\/?p=64569' aria-hidden='false' data-av_icon='\ue8fc' data-av_iconfont='entypo-fontello' title='' data-avia-related-tooltip='Compartir en LinkedIn' rel=\"noopener\"><span class='avia_hidden_link_text'>Compartir en LinkedIn<\/span><\/a><\/li><li class='av-share-link av-social-link-mail' ><a  aria-label=\"Compartir por correo\" href='mailto:?subject=JUNJI%20Ays%C3%A9n%20finaliza%20con%20%C3%A9xito%20el%20programa%20Jardines%20de%20Verano%202026%20destacando%20el%20derecho%20al%20juego%20y%20el%20esparcimiento&#038;body=https:\/\/radiorevelacionfm.cl\/?p=64569' aria-hidden='false' data-av_icon='\ue805' data-av_iconfont='entypo-fontello' title='' data-avia-related-tooltip='Compartir por correo'><span class='avia_hidden_link_text'>Compartir por correo<\/span><\/a><\/li><\/ul><\/div><\/div>\n<div  style='height:50px' class='hr hr-invisible   avia-builder-el-8  el_after_av_social_share  el_before_av_comments_list '><span class='hr-inner ' ><span class='hr-inner-style'><\/span><\/span><\/div>\n<div  class='av-buildercomment  av-blog-meta-html-info-disabled av-blog-meta-tag-disabled  '><\/div>\n","protected":false},"excerpt":{"rendered":"","protected":false},"author":1,"featured_media":64570,"comment_status":"closed","ping_status":"closed","sticky":false,"template":"","format":"standard","meta":{"footnotes":""},"categories":[49],"tags":[],"class_list":["post-64569","post","type-post","status-publish","format-standard","has-post-thumbnail","hentry","category-educacion"],"jetpack_featured_media_url":"https:\/\/radiorevelacionfm.cl\/wp-content\/uploads\/2026\/02\/WhatsApp-Image-2026-02-05-at-1.41.10-PM-3-1.jpeg","_links":{"self":[{"href":"https:\/\/radiorevelacionfm.cl\/index.php?rest_route=\/wp\/v2\/posts\/64569","targetHints":{"allow":["GET"]}}],"collection":[{"href":"https:\/\/radiorevelacionfm.cl\/index.php?rest_route=\/wp\/v2\/posts"}],"about":[{"href":"https:\/\/radiorevelacionfm.cl\/index.php?rest_route=\/wp\/v2\/types\/post"}],"author":[{"embeddable":true,"href":"https:\/\/radiorevelacionfm.cl\/index.php?rest_route=\/wp\/v2\/users\/1"}],"replies":[{"embeddable":true,"href":"https:\/\/radiorevelacionfm.cl\/index.php?rest_route=%2Fwp%2Fv2%2Fcomments&post=64569"}],"version-history":[{"count":2,"href":"https:\/\/radiorevelacionfm.cl\/index.php?rest_route=\/wp\/v2\/posts\/64569\/revisions"}],"predecessor-version":[{"id":64575,"href":"https:\/\/radiorevelacionfm.cl\/index.php?rest_route=\/wp\/v2\/posts\/64569\/revisions\/64575"}],"wp:featuredmedia":[{"embeddable":true,"href":"https:\/\/radiorevelacionfm.cl\/index.php?rest_route=\/wp\/v2\/media\/64570"}],"wp:attachment":[{"href":"https:\/\/radiorevelacionfm.cl\/index.php?rest_route=%2Fwp%2Fv2%2Fmedia&parent=64569"}],"wp:term":[{"taxonomy":"category","embeddable":true,"href":"https:\/\/radiorevelacionfm.cl\/index.php?rest_route=%2Fwp%2Fv2%2Fcategories&post=64569"},{"taxonomy":"post_tag","embeddable":true,"href":"https:\/\/radiorevelacionfm.cl\/index.php?rest_route=%2Fwp%2Fv2%2Ftags&post=64569"}],"curies":[{"name":"wp","href":"https:\/\/api.w.org\/{rel}","templated":true}]}}