{"id":64560,"date":"2026-02-26T10:17:00","date_gmt":"2026-02-26T13:17:00","guid":{"rendered":"https:\/\/radiorevelacionfm.cl\/?p=64560"},"modified":"2026-02-26T10:17:00","modified_gmt":"2026-02-26T13:17:00","slug":"contraloria-aprueba-contrato-de-pavimentacion-en-villa-ortega-y-autoriza-inicio-de-obras","status":"publish","type":"post","link":"https:\/\/radiorevelacionfm.cl\/?p=64560","title":{"rendered":"Contralor\u00eda aprueba contrato de pavimentaci\u00f3n en Villa Ortega y autoriza inicio de obras"},"content":{"rendered":"<div class=\"flex_column av_one_full  flex_column_div av-zero-column-padding first  avia-builder-el-0  el_before_av_one_full  avia-builder-el-first  \" style='border-radius:0px; '><div  class='avia-image-container  av-styling-    avia-builder-el-1  avia-builder-el-no-sibling  avia-align-center '  itemprop=\"image\" itemscope=\"itemscope\" itemtype=\"https:\/\/schema.org\/ImageObject\"  ><div class='avia-image-container-inner'><div class='avia-image-overlay-wrap'><img decoding=\"async\" class='wp-image-64561 avia-img-lazy-loading-not-64561 avia_image' src=\"https:\/\/radiorevelacionfm.cl\/wp-content\/uploads\/2026\/02\/grupal-1-2-1_optimized-1.jpeg\" alt='' title='grupal-1-(2)-(1)_optimized (1)' height=\"600\" width=\"1068\"  itemprop=\"thumbnailUrl\" srcset=\"https:\/\/radiorevelacionfm.cl\/wp-content\/uploads\/2026\/02\/grupal-1-2-1_optimized-1.jpeg 1068w, https:\/\/radiorevelacionfm.cl\/wp-content\/uploads\/2026\/02\/grupal-1-2-1_optimized-1-300x169.jpeg 300w, https:\/\/radiorevelacionfm.cl\/wp-content\/uploads\/2026\/02\/grupal-1-2-1_optimized-1-1030x579.jpeg 1030w, https:\/\/radiorevelacionfm.cl\/wp-content\/uploads\/2026\/02\/grupal-1-2-1_optimized-1-768x431.jpeg 768w, https:\/\/radiorevelacionfm.cl\/wp-content\/uploads\/2026\/02\/grupal-1-2-1_optimized-1-705x396.jpeg 705w, https:\/\/radiorevelacionfm.cl\/wp-content\/uploads\/2026\/02\/grupal-1-2-1_optimized-1-450x253.jpeg 450w, https:\/\/radiorevelacionfm.cl\/wp-content\/uploads\/2026\/02\/grupal-1-2-1_optimized-1-600x337.jpeg 600w\" sizes=\"(max-width: 1068px) 100vw, 1068px\" \/><\/div><\/div><\/div><\/div>\n<div class=\"flex_column av_one_full  flex_column_div av-zero-column-padding first  avia-builder-el-2  el_after_av_one_full  el_before_av_one_full  column-top-margin\" style='border-radius:0px; '><section class=\"av_textblock_section \"  itemscope=\"itemscope\" itemtype=\"https:\/\/schema.org\/BlogPosting\" itemprop=\"blogPost\" ><div class='avia_textblock  '   itemprop=\"text\" ><p style=\"text-align: center;\"><strong><span style=\"font-size: 18pt;\">Contralor\u00eda aprueba contrato de pavimentaci\u00f3n en Villa Ortega y autoriza inicio de obras<\/span><\/strong><\/p>\n<div id=\"gtx-trans\" style=\"position: absolute; left: -50px; top: 4.31534px;\">\n<div class=\"gtx-trans-icon\"><\/div>\n<\/div>\n<\/div><\/section><\/div>\n<div class=\"flex_column av_one_full  flex_column_div av-zero-column-padding first  avia-builder-el-4  el_after_av_one_full  el_before_av_hr  column-top-margin\" style='border-radius:0px; '><section class=\"av_textblock_section \"  itemscope=\"itemscope\" itemtype=\"https:\/\/schema.org\/BlogPosting\" itemprop=\"blogPost\" ><div class='avia_textblock  '   itemprop=\"text\" ><p style=\"text-align: justify;\">Este mi\u00e9rcoles 25 de febrero, autoridades regionales de Ays\u00e9n anunciaron el inicio de los trabajos de pavimentaci\u00f3n de 12 kil\u00f3metros de la Carretera Austral en el sector de Villa Ortega, al norte de la comuna de Coyhaique, iniciativa largamente esperada por la comunidad y que permitir\u00e1 consolidar un tramo estrat\u00e9gico de esta ruta.<\/p>\n<p style=\"text-align: justify;\">El proyecto contempla una inversi\u00f3n cercana a los 27 mil millones de pesos y un plazo de ejecuci\u00f3n de 720 d\u00edas, que comienza a regir el 26 de febrero.<\/p>\n<p style=\"text-align: justify;\">El alcalde de la comuna, Carlos Gatica, valor\u00f3 el impacto social y productivo del proyecto, adem\u00e1s de agradecer el apoyo del MOP y del Gobierno Regional de Ays\u00e9n, asegurando que \u201cestamos agradecidos, por supuesto, del compromiso de la Direcci\u00f3n de Vialidad, don Renzo particularmente, y sus funcionarios; del Gobierno Regional que acude tambi\u00e9n a este llamado que nuestros vecinos nos hicieron; a todas las autoridades. A\u00f1os de espera, m\u00e1s de 10 a\u00f1os en algunos de los casos, incluso mucho antes, dec\u00edan nuestros vecinos\u201d.<\/p>\n<p style=\"text-align: justify;\">Con este hito administrativo de toma de raz\u00f3n, por parte de la Contralor\u00eda General de la Rep\u00fablica, las obras pueden comenzar inmediatamente, en este sentido, Gatica explic\u00f3 que \u201clo que significa que de ah\u00ed en adelante comienzan a correr los 720 d\u00edas para ver este sue\u00f1o hecho realidad, que son sue\u00f1os de muchos vecinos que esperaron durante mucho tiempo la pavimentaci\u00f3n de estos 12 kil\u00f3metros, que no tan s\u00f3lo constituye una mejora la calidad de vida, sino que adem\u00e1s es estrat\u00e9gico, porque une un tramo importante en la Carretera Austral que hoy d\u00eda no hab\u00eda sido cubierto\u201d.<\/p>\n<p style=\"text-align: justify;\">Desde el Gobierno Regional de Ays\u00e9n, el gobernador regional (s), N\u00e9stor Mera, destac\u00f3 la paciencia de la comunidad y el inicio de esta obra como un gran hito, asegurando que \u201cqueremos destacar a todos los que est\u00e1n hoy d\u00eda involucrados, haciendo posible que este tramo de pavimento sea realidad, pero quiero destacar especialmente a los vecinos y vecinas de Villa Ortega, que la verdad han esperado por much\u00edsimo tiempo. Han tenido paciencia, y se entiende tambi\u00e9n en algunos minutos la molestia, la frustraci\u00f3n, porque esto no avanza. Sin embargo, hoy d\u00eda estamos en un punto de inflexi\u00f3n\u201d.<\/p>\n<p style=\"text-align: justify;\">Asimismo, el gobernador subrogante enfatiz\u00f3 que este proyecto no solo tiene un impacto social, sino que tambi\u00e9n econ\u00f3mico. \u201cEst\u00e1 partiendo una tremenda obra, tal como se informaba ac\u00e1, de una gran cantidad de montos y que, adem\u00e1s, va a va a significar una gran actividad econ\u00f3mica en todo el entorno de Villa Ortega. Y eso es importante, porque es parte tambi\u00e9n del sello que nosotros hemos querido dar como Gobierno Regional de Ays\u00e9n. Ahora esperamos tambi\u00e9n que estas horas se multipliquen a lo largo de la Regi\u00f3n de Ays\u00e9n\u201d Se\u00f1al\u00f3 Mera.<\/p>\n<p style=\"text-align: justify;\">El director de la Direcci\u00f3n de Vialidad del MOP, Renzo Sanders, inform\u00f3 que el contrato comienza a regir administrativamente de inmediato. \u201cAdministrativamente parte desde el d\u00eda de ma\u00f1ana y f\u00edsicamente nosotros esperamos que la quincena de mayo ya estemos con alg\u00fan tipo de maquinaria aqu\u00ed en el sector. Los plazos son 720 d\u00edas, dos a\u00f1os, son 27 mil millones de pesos de inversi\u00f3n, 12 kil\u00f3metros. Incluye una rotonda en el 57, un puente en el Bagual, una pista de 3,5 m., dos pistas de 3,5 m, m\u00e1s zona seguridad y zona de colocaci\u00f3n de cadena\u201d, explic\u00f3.<\/p>\n<p style=\"text-align: justify;\">\u201cHoy, despu\u00e9s de todo esto, felicidad. Por lo menos, hay ya documentos en mano, donde falta poco para que se haga este sue\u00f1o realidad\u201d, expres\u00f3 Isabel Huichalao, representante de la Zona Norte en el Consejo de la Sociedad Civil.<\/p>\n<\/div><\/section><\/div><div  style='height:50px' class='hr hr-invisible   avia-builder-el-6  el_after_av_one_full  el_before_av_social_share '><span class='hr-inner ' ><span class='hr-inner-style'><\/span><\/span><\/div><\/p>\n<div  class='av-social-sharing-box  avia-builder-el-7  el_after_av_hr  el_before_av_hr  '><div class='av-share-box'><h5 class='av-share-link-description av-no-toc '>Compartir esta noticia<\/h5><ul class='av-share-box-list noLightbox'><li class='av-share-link av-social-link-facebook' ><a target=\"_blank\" aria-label=\"Compartir en Facebook\" href='https:\/\/www.facebook.com\/sharer.php?u=https:\/\/radiorevelacionfm.cl\/?p=64560&#038;t=Contralor%C3%ADa%20aprueba%20contrato%20de%20pavimentaci%C3%B3n%20en%20Villa%20Ortega%20y%20autoriza%20inicio%20de%20obras' aria-hidden='false' data-av_icon='\ue8f3' data-av_iconfont='entypo-fontello' title='' data-avia-related-tooltip='Compartir en Facebook' rel=\"noopener\"><span class='avia_hidden_link_text'>Compartir en Facebook<\/span><\/a><\/li><li class='av-share-link av-social-link-twitter' ><a target=\"_blank\" aria-label=\"Compartir en Twitter\" href='https:\/\/twitter.com\/share?text=Contralor%C3%ADa%20aprueba%20contrato%20de%20pavimentaci%C3%B3n%20en%20Villa%20Ortega%20y%20autoriza%20inicio%20de%20obras&#038;url=https:\/\/radiorevelacionfm.cl\/?p=64560' aria-hidden='false' data-av_icon='\ue8f1' data-av_iconfont='entypo-fontello' title='' data-avia-related-tooltip='Compartir en Twitter' rel=\"noopener\"><span class='avia_hidden_link_text'>Compartir en Twitter<\/span><\/a><\/li><li class='av-share-link av-social-link-whatsapp' ><a target=\"_blank\" aria-label=\"Compartir en Whatsapp\" href='https:\/\/api.whatsapp.com\/send?text=https:\/\/radiorevelacionfm.cl\/?p=64560' aria-hidden='false' data-av_icon='\uf232' data-av_iconfont='entypo-fontello' title='' data-avia-related-tooltip='Compartir en Whatsapp' rel=\"noopener\"><span class='avia_hidden_link_text'>Compartir en Whatsapp<\/span><\/a><\/li><li class='av-share-link av-social-link-linkedin' ><a target=\"_blank\" aria-label=\"Compartir en LinkedIn\" href='https:\/\/linkedin.com\/shareArticle?mini=true&#038;title=Contralor%C3%ADa%20aprueba%20contrato%20de%20pavimentaci%C3%B3n%20en%20Villa%20Ortega%20y%20autoriza%20inicio%20de%20obras&#038;url=https:\/\/radiorevelacionfm.cl\/?p=64560' aria-hidden='false' data-av_icon='\ue8fc' data-av_iconfont='entypo-fontello' title='' data-avia-related-tooltip='Compartir en LinkedIn' rel=\"noopener\"><span class='avia_hidden_link_text'>Compartir en LinkedIn<\/span><\/a><\/li><li class='av-share-link av-social-link-mail' ><a  aria-label=\"Compartir por correo\" href='mailto:?subject=Contralor%C3%ADa%20aprueba%20contrato%20de%20pavimentaci%C3%B3n%20en%20Villa%20Ortega%20y%20autoriza%20inicio%20de%20obras&#038;body=https:\/\/radiorevelacionfm.cl\/?p=64560' aria-hidden='false' data-av_icon='\ue805' data-av_iconfont='entypo-fontello' title='' data-avia-related-tooltip='Compartir por correo'><span class='avia_hidden_link_text'>Compartir por correo<\/span><\/a><\/li><\/ul><\/div><\/div>\n<div  style='height:50px' class='hr hr-invisible   avia-builder-el-8  el_after_av_social_share  el_before_av_comments_list '><span class='hr-inner ' ><span class='hr-inner-style'><\/span><\/span><\/div>\n<div  class='av-buildercomment  av-blog-meta-html-info-disabled av-blog-meta-tag-disabled  '><\/div>\n","protected":false},"excerpt":{"rendered":"","protected":false},"author":1,"featured_media":64561,"comment_status":"closed","ping_status":"closed","sticky":false,"template":"","format":"standard","meta":{"footnotes":""},"categories":[38],"tags":[],"class_list":["post-64560","post","type-post","status-publish","format-standard","has-post-thumbnail","hentry","category-regional"],"jetpack_featured_media_url":"https:\/\/radiorevelacionfm.cl\/wp-content\/uploads\/2026\/02\/grupal-1-2-1_optimized-1.jpeg","_links":{"self":[{"href":"https:\/\/radiorevelacionfm.cl\/index.php?rest_route=\/wp\/v2\/posts\/64560","targetHints":{"allow":["GET"]}}],"collection":[{"href":"https:\/\/radiorevelacionfm.cl\/index.php?rest_route=\/wp\/v2\/posts"}],"about":[{"href":"https:\/\/radiorevelacionfm.cl\/index.php?rest_route=\/wp\/v2\/types\/post"}],"author":[{"embeddable":true,"href":"https:\/\/radiorevelacionfm.cl\/index.php?rest_route=\/wp\/v2\/users\/1"}],"replies":[{"embeddable":true,"href":"https:\/\/radiorevelacionfm.cl\/index.php?rest_route=%2Fwp%2Fv2%2Fcomments&post=64560"}],"version-history":[{"count":3,"href":"https:\/\/radiorevelacionfm.cl\/index.php?rest_route=\/wp\/v2\/posts\/64560\/revisions"}],"predecessor-version":[{"id":64566,"href":"https:\/\/radiorevelacionfm.cl\/index.php?rest_route=\/wp\/v2\/posts\/64560\/revisions\/64566"}],"wp:featuredmedia":[{"embeddable":true,"href":"https:\/\/radiorevelacionfm.cl\/index.php?rest_route=\/wp\/v2\/media\/64561"}],"wp:attachment":[{"href":"https:\/\/radiorevelacionfm.cl\/index.php?rest_route=%2Fwp%2Fv2%2Fmedia&parent=64560"}],"wp:term":[{"taxonomy":"category","embeddable":true,"href":"https:\/\/radiorevelacionfm.cl\/index.php?rest_route=%2Fwp%2Fv2%2Fcategories&post=64560"},{"taxonomy":"post_tag","embeddable":true,"href":"https:\/\/radiorevelacionfm.cl\/index.php?rest_route=%2Fwp%2Fv2%2Ftags&post=64560"}],"curies":[{"name":"wp","href":"https:\/\/api.w.org\/{rel}","templated":true}]}}