{"id":6455,"date":"2021-07-20T14:15:30","date_gmt":"2021-07-20T17:15:30","guid":{"rendered":"https:\/\/radiorevelacionfm.cl\/?p=6455"},"modified":"2021-07-20T14:15:30","modified_gmt":"2021-07-20T17:15:30","slug":"trabajo-conjunto-del-gope-y-rescatistas-permitio-evacuacion-de-esquiador-lesionado-en-cerro-castillo","status":"publish","type":"post","link":"https:\/\/radiorevelacionfm.cl\/?p=6455","title":{"rendered":"Trabajo conjunto del GOPE y Rescatistas permiti\u00f3 evacuaci\u00f3n de esquiador lesionado en Cerro Castillo"},"content":{"rendered":"<div class=\"flex_column av_one_full  flex_column_div av-zero-column-padding first  avia-builder-el-0  el_before_av_one_full  avia-builder-el-first  \" style='border-radius:0px; '><div  class='avia-image-container  av-styling-    avia-builder-el-1  avia-builder-el-no-sibling  avia-align-center '  itemprop=\"image\" itemscope=\"itemscope\" itemtype=\"https:\/\/schema.org\/ImageObject\"  ><div class='avia-image-container-inner'><div class='avia-image-overlay-wrap'><img decoding=\"async\" class='wp-image-6456 avia-img-lazy-loading-not-6456 avia_image' src=\"https:\/\/radiorevelacionfm.cl\/wp-content\/uploads\/2021\/07\/f1638087-5c80-4999-8461-293ff8b63c9a-1-1.jpg\" alt='' title='f1638087-5c80-4999-8461-293ff8b63c9a (1) (1)' height=\"600\" width=\"1333\"  itemprop=\"thumbnailUrl\" srcset=\"https:\/\/radiorevelacionfm.cl\/wp-content\/uploads\/2021\/07\/f1638087-5c80-4999-8461-293ff8b63c9a-1-1.jpg 1333w, https:\/\/radiorevelacionfm.cl\/wp-content\/uploads\/2021\/07\/f1638087-5c80-4999-8461-293ff8b63c9a-1-1-300x135.jpg 300w, https:\/\/radiorevelacionfm.cl\/wp-content\/uploads\/2021\/07\/f1638087-5c80-4999-8461-293ff8b63c9a-1-1-1030x464.jpg 1030w, https:\/\/radiorevelacionfm.cl\/wp-content\/uploads\/2021\/07\/f1638087-5c80-4999-8461-293ff8b63c9a-1-1-768x346.jpg 768w, https:\/\/radiorevelacionfm.cl\/wp-content\/uploads\/2021\/07\/f1638087-5c80-4999-8461-293ff8b63c9a-1-1-705x317.jpg 705w, https:\/\/radiorevelacionfm.cl\/wp-content\/uploads\/2021\/07\/f1638087-5c80-4999-8461-293ff8b63c9a-1-1-600x270.jpg 600w\" sizes=\"(max-width: 1333px) 100vw, 1333px\" \/><\/div><\/div><\/div><\/div><div class=\"flex_column av_one_full  flex_column_div av-zero-column-padding first  avia-builder-el-2  el_after_av_one_full  el_before_av_one_full  column-top-margin\" style='border-radius:0px; '><section class=\"av_textblock_section \"  itemscope=\"itemscope\" itemtype=\"https:\/\/schema.org\/BlogPosting\" itemprop=\"blogPost\" ><div class='avia_textblock  '   itemprop=\"text\" ><p style=\"text-align: center;\"><strong><span style=\"font-size: 18pt;\">Trabajo conjunto del GOPE y Rescatistas permiti\u00f3 evacuaci\u00f3n de esquiador lesionado en Cerro Castillo<\/span><\/strong><\/p>\n<div id=\"gtx-trans\" style=\"position: absolute; left: -50px; top: 4.31534px;\">\n<div class=\"gtx-trans-icon\"><\/div>\n<\/div>\n<\/div><\/section><\/div><div class=\"flex_column av_one_full  flex_column_div av-zero-column-padding first  avia-builder-el-4  el_after_av_one_full  el_before_av_hr  column-top-margin\" style='border-radius:0px; '><section class=\"av_textblock_section \"  itemscope=\"itemscope\" itemtype=\"https:\/\/schema.org\/BlogPosting\" itemprop=\"blogPost\" ><div class='avia_textblock  '   itemprop=\"text\" ><p class=\"v1MsoNormal\" style=\"text-align: justify;\">Luego de seis horas de trabajos por parte de Carabineros del Grupo de Operaciones Policiales Especiales (GOPE) y en un trabajo conjunto con un funcionario de la Patrulla de Rescate de Frontera de dotaci\u00f3n de la Subcomisar\u00eda Balmaceda (F) junto a rescatistas civiles y gu\u00edas, lograron la evacuar a un joven de 25 a\u00f1os de edad, quien aparentemente habr\u00eda sufrido una fractura en una de sus piernas mientras practicaba esqu\u00ed en el sector La Bombacha en El Portezuelo, Parque Nacional Cerro Castillo.<\/p>\n<p class=\"v1MsoNormal\" style=\"text-align: justify;\">Tras salir del lugar en busca de se\u00f1al de telefon\u00eda, un amigo del joven logr\u00f3 tomar contacto la tarde del domingo con la Central de Comunicaciones (CENCO) de Carabineros, dando cuenta del accidente.<\/p>\n<p class=\"v1MsoNormal\" style=\"text-align: justify;\">Frente a lo anterior, CENCO alert\u00f3 al Grupo de Operaciones Policiales Especiales (GOPE) siendo activada una patrulla con personal especializado, la cual se desplaz\u00f3 al lugar.<\/p>\n<p class=\"v1MsoNormal\" style=\"text-align: justify;\"><b>Evacuaci\u00f3n<\/b><\/p>\n<p class=\"v1MsoNormal\" style=\"text-align: justify;\">Tras arribar al sector portando equipos e implementos, el GOPE junto a un integrante de la Patrulla de Rescate de Frontera de dotaci\u00f3n de la Subcomisar\u00eda Balmaceda (F) inici\u00f3 una caminata a trav\u00e9s de la nieve por aproximadamente cerca de tres horas, logrando llegar hasta La Bombacha a 1.338 metros de altitud, lugar donde se encontraba el joven lesionado, seg\u00fan indic\u00f3 el Capit\u00e1n Claudio Tronco, jefe del GOPE Ays\u00e9n.<\/p>\n<p class=\"v1MsoNormal\" style=\"text-align: justify;\">\u00abSe estabiliz\u00f3 a esta persona para luego evacuarla hasta donde se encontraba la ambulancia. Fue un trabajo en conjunto con rescatistas y esquiadores civiles que estaban en el lugar. El trabajo mancomunado permiti\u00f3 lograr la evacuaci\u00f3n de esta persona, para que as\u00ed fuese asistida por personal del Samu y trasladada posteriormente al hospital regional de Coyhaique\u00bb, expres\u00f3.<\/p>\n<p class=\"v1MsoNormal\" style=\"text-align: justify;\">El Oficial indic\u00f3 que se trata de un sector al cual concurren personas con experiencia a practicar randonn\u00e9e y luego descienden esquiando, disciplina que es desarrollada por quienes cuentan con el conocimiento y equipamiento para esta pr\u00e1ctica de esqu\u00ed.<\/p>\n<p class=\"v1MsoNormal\" style=\"text-align: justify;\">\u00abAn\u00edmicamente estaba bien, estaba consciente (&#8230;) y confiado en los equipos de rescate que trabajaron en el lugar\u00bb, expres\u00f3 el Jefe del GOPE, quien a\u00f1adi\u00f3 que el deportista contaba con la indumentaria adecuada al entorno.<\/p>\n<p class=\"v1MsoNormal\" style=\"text-align: justify;\"><b>Condiciones favorables<\/b><\/p>\n<p class=\"v1MsoNormal\" style=\"text-align: justify;\">\u00abEl lugar se encontraba bastante nevado, la maniobra demor\u00f3 unas seis horas en total en llegar, logrando estabilizar y evacuar a esta persona. Las temperaturas y la condici\u00f3n clim\u00e1tica afortunadamente fueron favorables y no fue complejo en ese sentido, toda vez que cont\u00e1bamos con un buen techo para trabajar\u00bb, detall\u00f3 el Oficial, quien destac\u00f3 el trabajo conjunto del GOPE con rescatistas de frontera, civiles y gu\u00edas, labor mancomunada que permiti\u00f3 obtener un resultado positivo en la evacuaci\u00f3n de la persona accidentada.<\/p>\n<p class=\"v1MsoNormal\" style=\"text-align: justify;\">El Capit\u00e1n Troncoso formul\u00f3 un llamado a la comunidad y a los amantes del deporte blanco o actividades de monta\u00f1a, enfatizando en la necesidad de poseer experiencia, contar con la indumentaria, equipamiento e implementaci\u00f3n adecuada para la pr\u00e1ctica de esta disciplina.<\/p>\n<p class=\"v1MsoNormal\" style=\"text-align: justify;\">\u00abMuchas veces en el exceso de confianza ocurren accidentes. Nuestro llamado es a ser precavidos al momento de realizar estas maniobras de descenso con tabla\u00a0 esqu\u00ed\u00bb, precis\u00f3.<\/p>\n<\/div><\/section><\/div><div  style='height:50px' class='hr hr-invisible   avia-builder-el-6  el_after_av_one_full  el_before_av_social_share '><span class='hr-inner ' ><span class='hr-inner-style'><\/span><\/span><\/div><\/p>\n<div  class='av-social-sharing-box  avia-builder-el-7  el_after_av_hr  el_before_av_hr  '><div class='av-share-box'><h5 class='av-share-link-description av-no-toc '>Compartir esta noticia<\/h5><ul class='av-share-box-list noLightbox'><li class='av-share-link av-social-link-facebook' ><a target=\"_blank\" aria-label=\"Compartir en Facebook\" href='https:\/\/www.facebook.com\/sharer.php?u=https:\/\/radiorevelacionfm.cl\/?p=6455&#038;t=Trabajo%20conjunto%20del%20GOPE%20y%20Rescatistas%20permiti%C3%B3%20evacuaci%C3%B3n%20de%20esquiador%20lesionado%20en%20Cerro%20Castillo' aria-hidden='false' data-av_icon='\ue8f3' data-av_iconfont='entypo-fontello' title='' data-avia-related-tooltip='Compartir en Facebook' rel=\"noopener\"><span class='avia_hidden_link_text'>Compartir en Facebook<\/span><\/a><\/li><li class='av-share-link av-social-link-twitter' ><a target=\"_blank\" aria-label=\"Compartir en Twitter\" href='https:\/\/twitter.com\/share?text=Trabajo%20conjunto%20del%20GOPE%20y%20Rescatistas%20permiti%C3%B3%20evacuaci%C3%B3n%20de%20esquiador%20lesionado%20en%20Cerro%20Castillo&#038;url=https:\/\/radiorevelacionfm.cl\/?p=6455' aria-hidden='false' data-av_icon='\ue8f1' data-av_iconfont='entypo-fontello' title='' data-avia-related-tooltip='Compartir en Twitter' rel=\"noopener\"><span class='avia_hidden_link_text'>Compartir en Twitter<\/span><\/a><\/li><li class='av-share-link av-social-link-whatsapp' ><a target=\"_blank\" aria-label=\"Compartir en Whatsapp\" href='https:\/\/api.whatsapp.com\/send?text=https:\/\/radiorevelacionfm.cl\/?p=6455' aria-hidden='false' data-av_icon='\uf232' data-av_iconfont='entypo-fontello' title='' data-avia-related-tooltip='Compartir en Whatsapp' rel=\"noopener\"><span class='avia_hidden_link_text'>Compartir en Whatsapp<\/span><\/a><\/li><li class='av-share-link av-social-link-linkedin' ><a target=\"_blank\" aria-label=\"Compartir en LinkedIn\" href='https:\/\/linkedin.com\/shareArticle?mini=true&#038;title=Trabajo%20conjunto%20del%20GOPE%20y%20Rescatistas%20permiti%C3%B3%20evacuaci%C3%B3n%20de%20esquiador%20lesionado%20en%20Cerro%20Castillo&#038;url=https:\/\/radiorevelacionfm.cl\/?p=6455' aria-hidden='false' data-av_icon='\ue8fc' data-av_iconfont='entypo-fontello' title='' data-avia-related-tooltip='Compartir en LinkedIn' rel=\"noopener\"><span class='avia_hidden_link_text'>Compartir en LinkedIn<\/span><\/a><\/li><li class='av-share-link av-social-link-mail' ><a  aria-label=\"Compartir por correo\" href='mailto:?subject=Trabajo%20conjunto%20del%20GOPE%20y%20Rescatistas%20permiti%C3%B3%20evacuaci%C3%B3n%20de%20esquiador%20lesionado%20en%20Cerro%20Castillo&#038;body=https:\/\/radiorevelacionfm.cl\/?p=6455' aria-hidden='false' data-av_icon='\ue805' data-av_iconfont='entypo-fontello' title='' data-avia-related-tooltip='Compartir por correo'><span class='avia_hidden_link_text'>Compartir por correo<\/span><\/a><\/li><\/ul><\/div><\/div>\n<div  style='height:50px' class='hr hr-invisible   avia-builder-el-8  el_after_av_social_share  el_before_av_comments_list '><span class='hr-inner ' ><span class='hr-inner-style'><\/span><\/span><\/div>\n<div  class='av-buildercomment  av-blog-meta-html-info-disabled av-blog-meta-tag-disabled  '><\/div>\n","protected":false},"excerpt":{"rendered":"","protected":false},"author":1,"featured_media":6456,"comment_status":"open","ping_status":"open","sticky":false,"template":"","format":"standard","meta":{"footnotes":""},"categories":[36],"tags":[],"class_list":["post-6455","post","type-post","status-publish","format-standard","has-post-thumbnail","hentry","category-policial"],"jetpack_featured_media_url":"https:\/\/radiorevelacionfm.cl\/wp-content\/uploads\/2021\/07\/f1638087-5c80-4999-8461-293ff8b63c9a-1-1.jpg","_links":{"self":[{"href":"https:\/\/radiorevelacionfm.cl\/index.php?rest_route=\/wp\/v2\/posts\/6455","targetHints":{"allow":["GET"]}}],"collection":[{"href":"https:\/\/radiorevelacionfm.cl\/index.php?rest_route=\/wp\/v2\/posts"}],"about":[{"href":"https:\/\/radiorevelacionfm.cl\/index.php?rest_route=\/wp\/v2\/types\/post"}],"author":[{"embeddable":true,"href":"https:\/\/radiorevelacionfm.cl\/index.php?rest_route=\/wp\/v2\/users\/1"}],"replies":[{"embeddable":true,"href":"https:\/\/radiorevelacionfm.cl\/index.php?rest_route=%2Fwp%2Fv2%2Fcomments&post=6455"}],"version-history":[{"count":1,"href":"https:\/\/radiorevelacionfm.cl\/index.php?rest_route=\/wp\/v2\/posts\/6455\/revisions"}],"predecessor-version":[{"id":6457,"href":"https:\/\/radiorevelacionfm.cl\/index.php?rest_route=\/wp\/v2\/posts\/6455\/revisions\/6457"}],"wp:featuredmedia":[{"embeddable":true,"href":"https:\/\/radiorevelacionfm.cl\/index.php?rest_route=\/wp\/v2\/media\/6456"}],"wp:attachment":[{"href":"https:\/\/radiorevelacionfm.cl\/index.php?rest_route=%2Fwp%2Fv2%2Fmedia&parent=6455"}],"wp:term":[{"taxonomy":"category","embeddable":true,"href":"https:\/\/radiorevelacionfm.cl\/index.php?rest_route=%2Fwp%2Fv2%2Fcategories&post=6455"},{"taxonomy":"post_tag","embeddable":true,"href":"https:\/\/radiorevelacionfm.cl\/index.php?rest_route=%2Fwp%2Fv2%2Ftags&post=6455"}],"curies":[{"name":"wp","href":"https:\/\/api.w.org\/{rel}","templated":true}]}}