{"id":6450,"date":"2021-07-20T12:58:06","date_gmt":"2021-07-20T15:58:06","guid":{"rendered":"https:\/\/radiorevelacionfm.cl\/?p=6450"},"modified":"2021-07-20T12:58:06","modified_gmt":"2021-07-20T15:58:06","slug":"positivo-balance-realiza-pdi-de-servicio-elecciones-primarias-presidenciales","status":"publish","type":"post","link":"https:\/\/radiorevelacionfm.cl\/?p=6450","title":{"rendered":"Positivo balance realiza PDI de servicio elecciones primarias presidenciales"},"content":{"rendered":"<div class=\"flex_column av_one_full  flex_column_div av-zero-column-padding first  avia-builder-el-0  el_before_av_one_full  avia-builder-el-first  \" style='border-radius:0px; '><div  class='avia-image-container  av-styling-    avia-builder-el-1  avia-builder-el-no-sibling  avia-align-center '  itemprop=\"image\" itemscope=\"itemscope\" itemtype=\"https:\/\/schema.org\/ImageObject\"  ><div class='avia-image-container-inner'><div class='avia-image-overlay-wrap'><img decoding=\"async\" class='wp-image-6451 avia-img-lazy-loading-not-6451 avia_image' src=\"https:\/\/radiorevelacionfm.cl\/wp-content\/uploads\/2021\/07\/servicio-elecciones-primarias-aysen-000-1_optimized.jpg\" alt='' title='servicio-elecciones-primarias-ays\u00e9n-000-(1)_optimized' height=\"600\" width=\"926\"  itemprop=\"thumbnailUrl\" srcset=\"https:\/\/radiorevelacionfm.cl\/wp-content\/uploads\/2021\/07\/servicio-elecciones-primarias-aysen-000-1_optimized.jpg 926w, https:\/\/radiorevelacionfm.cl\/wp-content\/uploads\/2021\/07\/servicio-elecciones-primarias-aysen-000-1_optimized-300x194.jpg 300w, https:\/\/radiorevelacionfm.cl\/wp-content\/uploads\/2021\/07\/servicio-elecciones-primarias-aysen-000-1_optimized-768x498.jpg 768w, https:\/\/radiorevelacionfm.cl\/wp-content\/uploads\/2021\/07\/servicio-elecciones-primarias-aysen-000-1_optimized-705x457.jpg 705w, https:\/\/radiorevelacionfm.cl\/wp-content\/uploads\/2021\/07\/servicio-elecciones-primarias-aysen-000-1_optimized-600x389.jpg 600w\" sizes=\"(max-width: 926px) 100vw, 926px\" \/><\/div><\/div><\/div><\/div><div class=\"flex_column av_one_full  flex_column_div av-zero-column-padding first  avia-builder-el-2  el_after_av_one_full  el_before_av_one_full  column-top-margin\" style='border-radius:0px; '><section class=\"av_textblock_section \"  itemscope=\"itemscope\" itemtype=\"https:\/\/schema.org\/BlogPosting\" itemprop=\"blogPost\" ><div class='avia_textblock  '   itemprop=\"text\" ><p style=\"text-align: center;\"><strong><span style=\"font-size: 18pt;\">Positivo balance realiza PDI de servicio elecciones primarias presidenciales<\/span><\/strong><\/p>\n<div id=\"gtx-trans\" style=\"position: absolute; left: -50px; top: 4.31534px;\">\n<div class=\"gtx-trans-icon\"><\/div>\n<\/div>\n<\/div><\/section><\/div><div class=\"flex_column av_one_full  flex_column_div av-zero-column-padding first  avia-builder-el-4  el_after_av_one_full  el_before_av_hr  column-top-margin\" style='border-radius:0px; '><section class=\"av_textblock_section \"  itemscope=\"itemscope\" itemtype=\"https:\/\/schema.org\/BlogPosting\" itemprop=\"blogPost\" ><div class='avia_textblock  '   itemprop=\"text\" ><p style=\"text-align: justify;\">Para estas elecciones primarias presidenciales y hasta el t\u00e9rmino de las funciones de los colegios escrutadores, la PDI Ays\u00e9n moviliz\u00f3 un despliegue coordinado con el Jefe de Fuerza Regional de la Regi\u00f3n de Ays\u00e9n, General de Brigada Luis P\u00e9rez Astorga, en conjunto con las Fuerzas Armadas, de Orden y Seguridad, planificando y ejecutando medidas de resguardo, apoyo investigativo e inteligencia policial en cuanto al control del orden p\u00fablico, delitos flagrantes, atentados contra la autoridad u otras acciones enfocadas en la seguridad p\u00fablica de este importante acto eleccionario.<\/p>\n<p style=\"text-align: justify;\">A nivel regional, durante este fin de semana se llev\u00f3 a cabo un despliegue de detectives y funcionarios de la Regi\u00f3n Policial de Ays\u00e9n, apoyando con carros de patrullajes en el per\u00edmetro de los locales de votaciones y el control de las medidas sanitarias, tanto en las ciudades de Coyhaique y Puerto Ays\u00e9n. Adem\u00e1s, se fiscalizaron cuarentenas de casos positivos y contactos estrechos, residencias sanitarias, cordones sanitarios y a personas y veh\u00edculos en la v\u00eda p\u00fablica.<\/p>\n<p style=\"text-align: justify;\">Al respecto, el jefe de la Prefectura Provincial Coyhaique, prefecto H\u00e9ctor Moya Mart\u00ednez, destac\u00f3 la labor realizada por los detectives y funcionarios de la Regi\u00f3n Policial de Ays\u00e9n durante las elecciones, indicando que \u201cen las comunas de Coyhaique y Puerto Ays\u00e9n se realizaron patrullajes preventivos en coordinaci\u00f3n con las Fuerzas Armadas, de Orden y Seguridad, principalmente, en el per\u00edmetro de los locales de votaci\u00f3n para apoyar el resguardo de la seguridad durante este importante proceso eleccionario, adem\u00e1s, efectuamos el control de las medidas sanitarias en los cordones comerciales para verificar el cumplimiento de lo dispuesto por la autoridad sanitaria, monitoreando el proceso a trav\u00e9s del enlace PDI en el Puesto de Mando del Ej\u00e9rcito\u201d.<\/p>\n<p style=\"text-align: justify;\">El prefecto Moya a\u00f1adi\u00f3 que todos los servicios se desarrollaron sin novedades ni hechos delictivos asociados a las elecciones, ratific\u00e1ndose un proceso electoral ordenado y seguro en la regi\u00f3n de Ays\u00e9n, despleg\u00e1ndose a la dotaci\u00f3n operativa disponible para el control del orden p\u00fablico, la seguridad ciudadana y la investigaci\u00f3n de delitos durante el reciente fin de semana.<\/p>\n<\/div><\/section><\/div><div  style='height:50px' class='hr hr-invisible   avia-builder-el-6  el_after_av_one_full  el_before_av_social_share '><span class='hr-inner ' ><span class='hr-inner-style'><\/span><\/span><\/div><\/p>\n<div  class='av-social-sharing-box  avia-builder-el-7  el_after_av_hr  el_before_av_hr  '><div class='av-share-box'><h5 class='av-share-link-description av-no-toc '>Compartir esta noticia<\/h5><ul class='av-share-box-list noLightbox'><li class='av-share-link av-social-link-facebook' ><a target=\"_blank\" aria-label=\"Compartir en Facebook\" href='https:\/\/www.facebook.com\/sharer.php?u=https:\/\/radiorevelacionfm.cl\/?p=6450&#038;t=Positivo%20balance%20realiza%20PDI%20de%20servicio%20elecciones%20primarias%20presidenciales' aria-hidden='false' data-av_icon='\ue8f3' data-av_iconfont='entypo-fontello' title='' data-avia-related-tooltip='Compartir en Facebook' rel=\"noopener\"><span class='avia_hidden_link_text'>Compartir en Facebook<\/span><\/a><\/li><li class='av-share-link av-social-link-twitter' ><a target=\"_blank\" aria-label=\"Compartir en Twitter\" href='https:\/\/twitter.com\/share?text=Positivo%20balance%20realiza%20PDI%20de%20servicio%20elecciones%20primarias%20presidenciales&#038;url=https:\/\/radiorevelacionfm.cl\/?p=6450' aria-hidden='false' data-av_icon='\ue8f1' data-av_iconfont='entypo-fontello' title='' data-avia-related-tooltip='Compartir en Twitter' rel=\"noopener\"><span class='avia_hidden_link_text'>Compartir en Twitter<\/span><\/a><\/li><li class='av-share-link av-social-link-whatsapp' ><a target=\"_blank\" aria-label=\"Compartir en Whatsapp\" href='https:\/\/api.whatsapp.com\/send?text=https:\/\/radiorevelacionfm.cl\/?p=6450' aria-hidden='false' data-av_icon='\uf232' data-av_iconfont='entypo-fontello' title='' data-avia-related-tooltip='Compartir en Whatsapp' rel=\"noopener\"><span class='avia_hidden_link_text'>Compartir en Whatsapp<\/span><\/a><\/li><li class='av-share-link av-social-link-linkedin' ><a target=\"_blank\" aria-label=\"Compartir en LinkedIn\" href='https:\/\/linkedin.com\/shareArticle?mini=true&#038;title=Positivo%20balance%20realiza%20PDI%20de%20servicio%20elecciones%20primarias%20presidenciales&#038;url=https:\/\/radiorevelacionfm.cl\/?p=6450' aria-hidden='false' data-av_icon='\ue8fc' data-av_iconfont='entypo-fontello' title='' data-avia-related-tooltip='Compartir en LinkedIn' rel=\"noopener\"><span class='avia_hidden_link_text'>Compartir en LinkedIn<\/span><\/a><\/li><li class='av-share-link av-social-link-mail' ><a  aria-label=\"Compartir por correo\" href='mailto:?subject=Positivo%20balance%20realiza%20PDI%20de%20servicio%20elecciones%20primarias%20presidenciales&#038;body=https:\/\/radiorevelacionfm.cl\/?p=6450' aria-hidden='false' data-av_icon='\ue805' data-av_iconfont='entypo-fontello' title='' data-avia-related-tooltip='Compartir por correo'><span class='avia_hidden_link_text'>Compartir por correo<\/span><\/a><\/li><\/ul><\/div><\/div>\n<div  style='height:50px' class='hr hr-invisible   avia-builder-el-8  el_after_av_social_share  el_before_av_comments_list '><span class='hr-inner ' ><span class='hr-inner-style'><\/span><\/span><\/div>\n<div  class='av-buildercomment  av-blog-meta-html-info-disabled av-blog-meta-tag-disabled  '><\/div>\n","protected":false},"excerpt":{"rendered":"","protected":false},"author":1,"featured_media":6451,"comment_status":"open","ping_status":"open","sticky":false,"template":"","format":"standard","meta":{"footnotes":""},"categories":[36],"tags":[],"class_list":["post-6450","post","type-post","status-publish","format-standard","has-post-thumbnail","hentry","category-policial"],"jetpack_featured_media_url":"https:\/\/radiorevelacionfm.cl\/wp-content\/uploads\/2021\/07\/servicio-elecciones-primarias-aysen-000-1_optimized.jpg","_links":{"self":[{"href":"https:\/\/radiorevelacionfm.cl\/index.php?rest_route=\/wp\/v2\/posts\/6450","targetHints":{"allow":["GET"]}}],"collection":[{"href":"https:\/\/radiorevelacionfm.cl\/index.php?rest_route=\/wp\/v2\/posts"}],"about":[{"href":"https:\/\/radiorevelacionfm.cl\/index.php?rest_route=\/wp\/v2\/types\/post"}],"author":[{"embeddable":true,"href":"https:\/\/radiorevelacionfm.cl\/index.php?rest_route=\/wp\/v2\/users\/1"}],"replies":[{"embeddable":true,"href":"https:\/\/radiorevelacionfm.cl\/index.php?rest_route=%2Fwp%2Fv2%2Fcomments&post=6450"}],"version-history":[{"count":1,"href":"https:\/\/radiorevelacionfm.cl\/index.php?rest_route=\/wp\/v2\/posts\/6450\/revisions"}],"predecessor-version":[{"id":6452,"href":"https:\/\/radiorevelacionfm.cl\/index.php?rest_route=\/wp\/v2\/posts\/6450\/revisions\/6452"}],"wp:featuredmedia":[{"embeddable":true,"href":"https:\/\/radiorevelacionfm.cl\/index.php?rest_route=\/wp\/v2\/media\/6451"}],"wp:attachment":[{"href":"https:\/\/radiorevelacionfm.cl\/index.php?rest_route=%2Fwp%2Fv2%2Fmedia&parent=6450"}],"wp:term":[{"taxonomy":"category","embeddable":true,"href":"https:\/\/radiorevelacionfm.cl\/index.php?rest_route=%2Fwp%2Fv2%2Fcategories&post=6450"},{"taxonomy":"post_tag","embeddable":true,"href":"https:\/\/radiorevelacionfm.cl\/index.php?rest_route=%2Fwp%2Fv2%2Ftags&post=6450"}],"curies":[{"name":"wp","href":"https:\/\/api.w.org\/{rel}","templated":true}]}}