{"id":64472,"date":"2026-02-23T18:54:20","date_gmt":"2026-02-23T21:54:20","guid":{"rendered":"https:\/\/radiorevelacionfm.cl\/?p=64472"},"modified":"2026-02-23T18:54:20","modified_gmt":"2026-02-23T21:54:20","slug":"centro-comunitario-de-cuidados-de-puerto-aysen-realizo-hito-de-cierre-de-su-primer-ano-de-trabajo","status":"publish","type":"post","link":"https:\/\/radiorevelacionfm.cl\/?p=64472","title":{"rendered":"Centro Comunitario de Cuidados de Puerto Ays\u00e9n realiz\u00f3 hito de cierre de su primer a\u00f1o de trabajo"},"content":{"rendered":"<div class=\"flex_column av_one_full  flex_column_div av-zero-column-padding first  avia-builder-el-0  el_before_av_one_full  avia-builder-el-first  \" style='border-radius:0px; '><div  class='avia-image-container  av-styling-    avia-builder-el-1  avia-builder-el-no-sibling  avia-align-center '  itemprop=\"image\" itemscope=\"itemscope\" itemtype=\"https:\/\/schema.org\/ImageObject\"  ><div class='avia-image-container-inner'><div class='avia-image-overlay-wrap'><img decoding=\"async\" class='wp-image-64473 avia-img-lazy-loading-not-64473 avia_image' src=\"https:\/\/radiorevelacionfm.cl\/wp-content\/uploads\/2026\/02\/IMG_20260219_155805-1-1.jpg\" alt='' title='IMG_20260219_155805 (1) (1)' height=\"600\" width=\"800\"  itemprop=\"thumbnailUrl\" srcset=\"https:\/\/radiorevelacionfm.cl\/wp-content\/uploads\/2026\/02\/IMG_20260219_155805-1-1.jpg 800w, https:\/\/radiorevelacionfm.cl\/wp-content\/uploads\/2026\/02\/IMG_20260219_155805-1-1-300x225.jpg 300w, https:\/\/radiorevelacionfm.cl\/wp-content\/uploads\/2026\/02\/IMG_20260219_155805-1-1-768x576.jpg 768w, https:\/\/radiorevelacionfm.cl\/wp-content\/uploads\/2026\/02\/IMG_20260219_155805-1-1-705x529.jpg 705w, https:\/\/radiorevelacionfm.cl\/wp-content\/uploads\/2026\/02\/IMG_20260219_155805-1-1-450x338.jpg 450w, https:\/\/radiorevelacionfm.cl\/wp-content\/uploads\/2026\/02\/IMG_20260219_155805-1-1-600x450.jpg 600w\" sizes=\"(max-width: 800px) 100vw, 800px\" \/><\/div><\/div><\/div><\/div><div class=\"flex_column av_one_full  flex_column_div av-zero-column-padding first  avia-builder-el-2  el_after_av_one_full  el_before_av_one_full  column-top-margin\" style='border-radius:0px; '><section class=\"av_textblock_section \"  itemscope=\"itemscope\" itemtype=\"https:\/\/schema.org\/BlogPosting\" itemprop=\"blogPost\" ><div class='avia_textblock  '   itemprop=\"text\" ><p style=\"text-align: center;\"><strong><span style=\"font-size: 18pt;\">Centro Comunitario de Cuidados de Puerto Ays\u00e9n realiz\u00f3 hito de cierre de su primer a\u00f1o de trabajo<\/span><\/strong><\/p>\n<div id=\"gtx-trans\" style=\"position: absolute; left: -50px; top: 4.31534px;\">\n<div class=\"gtx-trans-icon\"><\/div>\n<\/div>\n<\/div><\/section><\/div><div class=\"flex_column av_one_full  flex_column_div av-zero-column-padding first  avia-builder-el-4  el_after_av_one_full  el_before_av_hr  column-top-margin\" style='border-radius:0px; '><section class=\"av_textblock_section \"  itemscope=\"itemscope\" itemtype=\"https:\/\/schema.org\/BlogPosting\" itemprop=\"blogPost\" ><div class='avia_textblock  '   itemprop=\"text\" ><p style=\"text-align: justify;\">Con una emotiva ceremonia que reuni\u00f3 a personas cuidadoras, autoridades regionales y comunales, equipos profesionales y organizaciones colaboradoras, se desarroll\u00f3 el\u00a0 Hito de Cierre con la Comunidad del primer a\u00f1o de ejecuci\u00f3n del Centro Comunitario de Cuidados (CCC) de Puerto Ays\u00e9n.<\/p>\n<p style=\"text-align: justify;\">Este espacio, impulsado en el marco de la pol\u00edtica p\u00fablica Chile Cuida del Ministerio de Desarrollo Social y Familia, fue inaugurado en abril de 2025 y, a casi un a\u00f1o de funcionamiento, se ha convertido en un importante apoyo para muchas familias, personas con discapacidad y, especialmente, para quienes ejercen labores de cuidado no remuneradas.<\/p>\n<p style=\"text-align: justify;\">Durante este periodo, el centro ha promovido el bienestar psicoemocional de las personas cuidadoras, facilitado el acceso a derechos mediante la gesti\u00f3n social, impulsado la participaci\u00f3n comunitaria y desarrollado servicios directos de apoyo al cuidado, consolid\u00e1ndose como un espacio integral de acompa\u00f1amiento.<\/p>\n<p style=\"text-align: justify;\">En la jornada se destac\u00f3 que el Centro Comunitario de Cuidados ha permitido visibilizar una labor hist\u00f3ricamente invisibilizada, promoviendo el cuidado como una responsabilidad compartida entre el Estado, la comunidad y las familias.<\/p>\n<p style=\"text-align: justify;\">Mar\u00eda Elizabeth Silva, presidenta de la agrupaci\u00f3n Fundaci\u00f3n Sue\u00f1o de Caro, organizaci\u00f3n cuyos integrantes tambi\u00e9n participan activamente en el centro, valor\u00f3 el impacto de esta iniciativa, \u201cyo lo encuentro muy lindo. Ha sido un verdadero aporte para las personas. Felicitar a quienes gestionaron esto, porque en realidad nadie se hab\u00eda preocupado antes por los cuidadores. Siempre se piensa en los pacientes, pero no en quien cuida. Espero que esto contin\u00fae y que el pr\u00f3ximo a\u00f1o sea a\u00fan mejor. A todos los profesionales que trabajan ac\u00e1, mis felicitaciones\u201d.<\/p>\n<p style=\"text-align: justify;\">En el marco de la ceremonia se realiz\u00f3 la entrega de diplomas de reconocimiento a las personas cuidadoras participantes, as\u00ed como a organizaciones, instituciones y talleristas que colaboraron durante el proceso. Este gesto simb\u00f3lico busc\u00f3 agradecer la dedicaci\u00f3n, el compromiso y la contribuci\u00f3n al fortalecimiento del tejido social en la comuna.<\/p>\n<p style=\"text-align: justify;\">Por su parte, la concejala <strong>Tatiana Villarroel Arancibia<\/strong> reafirm\u00f3 la relevancia del centro para la comuna, \u201ccreo que ha sido muy relevante contar con este centro en nuestra ciudad. La comuna de Ays\u00e9n fue una de las privilegiadas en tener uno de los pocos centros de cuidado que existen en Chile. Muchas personas, especialmente mujeres, se han visto beneficiadas. Relevar la salud emocional, f\u00edsica y mental de quienes tienen a su cargo el cuidado de un familiar siempre ser\u00e1 algo positivo. En su mayor\u00eda son mujeres, pero tambi\u00e9n hay hombres cuidadores, y ellos tambi\u00e9n deben tener la confianza de acercarse a este espacio\u201d.<\/p>\n<p style=\"text-align: justify;\">Desde el equipo organizador destacaron que este cierre no representa un final, sino la consolidaci\u00f3n de un proceso que deja aprendizajes, v\u00ednculos y una comunidad m\u00e1s consciente de la importancia del cuidado como pilar fundamental de la vida social.<\/p>\n<p style=\"text-align: justify;\">El Centro Comunitario de Cuidados de Puerto Ays\u00e9n reafirma as\u00ed su compromiso de continuar promoviendo una cultura del cuidado m\u00e1s justa, solidaria y corresponsable, proyectando los desaf\u00edos futuros con la experiencia y el trabajo colaborativo construidos durante este primer a\u00f1o.<\/p>\n<p style=\"text-align: justify;\">De momento, el centro se encuentra en busca de las personas que ser\u00e1n beneficiadas durante este nuevo periodo, los interesados podr\u00e1n realizar sus consultas al n\u00famero +56 9 2380 9574 o presencialmente en sus dependencias ubicadas en calle Arturo Prat N\u00b0 730.<\/p>\n<\/div><\/section><\/div><div  style='height:50px' class='hr hr-invisible   avia-builder-el-6  el_after_av_one_full  el_before_av_social_share '><span class='hr-inner ' ><span class='hr-inner-style'><\/span><\/span><\/div><\/p>\n<div  class='av-social-sharing-box  avia-builder-el-7  el_after_av_hr  el_before_av_hr  '><div class='av-share-box'><h5 class='av-share-link-description av-no-toc '>Compartir esta noticia<\/h5><ul class='av-share-box-list noLightbox'><li class='av-share-link av-social-link-facebook' ><a target=\"_blank\" aria-label=\"Compartir en Facebook\" href='https:\/\/www.facebook.com\/sharer.php?u=https:\/\/radiorevelacionfm.cl\/?p=64472&#038;t=Centro%20Comunitario%20de%20Cuidados%20de%20Puerto%20Ays%C3%A9n%20realiz%C3%B3%20hito%20de%20cierre%20de%20su%20primer%20a%C3%B1o%20de%20trabajo' aria-hidden='false' data-av_icon='\ue8f3' data-av_iconfont='entypo-fontello' title='' data-avia-related-tooltip='Compartir en Facebook' rel=\"noopener\"><span class='avia_hidden_link_text'>Compartir en Facebook<\/span><\/a><\/li><li class='av-share-link av-social-link-twitter' ><a target=\"_blank\" aria-label=\"Compartir en Twitter\" href='https:\/\/twitter.com\/share?text=Centro%20Comunitario%20de%20Cuidados%20de%20Puerto%20Ays%C3%A9n%20realiz%C3%B3%20hito%20de%20cierre%20de%20su%20primer%20a%C3%B1o%20de%20trabajo&#038;url=https:\/\/radiorevelacionfm.cl\/?p=64472' aria-hidden='false' data-av_icon='\ue8f1' data-av_iconfont='entypo-fontello' title='' data-avia-related-tooltip='Compartir en Twitter' rel=\"noopener\"><span class='avia_hidden_link_text'>Compartir en Twitter<\/span><\/a><\/li><li class='av-share-link av-social-link-whatsapp' ><a target=\"_blank\" aria-label=\"Compartir en Whatsapp\" href='https:\/\/api.whatsapp.com\/send?text=https:\/\/radiorevelacionfm.cl\/?p=64472' aria-hidden='false' data-av_icon='\uf232' data-av_iconfont='entypo-fontello' title='' data-avia-related-tooltip='Compartir en Whatsapp' rel=\"noopener\"><span class='avia_hidden_link_text'>Compartir en Whatsapp<\/span><\/a><\/li><li class='av-share-link av-social-link-linkedin' ><a target=\"_blank\" aria-label=\"Compartir en LinkedIn\" href='https:\/\/linkedin.com\/shareArticle?mini=true&#038;title=Centro%20Comunitario%20de%20Cuidados%20de%20Puerto%20Ays%C3%A9n%20realiz%C3%B3%20hito%20de%20cierre%20de%20su%20primer%20a%C3%B1o%20de%20trabajo&#038;url=https:\/\/radiorevelacionfm.cl\/?p=64472' aria-hidden='false' data-av_icon='\ue8fc' data-av_iconfont='entypo-fontello' title='' data-avia-related-tooltip='Compartir en LinkedIn' rel=\"noopener\"><span class='avia_hidden_link_text'>Compartir en LinkedIn<\/span><\/a><\/li><li class='av-share-link av-social-link-mail' ><a  aria-label=\"Compartir por correo\" href='mailto:?subject=Centro%20Comunitario%20de%20Cuidados%20de%20Puerto%20Ays%C3%A9n%20realiz%C3%B3%20hito%20de%20cierre%20de%20su%20primer%20a%C3%B1o%20de%20trabajo&#038;body=https:\/\/radiorevelacionfm.cl\/?p=64472' aria-hidden='false' data-av_icon='\ue805' data-av_iconfont='entypo-fontello' title='' data-avia-related-tooltip='Compartir por correo'><span class='avia_hidden_link_text'>Compartir por correo<\/span><\/a><\/li><\/ul><\/div><\/div>\n<div  style='height:50px' class='hr hr-invisible   avia-builder-el-8  el_after_av_social_share  el_before_av_comments_list '><span class='hr-inner ' ><span class='hr-inner-style'><\/span><\/span><\/div>\n<div  class='av-buildercomment  av-blog-meta-html-info-disabled av-blog-meta-tag-disabled  '><\/div>\n","protected":false},"excerpt":{"rendered":"","protected":false},"author":1,"featured_media":64473,"comment_status":"closed","ping_status":"closed","sticky":false,"template":"","format":"standard","meta":{"footnotes":""},"categories":[38],"tags":[],"class_list":["post-64472","post","type-post","status-publish","format-standard","has-post-thumbnail","hentry","category-regional"],"jetpack_featured_media_url":"https:\/\/radiorevelacionfm.cl\/wp-content\/uploads\/2026\/02\/IMG_20260219_155805-1-1.jpg","_links":{"self":[{"href":"https:\/\/radiorevelacionfm.cl\/index.php?rest_route=\/wp\/v2\/posts\/64472","targetHints":{"allow":["GET"]}}],"collection":[{"href":"https:\/\/radiorevelacionfm.cl\/index.php?rest_route=\/wp\/v2\/posts"}],"about":[{"href":"https:\/\/radiorevelacionfm.cl\/index.php?rest_route=\/wp\/v2\/types\/post"}],"author":[{"embeddable":true,"href":"https:\/\/radiorevelacionfm.cl\/index.php?rest_route=\/wp\/v2\/users\/1"}],"replies":[{"embeddable":true,"href":"https:\/\/radiorevelacionfm.cl\/index.php?rest_route=%2Fwp%2Fv2%2Fcomments&post=64472"}],"version-history":[{"count":2,"href":"https:\/\/radiorevelacionfm.cl\/index.php?rest_route=\/wp\/v2\/posts\/64472\/revisions"}],"predecessor-version":[{"id":64475,"href":"https:\/\/radiorevelacionfm.cl\/index.php?rest_route=\/wp\/v2\/posts\/64472\/revisions\/64475"}],"wp:featuredmedia":[{"embeddable":true,"href":"https:\/\/radiorevelacionfm.cl\/index.php?rest_route=\/wp\/v2\/media\/64473"}],"wp:attachment":[{"href":"https:\/\/radiorevelacionfm.cl\/index.php?rest_route=%2Fwp%2Fv2%2Fmedia&parent=64472"}],"wp:term":[{"taxonomy":"category","embeddable":true,"href":"https:\/\/radiorevelacionfm.cl\/index.php?rest_route=%2Fwp%2Fv2%2Fcategories&post=64472"},{"taxonomy":"post_tag","embeddable":true,"href":"https:\/\/radiorevelacionfm.cl\/index.php?rest_route=%2Fwp%2Fv2%2Ftags&post=64472"}],"curies":[{"name":"wp","href":"https:\/\/api.w.org\/{rel}","templated":true}]}}