{"id":64468,"date":"2026-02-23T18:36:09","date_gmt":"2026-02-23T21:36:09","guid":{"rendered":"https:\/\/radiorevelacionfm.cl\/?p=64468"},"modified":"2026-02-23T18:36:09","modified_gmt":"2026-02-23T21:36:09","slug":"sernameg-refuerza-llamado-a-organizaciones-ultima-semana-para-postular-al-programa-buenas-practicas-laborales-con-equidad-de-genero","status":"publish","type":"post","link":"https:\/\/radiorevelacionfm.cl\/?p=64468","title":{"rendered":"SernamEG refuerza llamado a organizaciones: \u00daltima semana para postular al Programa Buenas Pr\u00e1cticas Laborales con Equidad de G\u00e9nero"},"content":{"rendered":"<div class=\"flex_column av_one_full  flex_column_div av-zero-column-padding first  avia-builder-el-0  el_before_av_one_full  avia-builder-el-first  \" style='border-radius:0px; '><div  class='avia-image-container  av-styling-    avia-builder-el-1  avia-builder-el-no-sibling  avia-align-center '  itemprop=\"image\" itemscope=\"itemscope\" itemtype=\"https:\/\/schema.org\/ImageObject\"  ><div class='avia-image-container-inner'><div class='avia-image-overlay-wrap'><img decoding=\"async\" class='wp-image-64469 avia-img-lazy-loading-not-64469 avia_image' src=\"https:\/\/radiorevelacionfm.cl\/wp-content\/uploads\/2026\/02\/BPLEG-3-1-1-1.jpeg\" alt='' title='BPLEG 3 (1) (1) (1)' height=\"600\" width=\"800\"  itemprop=\"thumbnailUrl\" srcset=\"https:\/\/radiorevelacionfm.cl\/wp-content\/uploads\/2026\/02\/BPLEG-3-1-1-1.jpeg 800w, https:\/\/radiorevelacionfm.cl\/wp-content\/uploads\/2026\/02\/BPLEG-3-1-1-1-300x225.jpeg 300w, https:\/\/radiorevelacionfm.cl\/wp-content\/uploads\/2026\/02\/BPLEG-3-1-1-1-768x576.jpeg 768w, https:\/\/radiorevelacionfm.cl\/wp-content\/uploads\/2026\/02\/BPLEG-3-1-1-1-705x529.jpeg 705w, https:\/\/radiorevelacionfm.cl\/wp-content\/uploads\/2026\/02\/BPLEG-3-1-1-1-450x338.jpeg 450w, https:\/\/radiorevelacionfm.cl\/wp-content\/uploads\/2026\/02\/BPLEG-3-1-1-1-600x450.jpeg 600w\" sizes=\"(max-width: 800px) 100vw, 800px\" \/><\/div><\/div><\/div><\/div><div class=\"flex_column av_one_full  flex_column_div av-zero-column-padding first  avia-builder-el-2  el_after_av_one_full  el_before_av_one_full  column-top-margin\" style='border-radius:0px; '><section class=\"av_textblock_section \"  itemscope=\"itemscope\" itemtype=\"https:\/\/schema.org\/BlogPosting\" itemprop=\"blogPost\" ><div class='avia_textblock  '   itemprop=\"text\" ><p style=\"text-align: center;\"><strong><span style=\"font-size: 18pt;\">SernamEG refuerza llamado a organizaciones: \u00daltima semana para postular al Programa Buenas Pr\u00e1cticas Laborales con Equidad de G\u00e9nero<\/span><\/strong><\/p>\n<div id=\"gtx-trans\" style=\"position: absolute; left: -50px; top: 4.31534px;\">\n<div class=\"gtx-trans-icon\"><\/div>\n<\/div>\n<\/div><\/section><\/div><div class=\"flex_column av_one_full  flex_column_div av-zero-column-padding first  avia-builder-el-4  el_after_av_one_full  el_before_av_hr  column-top-margin\" style='border-radius:0px; '><section class=\"av_textblock_section \"  itemscope=\"itemscope\" itemtype=\"https:\/\/schema.org\/BlogPosting\" itemprop=\"blogPost\" ><div class='avia_textblock  '   itemprop=\"text\" ><p style=\"text-align: justify;\">Hasta este viernes 27 de febrero estar\u00e1n abiertas las postulaciones al Programa Buenas Pr\u00e1cticas Laborales con Equidad de G\u00e9nero (BPLEG), una instancia que lleva a cabo el Servicio Nacional de la Mujer y la Equidad de G\u00e9nero (SernamEG) para promover un cambio cultural en organizaciones tanto p\u00fablicas como privadas.<\/p>\n<p style=\"text-align: justify;\">Este programa busca disminuir las desigualdades de g\u00e9nero en las organizaciones laborales, promoviendo la participaci\u00f3n, permanencia y desarrollo de la diversidad de mujeres en el mundo del trabajo, mediante la implementaci\u00f3n de buenas pr\u00e1cticas laborales con enfoque de g\u00e9nero, corresponsabilidad de los cuidados y conciliaci\u00f3n de la vida laboral, personal y familiar.<\/p>\n<p style=\"text-align: justify;\">De esta manera, las organizaciones que participen podr\u00e1n: i)recibir acompa\u00f1amiento para reducir brechas de g\u00e9nero y fortalecer su gesti\u00f3n organizacional; ii) avanzar hacia la certificaci\u00f3n en la Norma NCh 3262 y postular al Sello Iguala\u2013Conciliaci\u00f3n; iii) tener acceso a diversos cursos para su personal de escuelas e-learning en la materia.<\/p>\n<p style=\"text-align: justify;\">\u201cInvitamos a todas las organizaciones del territorio, tanto p\u00fablicas como privadas, a ingresar a nuestro sitio web y postular a este programa. Gracias a esta iniciativa, en los \u00faltimos a\u00f1os hemos avanzando en generar entornos laborales inclusivos, libres de discriminaci\u00f3n y violencia de g\u00e9nero, pero a\u00fan nos queda mucho camino por recorrer\u201d, se\u00f1al\u00f3 la directora regional del SernamEG, Patricia Baeza Cabezas.<\/p>\n<p style=\"text-align: justify;\">Los requisitos para postular al programa son:<\/p>\n<ul style=\"text-align: justify;\">\n<li>Ser una organizaci\u00f3n laboral p\u00fablica o privada, con operaci\u00f3n en Chile.<\/li>\n<li>Contar con voluntad institucional de avanzar en equidad de g\u00e9nero y cambios culturales.<\/li>\n<li>Designar una contraparte institucional responsable del proceso, y una suplencia.<\/li>\n<li>Disposici\u00f3n a conformar o fortalecer un Comit\u00e9 BPLEG o Comit\u00e9 de G\u00e9nero.<\/li>\n<li>Compromiso de participaci\u00f3n en las actividades del programa y cumplimiento de plazos.<\/li>\n<\/ul>\n<p style=\"text-align: justify;\">El proceso de inscripci\u00f3n permanecer\u00e1 abierto hasta el viernes 27 febrero, y las postulaciones se deben realizar directamente desde el sitio web sernameg.gob.cl.<\/p>\n<\/div><\/section><\/div><div  style='height:50px' class='hr hr-invisible   avia-builder-el-6  el_after_av_one_full  el_before_av_social_share '><span class='hr-inner ' ><span class='hr-inner-style'><\/span><\/span><\/div><\/p>\n<div  class='av-social-sharing-box  avia-builder-el-7  el_after_av_hr  el_before_av_hr  '><div class='av-share-box'><h5 class='av-share-link-description av-no-toc '>Compartir esta noticia<\/h5><ul class='av-share-box-list noLightbox'><li class='av-share-link av-social-link-facebook' ><a target=\"_blank\" aria-label=\"Compartir en Facebook\" href='https:\/\/www.facebook.com\/sharer.php?u=https:\/\/radiorevelacionfm.cl\/?p=64468&#038;t=SernamEG%20refuerza%20llamado%20a%20organizaciones%3A%20%C3%9Altima%20semana%20para%20postular%20al%20Programa%20Buenas%20Pr%C3%A1cticas%20Laborales%20con%20Equidad%20de%20G%C3%A9nero' aria-hidden='false' data-av_icon='\ue8f3' data-av_iconfont='entypo-fontello' title='' data-avia-related-tooltip='Compartir en Facebook' rel=\"noopener\"><span class='avia_hidden_link_text'>Compartir en Facebook<\/span><\/a><\/li><li class='av-share-link av-social-link-twitter' ><a target=\"_blank\" aria-label=\"Compartir en Twitter\" href='https:\/\/twitter.com\/share?text=SernamEG%20refuerza%20llamado%20a%20organizaciones%3A%20%C3%9Altima%20semana%20para%20postular%20al%20Programa%20Buenas%20Pr%C3%A1cticas%20Laborales%20con%20Equidad%20de%20G%C3%A9nero&#038;url=https:\/\/radiorevelacionfm.cl\/?p=64468' aria-hidden='false' data-av_icon='\ue8f1' data-av_iconfont='entypo-fontello' title='' data-avia-related-tooltip='Compartir en Twitter' rel=\"noopener\"><span class='avia_hidden_link_text'>Compartir en Twitter<\/span><\/a><\/li><li class='av-share-link av-social-link-whatsapp' ><a target=\"_blank\" aria-label=\"Compartir en Whatsapp\" href='https:\/\/api.whatsapp.com\/send?text=https:\/\/radiorevelacionfm.cl\/?p=64468' aria-hidden='false' data-av_icon='\uf232' data-av_iconfont='entypo-fontello' title='' data-avia-related-tooltip='Compartir en Whatsapp' rel=\"noopener\"><span class='avia_hidden_link_text'>Compartir en Whatsapp<\/span><\/a><\/li><li class='av-share-link av-social-link-linkedin' ><a target=\"_blank\" aria-label=\"Compartir en LinkedIn\" href='https:\/\/linkedin.com\/shareArticle?mini=true&#038;title=SernamEG%20refuerza%20llamado%20a%20organizaciones%3A%20%C3%9Altima%20semana%20para%20postular%20al%20Programa%20Buenas%20Pr%C3%A1cticas%20Laborales%20con%20Equidad%20de%20G%C3%A9nero&#038;url=https:\/\/radiorevelacionfm.cl\/?p=64468' aria-hidden='false' data-av_icon='\ue8fc' data-av_iconfont='entypo-fontello' title='' data-avia-related-tooltip='Compartir en LinkedIn' rel=\"noopener\"><span class='avia_hidden_link_text'>Compartir en LinkedIn<\/span><\/a><\/li><li class='av-share-link av-social-link-mail' ><a  aria-label=\"Compartir por correo\" href='mailto:?subject=SernamEG%20refuerza%20llamado%20a%20organizaciones%3A%20%C3%9Altima%20semana%20para%20postular%20al%20Programa%20Buenas%20Pr%C3%A1cticas%20Laborales%20con%20Equidad%20de%20G%C3%A9nero&#038;body=https:\/\/radiorevelacionfm.cl\/?p=64468' aria-hidden='false' data-av_icon='\ue805' data-av_iconfont='entypo-fontello' title='' data-avia-related-tooltip='Compartir por correo'><span class='avia_hidden_link_text'>Compartir por correo<\/span><\/a><\/li><\/ul><\/div><\/div>\n<div  style='height:50px' class='hr hr-invisible   avia-builder-el-8  el_after_av_social_share  el_before_av_comments_list '><span class='hr-inner ' ><span class='hr-inner-style'><\/span><\/span><\/div>\n<div  class='av-buildercomment  av-blog-meta-html-info-disabled av-blog-meta-tag-disabled  '><\/div>\n","protected":false},"excerpt":{"rendered":"","protected":false},"author":1,"featured_media":64469,"comment_status":"closed","ping_status":"closed","sticky":false,"template":"","format":"standard","meta":{"footnotes":""},"categories":[38],"tags":[],"class_list":["post-64468","post","type-post","status-publish","format-standard","has-post-thumbnail","hentry","category-regional"],"jetpack_featured_media_url":"https:\/\/radiorevelacionfm.cl\/wp-content\/uploads\/2026\/02\/BPLEG-3-1-1-1.jpeg","_links":{"self":[{"href":"https:\/\/radiorevelacionfm.cl\/index.php?rest_route=\/wp\/v2\/posts\/64468","targetHints":{"allow":["GET"]}}],"collection":[{"href":"https:\/\/radiorevelacionfm.cl\/index.php?rest_route=\/wp\/v2\/posts"}],"about":[{"href":"https:\/\/radiorevelacionfm.cl\/index.php?rest_route=\/wp\/v2\/types\/post"}],"author":[{"embeddable":true,"href":"https:\/\/radiorevelacionfm.cl\/index.php?rest_route=\/wp\/v2\/users\/1"}],"replies":[{"embeddable":true,"href":"https:\/\/radiorevelacionfm.cl\/index.php?rest_route=%2Fwp%2Fv2%2Fcomments&post=64468"}],"version-history":[{"count":2,"href":"https:\/\/radiorevelacionfm.cl\/index.php?rest_route=\/wp\/v2\/posts\/64468\/revisions"}],"predecessor-version":[{"id":64471,"href":"https:\/\/radiorevelacionfm.cl\/index.php?rest_route=\/wp\/v2\/posts\/64468\/revisions\/64471"}],"wp:featuredmedia":[{"embeddable":true,"href":"https:\/\/radiorevelacionfm.cl\/index.php?rest_route=\/wp\/v2\/media\/64469"}],"wp:attachment":[{"href":"https:\/\/radiorevelacionfm.cl\/index.php?rest_route=%2Fwp%2Fv2%2Fmedia&parent=64468"}],"wp:term":[{"taxonomy":"category","embeddable":true,"href":"https:\/\/radiorevelacionfm.cl\/index.php?rest_route=%2Fwp%2Fv2%2Fcategories&post=64468"},{"taxonomy":"post_tag","embeddable":true,"href":"https:\/\/radiorevelacionfm.cl\/index.php?rest_route=%2Fwp%2Fv2%2Ftags&post=64468"}],"curies":[{"name":"wp","href":"https:\/\/api.w.org\/{rel}","templated":true}]}}