{"id":64463,"date":"2026-02-23T15:05:52","date_gmt":"2026-02-23T18:05:52","guid":{"rendered":"https:\/\/radiorevelacionfm.cl\/?p=64463"},"modified":"2026-02-23T15:05:52","modified_gmt":"2026-02-23T18:05:52","slug":"un-total-de-15-mujeres-de-coyhaique-se-capacitaron-en-el-cuidado-de-personas-mayores","status":"publish","type":"post","link":"https:\/\/radiorevelacionfm.cl\/?p=64463","title":{"rendered":"Un total de 15 mujeres de Coyhaique se capacitaron en el cuidado de personas mayores"},"content":{"rendered":"<div class=\"flex_column av_one_full  flex_column_div av-zero-column-padding first  avia-builder-el-0  el_before_av_one_full  avia-builder-el-first  \" style='border-radius:0px; '><div  class='avia-image-container  av-styling-    avia-builder-el-1  avia-builder-el-no-sibling  avia-align-center '  itemprop=\"image\" itemscope=\"itemscope\" itemtype=\"https:\/\/schema.org\/ImageObject\"  ><div class='avia-image-container-inner'><div class='avia-image-overlay-wrap'><img decoding=\"async\" class='wp-image-64464 avia-img-lazy-loading-not-64464 avia_image' src=\"https:\/\/radiorevelacionfm.cl\/wp-content\/uploads\/2026\/02\/1-2026-02-23T145824.659-1-1.jpeg\" alt='' title='1 - 2026-02-23T145824.659 (1) (1)' height=\"600\" width=\"1067\"  itemprop=\"thumbnailUrl\" srcset=\"https:\/\/radiorevelacionfm.cl\/wp-content\/uploads\/2026\/02\/1-2026-02-23T145824.659-1-1.jpeg 1067w, https:\/\/radiorevelacionfm.cl\/wp-content\/uploads\/2026\/02\/1-2026-02-23T145824.659-1-1-300x169.jpeg 300w, https:\/\/radiorevelacionfm.cl\/wp-content\/uploads\/2026\/02\/1-2026-02-23T145824.659-1-1-1030x579.jpeg 1030w, https:\/\/radiorevelacionfm.cl\/wp-content\/uploads\/2026\/02\/1-2026-02-23T145824.659-1-1-768x432.jpeg 768w, https:\/\/radiorevelacionfm.cl\/wp-content\/uploads\/2026\/02\/1-2026-02-23T145824.659-1-1-705x396.jpeg 705w, https:\/\/radiorevelacionfm.cl\/wp-content\/uploads\/2026\/02\/1-2026-02-23T145824.659-1-1-450x253.jpeg 450w, https:\/\/radiorevelacionfm.cl\/wp-content\/uploads\/2026\/02\/1-2026-02-23T145824.659-1-1-600x337.jpeg 600w\" sizes=\"(max-width: 1067px) 100vw, 1067px\" \/><\/div><\/div><\/div><\/div><div class=\"flex_column av_one_full  flex_column_div av-zero-column-padding first  avia-builder-el-2  el_after_av_one_full  el_before_av_one_full  column-top-margin\" style='border-radius:0px; '><section class=\"av_textblock_section \"  itemscope=\"itemscope\" itemtype=\"https:\/\/schema.org\/BlogPosting\" itemprop=\"blogPost\" ><div class='avia_textblock  '   itemprop=\"text\" ><p style=\"text-align: center;\"><strong><span style=\"font-size: 18pt;\">Un total de 15 mujeres de Coyhaique se capacitaron en el cuidado de personas mayores<\/span><\/strong><\/p>\n<div id=\"gtx-trans\" style=\"position: absolute; left: -50px; top: 4.31534px;\">\n<div class=\"gtx-trans-icon\"><\/div>\n<\/div>\n<\/div><\/section><\/div><div class=\"flex_column av_one_full  flex_column_div av-zero-column-padding first  avia-builder-el-4  el_after_av_one_full  el_before_av_hr  column-top-margin\" style='border-radius:0px; '><section class=\"av_textblock_section \"  itemscope=\"itemscope\" itemtype=\"https:\/\/schema.org\/BlogPosting\" itemprop=\"blogPost\" ><div class='avia_textblock  '   itemprop=\"text\" ><ul>\n<li style=\"text-align: justify;\"><em>La iniciativa impulsada por el FOSIS y financiada por el 8% FNDR permiti\u00f3 a las usuarias acceder a 70 horas de capacitaci\u00f3n certificada sobre t\u00e9cnicas y pr\u00e1cticas de cuidado.<\/em><\/li>\n<\/ul>\n<p style=\"text-align: justify;\">\u00abM\u00e1s cuidadoras para Chile\u00bb se denomin\u00f3 el proyecto financiado gracias al 8% del FNDR, con recursos aprobados por el Gobierno Regional de Ays\u00e9n y su Consejo e impulsado por el Fondo de Solidaridad e Inversi\u00f3n Social, FOSIS, donde 15 mujeres de la comuna de Coyhaique participaron en cursos sobre t\u00e9cnicas y pr\u00e1cticas de cuidado, promoviendo el respeto, la empat\u00eda y la dignidad en el trato hacia las personas mayores, con el fin de asegurar su bienestar y seguridad.<\/p>\n<p style=\"text-align: justify;\">La ceremonia de cierre y certificaci\u00f3n de esta iniciativa se llev\u00f3 a cabo en el Liceo Josefina Aguirre Montenegro de Coyhaique, donde se realizaron las capacitaciones impartidas con el apoyo de la OTEC Ays\u00e9n Consultores. En este hito culmine del proyecto particip\u00f3 la delegada presidencial regional (s), \u00darsula Mix; la jefa de divisi\u00f3n de desarrollo social y humano del Gobierno Regional de Ays\u00e9n, Dominique Br\u00e4utigam; el consejero regional, Rocco Martiniello; la seremi de Desarrollo Social y Familia, Karina Acevedo y la directora regional del FOSIS, Fernanda Leiva.<\/p>\n<p style=\"text-align: justify;\">Patricia Foitzick, usuaria del programa M\u00e1s cuidadoras para Chile, asegur\u00f3 que \u201cpara m\u00ed lo m\u00e1s importante fue capacitarme y visibilizar lo que es cuidar a una persona mayor en casa. Cuando entr\u00e9 pensaba que era la \u00fanica que cuidaba a una persona en casa y veo que hay 15 mujeres que hacen lo mismo que yo, con las mismas dudas y las mismas necesidades. Empezamos a comunicarnos y vimos que eran muchas m\u00e1s personas que necesitaban este cuidado. Formamos una red de mujeres y queremos organizarnos para lograr capacitarnos m\u00e1s e invitar a m\u00e1s personas que tienen esta necesidad\u201d.<\/p>\n<p style=\"text-align: justify;\">La directora regional del FOSIS, Fernanda Leiva, agreg\u00f3 que \u201cesta iniciativa contempl\u00f3 no solo herramientas para que las personas ejercieran las labores de cuidado, sino tambi\u00e9n conocimientos y herramientas que les permitieran el autocuidado como personas cuidadoras. Estamos muy contentos porque podemos contribuir as\u00ed al Sistema Nacional de Apoyos y Cuidado y a toda la red que se est\u00e1 trabajando, tanto desde el Gobierno como de otras instituciones, para as\u00ed aportar a que las personas cuidadoras sean visibilizadas, tengan herramientas y puedan organizarse\u201d.<\/p>\n<p style=\"text-align: justify;\">Dominique Brautigam, jefa de la divisi\u00f3n de desarrollo social y humano del Gobierno Regional de Ays\u00e9n, destac\u00f3 que \u201cestamos orgullosos porque hemos visto a mujeres consolidadas que adquirieron nuevas herramientas para potenciar cuidados de familiares y personas cercanas que necesitan este apoyo. Felices de aportar y financiar este tipo de iniciativas a trav\u00e9s del fondo Ays\u00e9n Crece en Comunidad, el cual ya est\u00e1 abierto para que organizaciones sin fines de lucro puedan postular hasta el 18 de marzo\u201d.<\/p>\n<p style=\"text-align: justify;\">La delegada presidencial regional (s), \u00darsula Mix, valor\u00f3 el trabajo realizado por el FOSIS y recalc\u00f3 que \u201cesto les va a facilitar la vida y les da una oportunidad labora. Hemos visto el lindo esp\u00edritu de agrupaci\u00f3n que tienen y ellas nos prometieron que se van a organizar, por lo tanto, vemos que cuando la pol\u00edtica publica se pone a disposici\u00f3n de los temas relevantes, como es el de las cuidadoras, que tambi\u00e9n ha sido una prioridad para este Gobierno, mejora la calidad de vida de estas mujeres. Estamos muy contentos con lo desarrollado por este proyecto\u201d.<\/p>\n<p style=\"text-align: justify;\">La iniciativa contempl\u00f3 un total de 70 horas de capacitaciones centradas en estrategias para el autocuidado de la cuidadora, t\u00e9cnicas de identificaci\u00f3n y chequeo cl\u00ednico funcional, f\u00edsico y cognitivo; mantenimiento y mejora de la salud en procesos de cuidado de la persona mayor y cuidados b\u00e1sicos de salud para personas mayores.<\/p>\n<p style=\"text-align: justify;\">Las personas usuarias del proyecto \u201cM\u00e1s cuidadoras para Chile\u201d fueron derivadas del programa Familias, supervisado t\u00e9cnicamente por el FOSIS y que pertenece al subsistema de Seguridades y Oportunidades, parte del Sistema de Protecci\u00f3n Social del Ministerio de Desarrollo Social y Familia.<\/p>\n<\/div><\/section><\/div><div  style='height:50px' class='hr hr-invisible   avia-builder-el-6  el_after_av_one_full  el_before_av_social_share '><span class='hr-inner ' ><span class='hr-inner-style'><\/span><\/span><\/div><\/p>\n<div  class='av-social-sharing-box  avia-builder-el-7  el_after_av_hr  el_before_av_hr  '><div class='av-share-box'><h5 class='av-share-link-description av-no-toc '>Compartir esta noticia<\/h5><ul class='av-share-box-list noLightbox'><li class='av-share-link av-social-link-facebook' ><a target=\"_blank\" aria-label=\"Compartir en Facebook\" href='https:\/\/www.facebook.com\/sharer.php?u=https:\/\/radiorevelacionfm.cl\/?p=64463&#038;t=Un%20total%20de%2015%20mujeres%20de%20Coyhaique%20se%20capacitaron%20en%20el%20cuidado%20de%20personas%20mayores' aria-hidden='false' data-av_icon='\ue8f3' data-av_iconfont='entypo-fontello' title='' data-avia-related-tooltip='Compartir en Facebook' rel=\"noopener\"><span class='avia_hidden_link_text'>Compartir en Facebook<\/span><\/a><\/li><li class='av-share-link av-social-link-twitter' ><a target=\"_blank\" aria-label=\"Compartir en Twitter\" href='https:\/\/twitter.com\/share?text=Un%20total%20de%2015%20mujeres%20de%20Coyhaique%20se%20capacitaron%20en%20el%20cuidado%20de%20personas%20mayores&#038;url=https:\/\/radiorevelacionfm.cl\/?p=64463' aria-hidden='false' data-av_icon='\ue8f1' data-av_iconfont='entypo-fontello' title='' data-avia-related-tooltip='Compartir en Twitter' rel=\"noopener\"><span class='avia_hidden_link_text'>Compartir en Twitter<\/span><\/a><\/li><li class='av-share-link av-social-link-whatsapp' ><a target=\"_blank\" aria-label=\"Compartir en Whatsapp\" href='https:\/\/api.whatsapp.com\/send?text=https:\/\/radiorevelacionfm.cl\/?p=64463' aria-hidden='false' data-av_icon='\uf232' data-av_iconfont='entypo-fontello' title='' data-avia-related-tooltip='Compartir en Whatsapp' rel=\"noopener\"><span class='avia_hidden_link_text'>Compartir en Whatsapp<\/span><\/a><\/li><li class='av-share-link av-social-link-linkedin' ><a target=\"_blank\" aria-label=\"Compartir en LinkedIn\" href='https:\/\/linkedin.com\/shareArticle?mini=true&#038;title=Un%20total%20de%2015%20mujeres%20de%20Coyhaique%20se%20capacitaron%20en%20el%20cuidado%20de%20personas%20mayores&#038;url=https:\/\/radiorevelacionfm.cl\/?p=64463' aria-hidden='false' data-av_icon='\ue8fc' data-av_iconfont='entypo-fontello' title='' data-avia-related-tooltip='Compartir en LinkedIn' rel=\"noopener\"><span class='avia_hidden_link_text'>Compartir en LinkedIn<\/span><\/a><\/li><li class='av-share-link av-social-link-mail' ><a  aria-label=\"Compartir por correo\" href='mailto:?subject=Un%20total%20de%2015%20mujeres%20de%20Coyhaique%20se%20capacitaron%20en%20el%20cuidado%20de%20personas%20mayores&#038;body=https:\/\/radiorevelacionfm.cl\/?p=64463' aria-hidden='false' data-av_icon='\ue805' data-av_iconfont='entypo-fontello' title='' data-avia-related-tooltip='Compartir por correo'><span class='avia_hidden_link_text'>Compartir por correo<\/span><\/a><\/li><\/ul><\/div><\/div>\n<div  style='height:50px' class='hr hr-invisible   avia-builder-el-8  el_after_av_social_share  el_before_av_comments_list '><span class='hr-inner ' ><span class='hr-inner-style'><\/span><\/span><\/div>\n<div  class='av-buildercomment  av-blog-meta-html-info-disabled av-blog-meta-tag-disabled  '><\/div>\n","protected":false},"excerpt":{"rendered":"","protected":false},"author":1,"featured_media":64464,"comment_status":"closed","ping_status":"closed","sticky":false,"template":"","format":"standard","meta":{"footnotes":""},"categories":[38],"tags":[],"class_list":["post-64463","post","type-post","status-publish","format-standard","has-post-thumbnail","hentry","category-regional"],"jetpack_featured_media_url":"https:\/\/radiorevelacionfm.cl\/wp-content\/uploads\/2026\/02\/1-2026-02-23T145824.659-1-1.jpeg","_links":{"self":[{"href":"https:\/\/radiorevelacionfm.cl\/index.php?rest_route=\/wp\/v2\/posts\/64463","targetHints":{"allow":["GET"]}}],"collection":[{"href":"https:\/\/radiorevelacionfm.cl\/index.php?rest_route=\/wp\/v2\/posts"}],"about":[{"href":"https:\/\/radiorevelacionfm.cl\/index.php?rest_route=\/wp\/v2\/types\/post"}],"author":[{"embeddable":true,"href":"https:\/\/radiorevelacionfm.cl\/index.php?rest_route=\/wp\/v2\/users\/1"}],"replies":[{"embeddable":true,"href":"https:\/\/radiorevelacionfm.cl\/index.php?rest_route=%2Fwp%2Fv2%2Fcomments&post=64463"}],"version-history":[{"count":2,"href":"https:\/\/radiorevelacionfm.cl\/index.php?rest_route=\/wp\/v2\/posts\/64463\/revisions"}],"predecessor-version":[{"id":64466,"href":"https:\/\/radiorevelacionfm.cl\/index.php?rest_route=\/wp\/v2\/posts\/64463\/revisions\/64466"}],"wp:featuredmedia":[{"embeddable":true,"href":"https:\/\/radiorevelacionfm.cl\/index.php?rest_route=\/wp\/v2\/media\/64464"}],"wp:attachment":[{"href":"https:\/\/radiorevelacionfm.cl\/index.php?rest_route=%2Fwp%2Fv2%2Fmedia&parent=64463"}],"wp:term":[{"taxonomy":"category","embeddable":true,"href":"https:\/\/radiorevelacionfm.cl\/index.php?rest_route=%2Fwp%2Fv2%2Fcategories&post=64463"},{"taxonomy":"post_tag","embeddable":true,"href":"https:\/\/radiorevelacionfm.cl\/index.php?rest_route=%2Fwp%2Fv2%2Ftags&post=64463"}],"curies":[{"name":"wp","href":"https:\/\/api.w.org\/{rel}","templated":true}]}}