{"id":64455,"date":"2026-02-22T23:37:37","date_gmt":"2026-02-23T02:37:37","guid":{"rendered":"https:\/\/radiorevelacionfm.cl\/?p=64455"},"modified":"2026-02-22T23:37:37","modified_gmt":"2026-02-23T02:37:37","slug":"sernac-fiscaliza-los-servicios-de-buses-interurbanos-durante-las-vacaciones","status":"publish","type":"post","link":"https:\/\/radiorevelacionfm.cl\/?p=64455","title":{"rendered":"Sernac fiscaliza los servicios de buses interurbanos durante las vacaciones"},"content":{"rendered":"<div class=\"flex_column av_one_full  flex_column_div av-zero-column-padding first  avia-builder-el-0  el_before_av_one_full  avia-builder-el-first  \" style='border-radius:0px; '><div  class='avia-image-container  av-styling-    avia-builder-el-1  avia-builder-el-no-sibling  avia-align-center '  itemprop=\"image\" itemscope=\"itemscope\" itemtype=\"https:\/\/schema.org\/ImageObject\"  ><div class='avia-image-container-inner'><div class='avia-image-overlay-wrap'><img decoding=\"async\" class='wp-image-64456 avia-img-lazy-loading-not-64456 avia_image' src=\"https:\/\/radiorevelacionfm.cl\/wp-content\/uploads\/2026\/02\/Fiscalizacion-transportes-urbano-1-1.jpeg\" alt='' title='Fiscalizacion transportes urbano (1) (1)' height=\"600\" width=\"800\"  itemprop=\"thumbnailUrl\" srcset=\"https:\/\/radiorevelacionfm.cl\/wp-content\/uploads\/2026\/02\/Fiscalizacion-transportes-urbano-1-1.jpeg 800w, https:\/\/radiorevelacionfm.cl\/wp-content\/uploads\/2026\/02\/Fiscalizacion-transportes-urbano-1-1-300x225.jpeg 300w, https:\/\/radiorevelacionfm.cl\/wp-content\/uploads\/2026\/02\/Fiscalizacion-transportes-urbano-1-1-768x576.jpeg 768w, https:\/\/radiorevelacionfm.cl\/wp-content\/uploads\/2026\/02\/Fiscalizacion-transportes-urbano-1-1-705x529.jpeg 705w, https:\/\/radiorevelacionfm.cl\/wp-content\/uploads\/2026\/02\/Fiscalizacion-transportes-urbano-1-1-450x338.jpeg 450w, https:\/\/radiorevelacionfm.cl\/wp-content\/uploads\/2026\/02\/Fiscalizacion-transportes-urbano-1-1-600x450.jpeg 600w\" sizes=\"(max-width: 800px) 100vw, 800px\" \/><\/div><\/div><\/div><\/div><div class=\"flex_column av_one_full  flex_column_div av-zero-column-padding first  avia-builder-el-2  el_after_av_one_full  el_before_av_one_full  column-top-margin\" style='border-radius:0px; '><section class=\"av_textblock_section \"  itemscope=\"itemscope\" itemtype=\"https:\/\/schema.org\/BlogPosting\" itemprop=\"blogPost\" ><div class='avia_textblock  '   itemprop=\"text\" ><p style=\"text-align: center;\"><strong><span style=\"font-size: 18pt;\">Sernac fiscaliza los servicios de buses interurbanos durante las vacaciones <\/span><\/strong><\/p>\n<div id=\"gtx-trans\" style=\"position: absolute; left: -50px; top: 4.31534px;\">\n<div class=\"gtx-trans-icon\"><\/div>\n<\/div>\n<\/div><\/section><\/div><div class=\"flex_column av_one_full  flex_column_div av-zero-column-padding first  avia-builder-el-4  el_after_av_one_full  el_before_av_hr  column-top-margin\" style='border-radius:0px; '><section class=\"av_textblock_section \"  itemscope=\"itemscope\" itemtype=\"https:\/\/schema.org\/BlogPosting\" itemprop=\"blogPost\" ><div class='avia_textblock  '   itemprop=\"text\" ><ul>\n<li style=\"text-align: justify;\"><em>Este proceso se est\u00e1 realizando a lo largo de Chile, y tiene como prop\u00f3sito que las empresas cumplan con las exigencias establecidas en la Ley del Consumidor.<\/em><\/li>\n<li style=\"text-align: justify;\"><em>En caso de detectar incumplimientos, el Servicio podr\u00eda denunciar a las compa\u00f1\u00edas ante la justicia, en cuya instancia arriesgan multas de hasta 300 UTM por cada infracci\u00f3n.<\/em><\/li>\n<li style=\"text-align: justify;\"><em>Los pasajeros tienen derecho a recibir un servicio de calidad, lo que implica, ser transportados en condiciones de seguridad, a las velocidades autorizadas y que las empresas tomen todas las medidas para que no sufran da\u00f1os.<\/em><\/li>\n<li style=\"text-align: justify;\"><em>La empresa est\u00e1 obligada a devolver, al menos el 85% del valor de su pasaje, si el usuario lo anula con 4 o m\u00e1s horas de anticipaci\u00f3n.<\/em><\/li>\n<\/ul>\n<p style=\"text-align: justify;\"><em>\u00a0<\/em>Con el prop\u00f3sito de verificar el estricto cumplimiento de los derechos de los pasajeros que utilizan los servicios de buses interurbanos, especialmente considerando el aumento de la demanda en temporada estival, el SERNAC se encuentra desarrollando una extensa fiscalizaci\u00f3n a lo largo del pa\u00eds.<\/p>\n<p style=\"text-align: justify;\">A trav\u00e9s de este proceso, el Servicio busca verificar que las empresas de transportes cumplan con las obligaciones establecidas en la Ley del Consumidor (LPC), por ejemplo, con la entrega de informaci\u00f3n del servicio a los pasajeros, junto con el cuidado y protecci\u00f3n de los bienes que se transportan en los maleteros.<\/p>\n<p style=\"text-align: justify;\">En espec\u00edfico, el SERNAC est\u00e1 fiscalizando que las empresas de transporte de buses interurbanos informen correctamente las tarifas de los servicios, horarios e itinerarios.<\/p>\n<p style=\"text-align: justify;\">Adicionalmente, se verificar\u00e1 que las compa\u00f1\u00edas tengan publicada la informaci\u00f3n sobre su responsabilidad legal en caso de p\u00e9rdida o da\u00f1o del equipaje y sobre el derecho de anulaci\u00f3n del pasaje en caso que el usuario realice dicha petici\u00f3n de acuerdo al plazo establecido en la norma.<\/p>\n<p style=\"text-align: justify;\">Asimismo, se prestar\u00e1 especial atenci\u00f3n en la informaci\u00f3n que se entrega a los pasajeros frente a la no prestaci\u00f3n del servicio, esto es, viajes que no se realizan, interrupciones de los servicios y\/o retrasos, as\u00ed como tambi\u00e9n respecto a la obligaci\u00f3n de contar con asientos preferentes para personas con discapacidad f\u00edsica y\/o con movilidad reducida.<\/p>\n<p style=\"text-align: justify;\">Es importante destacar que el SERNAC fiscaliza este mercado constantemente, junto con realizar acciones de seguimiento para verificar si los proveedores han corregido los hallazgos informados en actividades previas.<\/p>\n<p style=\"text-align: justify;\">Durante el a\u00f1o 2025 el organismo realiz\u00f3 55 fiscalizaciones a los buses interurbanos, siendo los principales hallazgos: no exhibir informaci\u00f3n del jefe de local en la sucursal; no publicar las tarifas del servicio; no informar acerca del deber del proveedor de entregar al pasajero un comprobante por cada bulto transportado en maleteros; y no indicar acerca de la responsabilidad de la empresa por p\u00e9rdida o da\u00f1o de equipaje durante el traslado. A partir de estas fiscalizaciones, se iniciaron diversos juicios de inter\u00e9s general.<\/p>\n<p style=\"text-align: justify;\"><strong>Derechos de los pasajeros<\/strong><\/p>\n<p style=\"text-align: justify;\">Considerando que en temporada estival aumenta la demanda de los servicios de buses interurbanos, el SERNAC recuerda a los pasajeros sus principales derechos en este rubro.<\/p>\n<p style=\"text-align: justify;\">Por ejemplo, los pasajeros tienen derecho a recibir un servicio de calidad, lo que implica, ser transportados en condiciones de seguridad, a las velocidades autorizadas, y a que las empresas tomen todas las medidas para que no sufran da\u00f1os.<\/p>\n<p style=\"text-align: justify;\">Adem\u00e1s, las personas tienen derecho a que las condiciones acordadas se respeten. Por ejemplo, a exigir puntualidad tanto para las horas de partida como de llegada a los lugares de destino.<\/p>\n<p style=\"text-align: justify;\">Tambi\u00e9n a que exista coherencia entre lo ofertado y lo real (ba\u00f1os, TV, desayuno, sal\u00f3n cama, puntualidad horaria), as\u00ed como no ser v\u00edctima de sobreventa de pasajes.<\/p>\n<p style=\"text-align: justify;\">La empresa est\u00e1 obligada a devolver, al menos el 85% del valor de su pasaje, si el usuario lo anula con 4 o m\u00e1s horas de anticipaci\u00f3n.<\/p>\n<p style=\"text-align: justify;\">Los pasajeros como cualquier consumidor, tambi\u00e9n tienen derecho a exigir las indemnizaciones por todos los da\u00f1os sufridos por incumplimiento de las empresas.<\/p>\n<p style=\"text-align: justify;\"><strong>\u00bfQu\u00e9 sucede con el equipaje?<\/strong><\/p>\n<p style=\"text-align: justify;\">Los pasajeros de buses interurbanos tienen derecho a que su equipaje llegue al destino en buenas condiciones.<\/p>\n<p style=\"text-align: justify;\">Si la empresa extrav\u00eda o da\u00f1a el equipaje, deber\u00e1 indemnizar con hasta 5 UTM, esto es, cerca de $348 mil, seg\u00fan el Decreto 212 del Ministerio de Transportes.<br \/>\nPero si el consumidor tuvo la precauci\u00f3n de declarar el valor, la empresa deber\u00e1 responder por el total de la p\u00e9rdida.<\/p>\n<p style=\"text-align: justify;\">Las especies van en la parrilla portaequipajes interiores de los buses ser\u00e1n de cuidado de los pasajeros, excepto cuando se trate de situaciones atribuibles directamente a la empresa.<\/p>\n<p style=\"text-align: justify;\">M\u00e1s informaci\u00f3n en <a href=\"http:\/\/www.sernac.cl\/turismo\"><strong>www.sernac.cl\/turismo<\/strong><\/a> o llamando en forma gratuita al n\u00famero <strong>800 700 100 <\/strong>de lunes a viernes de 09:00 a 19:00 horas.<\/p>\n<p style=\"text-align: justify;\"><strong>\u00a0<\/strong><\/p>\n<\/div><\/section><\/div><div  style='height:50px' class='hr hr-invisible   avia-builder-el-6  el_after_av_one_full  el_before_av_social_share '><span class='hr-inner ' ><span class='hr-inner-style'><\/span><\/span><\/div><\/p>\n<div  class='av-social-sharing-box  avia-builder-el-7  el_after_av_hr  el_before_av_hr  '><div class='av-share-box'><h5 class='av-share-link-description av-no-toc '>Compartir esta noticia<\/h5><ul class='av-share-box-list noLightbox'><li class='av-share-link av-social-link-facebook' ><a target=\"_blank\" aria-label=\"Compartir en Facebook\" href='https:\/\/www.facebook.com\/sharer.php?u=https:\/\/radiorevelacionfm.cl\/?p=64455&#038;t=Sernac%20fiscaliza%20los%20servicios%20de%20buses%20interurbanos%20durante%20las%20vacaciones' aria-hidden='false' data-av_icon='\ue8f3' data-av_iconfont='entypo-fontello' title='' data-avia-related-tooltip='Compartir en Facebook' rel=\"noopener\"><span class='avia_hidden_link_text'>Compartir en Facebook<\/span><\/a><\/li><li class='av-share-link av-social-link-twitter' ><a target=\"_blank\" aria-label=\"Compartir en Twitter\" href='https:\/\/twitter.com\/share?text=Sernac%20fiscaliza%20los%20servicios%20de%20buses%20interurbanos%20durante%20las%20vacaciones&#038;url=https:\/\/radiorevelacionfm.cl\/?p=64455' aria-hidden='false' data-av_icon='\ue8f1' data-av_iconfont='entypo-fontello' title='' data-avia-related-tooltip='Compartir en Twitter' rel=\"noopener\"><span class='avia_hidden_link_text'>Compartir en Twitter<\/span><\/a><\/li><li class='av-share-link av-social-link-whatsapp' ><a target=\"_blank\" aria-label=\"Compartir en Whatsapp\" href='https:\/\/api.whatsapp.com\/send?text=https:\/\/radiorevelacionfm.cl\/?p=64455' aria-hidden='false' data-av_icon='\uf232' data-av_iconfont='entypo-fontello' title='' data-avia-related-tooltip='Compartir en Whatsapp' rel=\"noopener\"><span class='avia_hidden_link_text'>Compartir en Whatsapp<\/span><\/a><\/li><li class='av-share-link av-social-link-linkedin' ><a target=\"_blank\" aria-label=\"Compartir en LinkedIn\" href='https:\/\/linkedin.com\/shareArticle?mini=true&#038;title=Sernac%20fiscaliza%20los%20servicios%20de%20buses%20interurbanos%20durante%20las%20vacaciones&#038;url=https:\/\/radiorevelacionfm.cl\/?p=64455' aria-hidden='false' data-av_icon='\ue8fc' data-av_iconfont='entypo-fontello' title='' data-avia-related-tooltip='Compartir en LinkedIn' rel=\"noopener\"><span class='avia_hidden_link_text'>Compartir en LinkedIn<\/span><\/a><\/li><li class='av-share-link av-social-link-mail' ><a  aria-label=\"Compartir por correo\" href='mailto:?subject=Sernac%20fiscaliza%20los%20servicios%20de%20buses%20interurbanos%20durante%20las%20vacaciones&#038;body=https:\/\/radiorevelacionfm.cl\/?p=64455' aria-hidden='false' data-av_icon='\ue805' data-av_iconfont='entypo-fontello' title='' data-avia-related-tooltip='Compartir por correo'><span class='avia_hidden_link_text'>Compartir por correo<\/span><\/a><\/li><\/ul><\/div><\/div>\n<div  style='height:50px' class='hr hr-invisible   avia-builder-el-8  el_after_av_social_share  el_before_av_comments_list '><span class='hr-inner ' ><span class='hr-inner-style'><\/span><\/span><\/div>\n<div  class='av-buildercomment  av-blog-meta-html-info-disabled av-blog-meta-tag-disabled  '><\/div>\n","protected":false},"excerpt":{"rendered":"","protected":false},"author":1,"featured_media":64456,"comment_status":"closed","ping_status":"closed","sticky":false,"template":"","format":"standard","meta":{"footnotes":""},"categories":[38],"tags":[],"class_list":["post-64455","post","type-post","status-publish","format-standard","has-post-thumbnail","hentry","category-regional"],"jetpack_featured_media_url":"https:\/\/radiorevelacionfm.cl\/wp-content\/uploads\/2026\/02\/Fiscalizacion-transportes-urbano-1-1.jpeg","_links":{"self":[{"href":"https:\/\/radiorevelacionfm.cl\/index.php?rest_route=\/wp\/v2\/posts\/64455","targetHints":{"allow":["GET"]}}],"collection":[{"href":"https:\/\/radiorevelacionfm.cl\/index.php?rest_route=\/wp\/v2\/posts"}],"about":[{"href":"https:\/\/radiorevelacionfm.cl\/index.php?rest_route=\/wp\/v2\/types\/post"}],"author":[{"embeddable":true,"href":"https:\/\/radiorevelacionfm.cl\/index.php?rest_route=\/wp\/v2\/users\/1"}],"replies":[{"embeddable":true,"href":"https:\/\/radiorevelacionfm.cl\/index.php?rest_route=%2Fwp%2Fv2%2Fcomments&post=64455"}],"version-history":[{"count":2,"href":"https:\/\/radiorevelacionfm.cl\/index.php?rest_route=\/wp\/v2\/posts\/64455\/revisions"}],"predecessor-version":[{"id":64458,"href":"https:\/\/radiorevelacionfm.cl\/index.php?rest_route=\/wp\/v2\/posts\/64455\/revisions\/64458"}],"wp:featuredmedia":[{"embeddable":true,"href":"https:\/\/radiorevelacionfm.cl\/index.php?rest_route=\/wp\/v2\/media\/64456"}],"wp:attachment":[{"href":"https:\/\/radiorevelacionfm.cl\/index.php?rest_route=%2Fwp%2Fv2%2Fmedia&parent=64455"}],"wp:term":[{"taxonomy":"category","embeddable":true,"href":"https:\/\/radiorevelacionfm.cl\/index.php?rest_route=%2Fwp%2Fv2%2Fcategories&post=64455"},{"taxonomy":"post_tag","embeddable":true,"href":"https:\/\/radiorevelacionfm.cl\/index.php?rest_route=%2Fwp%2Fv2%2Ftags&post=64455"}],"curies":[{"name":"wp","href":"https:\/\/api.w.org\/{rel}","templated":true}]}}