{"id":64452,"date":"2026-02-23T15:50:25","date_gmt":"2026-02-23T18:50:25","guid":{"rendered":"https:\/\/radiorevelacionfm.cl\/?p=64452"},"modified":"2026-02-23T15:50:25","modified_gmt":"2026-02-23T18:50:25","slug":"areas-protegidas-y-turismo-de-patrimonio-natural-a-motor-de-desarrollo-regional","status":"publish","type":"post","link":"https:\/\/radiorevelacionfm.cl\/?p=64452","title":{"rendered":"\u00c1reas protegidas y turismo: de patrimonio natural a motor de desarrollo regional"},"content":{"rendered":"<div class=\"flex_column av_one_full  flex_column_div av-zero-column-padding first  avia-builder-el-0  el_before_av_one_full  avia-builder-el-first  \" style='border-radius:0px; '><div  class='avia-image-container  av-styling-    avia-builder-el-1  avia-builder-el-no-sibling  avia-align-center '  itemprop=\"image\" itemscope=\"itemscope\" itemtype=\"https:\/\/schema.org\/ImageObject\"  ><div class='avia-image-container-inner'><div class='avia-image-overlay-wrap'><img decoding=\"async\" class='wp-image-64453 avia-img-lazy-loading-not-64453 avia_image' src=\"https:\/\/radiorevelacionfm.cl\/wp-content\/uploads\/2026\/02\/AS-1-1-1.jpg\" alt='' title='AS (1) (1) (1)' height=\"600\" width=\"901\"  itemprop=\"thumbnailUrl\" srcset=\"https:\/\/radiorevelacionfm.cl\/wp-content\/uploads\/2026\/02\/AS-1-1-1.jpg 901w, https:\/\/radiorevelacionfm.cl\/wp-content\/uploads\/2026\/02\/AS-1-1-1-300x200.jpg 300w, https:\/\/radiorevelacionfm.cl\/wp-content\/uploads\/2026\/02\/AS-1-1-1-768x511.jpg 768w, https:\/\/radiorevelacionfm.cl\/wp-content\/uploads\/2026\/02\/AS-1-1-1-705x469.jpg 705w, https:\/\/radiorevelacionfm.cl\/wp-content\/uploads\/2026\/02\/AS-1-1-1-450x300.jpg 450w, https:\/\/radiorevelacionfm.cl\/wp-content\/uploads\/2026\/02\/AS-1-1-1-600x400.jpg 600w\" sizes=\"(max-width: 901px) 100vw, 901px\" \/><\/div><\/div><\/div><\/div><div class=\"flex_column av_one_full  flex_column_div av-zero-column-padding first  avia-builder-el-2  el_after_av_one_full  el_before_av_one_full  column-top-margin\" style='border-radius:0px; '><section class=\"av_textblock_section \"  itemscope=\"itemscope\" itemtype=\"https:\/\/schema.org\/BlogPosting\" itemprop=\"blogPost\" ><div class='avia_textblock  '   itemprop=\"text\" ><p style=\"text-align: center;\"><strong><span style=\"font-size: 18pt;\">\u00c1reas protegidas y turismo: de patrimonio natural a motor de desarrollo regional<\/span><\/strong><\/p>\n<div id=\"gtx-trans\" style=\"position: absolute; left: -50px; top: 4.31534px;\">\n<div class=\"gtx-trans-icon\"><\/div>\n<\/div>\n<\/div><\/section><\/div><div class=\"flex_column av_one_full  flex_column_div av-zero-column-padding first  avia-builder-el-4  el_after_av_one_full  el_before_av_hr  column-top-margin\" style='border-radius:0px; '><section class=\"av_textblock_section \"  itemscope=\"itemscope\" itemtype=\"https:\/\/schema.org\/BlogPosting\" itemprop=\"blogPost\" ><div class='avia_textblock  '   itemprop=\"text\" ><p style=\"text-align: justify;\"><em>Por Arcadio Soto Ser\u00f3n, Consejero Regional de Ays\u00e9n<\/em><\/p>\n<p style=\"text-align: justify;\">La Regi\u00f3n de Ays\u00e9n no puede seguir entendiendo sus \u00e1reas protegidas \u00fanicamente como espacios naturales para contemplar a la distancia. Nuestras \u00e1reas silvestres protegidas constituyen un activo natural estrat\u00e9gico para el desarrollo regional y, como tal, deben administrarse con planificaci\u00f3n, responsabilidad y visi\u00f3n de largo plazo.<\/p>\n<p style=\"text-align: justify;\">El turismo de naturaleza es hoy una realidad econ\u00f3mica concreta. Seg\u00fan cifras de Sernatur Ays\u00e9n, durante la \u00faltima temporada se registraron 108.703 llegadas de turistas internacionales a la regi\u00f3n. De ese total, 86.117 visitaron nuestras \u00e1reas protegidas, lo que equivale a cerca del 79 % de los visitantes extranjeros. En t\u00e9rminos simples, casi cuatro de cada cinco turistas internacionales llegan a Ays\u00e9n motivados por su naturaleza.<\/p>\n<p style=\"text-align: justify;\">El dato es categ\u00f3rico: las \u00e1reas protegidas no son un complemento del turismo regional, son su principal eje de atracci\u00f3n. Detr\u00e1s de cada visitante hay empleo local, emprendimiento, inversi\u00f3n privada y dinamizaci\u00f3n econ\u00f3mica en comunas y localidades que dependen directamente de esta actividad.<\/p>\n<p style=\"text-align: justify;\">Pero el desarrollo requiere gesti\u00f3n adecuada.<\/p>\n<p style=\"text-align: justify;\">El cierre del Glaciar Exploradores, en el Parque Nacional Laguna San Rafael, constituye una se\u00f1al de alerta respecto de las debilidades en la planificaci\u00f3n institucional. Esta decisi\u00f3n ha impactado directamente a m\u00e1s de 15 empresas permisionarias y a m\u00e1s de 50 personas vinculadas de manera directa al turismo, adem\u00e1s de afectar a toda la cadena de valor regional: transporte, alojamiento, gastronom\u00eda y comercio local.<\/p>\n<p style=\"text-align: justify;\">No estamos frente a un problema meramente administrativo. La situaci\u00f3n evidencia una falta de planificaci\u00f3n estructural por parte de la institucionalidad competente y del actual gobierno central. La conservaci\u00f3n es indispensable, pero las decisiones que inciden en el desarrollo productivo deben adoptarse con anticipaci\u00f3n, di\u00e1logo territorial y mecanismos de transici\u00f3n claros.<\/p>\n<p style=\"text-align: justify;\">Asimismo, resulta preocupante la persistente falta de definici\u00f3n respecto de accesos p\u00fablicos en el Parque Nacional Cerro Castillo y en el sector del Glaciar Leones, tambi\u00e9n dentro del Parque Nacional Laguna San Rafael, entre otros casos en la regi\u00f3n. La ausencia de certezas jur\u00eddicas y planificaci\u00f3n territorial genera conflictos, desincentiva la inversi\u00f3n, genera conflictos locales y limita el crecimiento sostenible del turismo regional. Son situaciones donde la institucionalidad a\u00fan no ha sido capaz de entregar soluciones definitivas.<\/p>\n<p style=\"text-align: justify;\">El pr\u00f3ximo 11 de marzo asumir\u00e1 un nuevo gobierno, abriendo una oportunidad para fortalecer la gobernanza de nuestras \u00e1reas protegidas. Es fundamental que la nueva administraci\u00f3n comprenda que la gesti\u00f3n de las \u00e1reas silvestres protegidas debe abordarse de manera integral e intersectorial, articulando al Servicio de Biodiversidad y \u00c1reas Protegidas (SBAP) con los sectores de turismo, obras p\u00fablicas, econom\u00eda, bienes nacionales, medio ambiente y por supuesto gobierno regional y municipios. La conservaci\u00f3n no puede gestionarse de forma aislada; requiere coordinaci\u00f3n institucional y coherencia en la toma de decisiones.<\/p>\n<p style=\"text-align: justify;\">Desde mi rol como consejero regional he sostenido con claridad que protecci\u00f3n ambiental y desarrollo productivo no son conceptos opuestos, sino dimensiones complementarias de una estrategia territorial moderna y sostenible.<\/p>\n<p style=\"text-align: justify;\">Ays\u00e9n posee una ventaja competitiva de alcance mundial basada en su naturaleza. Transformarla en un motor s\u00f3lido de desarrollo regional exige liderazgo pol\u00edtico, planificaci\u00f3n t\u00e9cnica y coordinaci\u00f3n efectiva entre niveles de gobierno.<\/p>\n<p style=\"text-align: justify;\">Conservaci\u00f3n y desarrollo pueden \u2014y deben\u2014 avanzar de la mano. Pero para ello se requiere gesti\u00f3n moderna, reglas claras y una pol\u00edtica p\u00fablica a la altura del potencial de nuestra regi\u00f3n.<\/p>\n<\/div><\/section><\/div><div  style='height:50px' class='hr hr-invisible   avia-builder-el-6  el_after_av_one_full  el_before_av_social_share '><span class='hr-inner ' ><span class='hr-inner-style'><\/span><\/span><\/div><\/p>\n<div  class='av-social-sharing-box  avia-builder-el-7  el_after_av_hr  el_before_av_hr  '><div class='av-share-box'><h5 class='av-share-link-description av-no-toc '>Compartir esta noticia<\/h5><ul class='av-share-box-list noLightbox'><li class='av-share-link av-social-link-facebook' ><a target=\"_blank\" aria-label=\"Compartir en Facebook\" href='https:\/\/www.facebook.com\/sharer.php?u=https:\/\/radiorevelacionfm.cl\/?p=64452&#038;t=%C3%81reas%20protegidas%20y%20turismo%3A%20de%20patrimonio%20natural%20a%20motor%20de%20desarrollo%20regional' aria-hidden='false' data-av_icon='\ue8f3' data-av_iconfont='entypo-fontello' title='' data-avia-related-tooltip='Compartir en Facebook' rel=\"noopener\"><span class='avia_hidden_link_text'>Compartir en Facebook<\/span><\/a><\/li><li class='av-share-link av-social-link-twitter' ><a target=\"_blank\" aria-label=\"Compartir en Twitter\" href='https:\/\/twitter.com\/share?text=%C3%81reas%20protegidas%20y%20turismo%3A%20de%20patrimonio%20natural%20a%20motor%20de%20desarrollo%20regional&#038;url=https:\/\/radiorevelacionfm.cl\/?p=64452' aria-hidden='false' data-av_icon='\ue8f1' data-av_iconfont='entypo-fontello' title='' data-avia-related-tooltip='Compartir en Twitter' rel=\"noopener\"><span class='avia_hidden_link_text'>Compartir en Twitter<\/span><\/a><\/li><li class='av-share-link av-social-link-whatsapp' ><a target=\"_blank\" aria-label=\"Compartir en Whatsapp\" href='https:\/\/api.whatsapp.com\/send?text=https:\/\/radiorevelacionfm.cl\/?p=64452' aria-hidden='false' data-av_icon='\uf232' data-av_iconfont='entypo-fontello' title='' data-avia-related-tooltip='Compartir en Whatsapp' rel=\"noopener\"><span class='avia_hidden_link_text'>Compartir en Whatsapp<\/span><\/a><\/li><li class='av-share-link av-social-link-linkedin' ><a target=\"_blank\" aria-label=\"Compartir en LinkedIn\" href='https:\/\/linkedin.com\/shareArticle?mini=true&#038;title=%C3%81reas%20protegidas%20y%20turismo%3A%20de%20patrimonio%20natural%20a%20motor%20de%20desarrollo%20regional&#038;url=https:\/\/radiorevelacionfm.cl\/?p=64452' aria-hidden='false' data-av_icon='\ue8fc' data-av_iconfont='entypo-fontello' title='' data-avia-related-tooltip='Compartir en LinkedIn' rel=\"noopener\"><span class='avia_hidden_link_text'>Compartir en LinkedIn<\/span><\/a><\/li><li class='av-share-link av-social-link-mail' ><a  aria-label=\"Compartir por correo\" href='mailto:?subject=%C3%81reas%20protegidas%20y%20turismo%3A%20de%20patrimonio%20natural%20a%20motor%20de%20desarrollo%20regional&#038;body=https:\/\/radiorevelacionfm.cl\/?p=64452' aria-hidden='false' data-av_icon='\ue805' data-av_iconfont='entypo-fontello' title='' data-avia-related-tooltip='Compartir por correo'><span class='avia_hidden_link_text'>Compartir por correo<\/span><\/a><\/li><\/ul><\/div><\/div>\n<div  style='height:50px' class='hr hr-invisible   avia-builder-el-8  el_after_av_social_share  el_before_av_comments_list '><span class='hr-inner ' ><span class='hr-inner-style'><\/span><\/span><\/div>\n<div  class='av-buildercomment  av-blog-meta-html-info-disabled av-blog-meta-tag-disabled  '><\/div>\n","protected":false},"excerpt":{"rendered":"","protected":false},"author":1,"featured_media":64453,"comment_status":"closed","ping_status":"closed","sticky":false,"template":"","format":"standard","meta":{"footnotes":""},"categories":[50],"tags":[],"class_list":["post-64452","post","type-post","status-publish","format-standard","has-post-thumbnail","hentry","category-cartas-y-opinion"],"jetpack_featured_media_url":"https:\/\/radiorevelacionfm.cl\/wp-content\/uploads\/2026\/02\/AS-1-1-1.jpg","_links":{"self":[{"href":"https:\/\/radiorevelacionfm.cl\/index.php?rest_route=\/wp\/v2\/posts\/64452","targetHints":{"allow":["GET"]}}],"collection":[{"href":"https:\/\/radiorevelacionfm.cl\/index.php?rest_route=\/wp\/v2\/posts"}],"about":[{"href":"https:\/\/radiorevelacionfm.cl\/index.php?rest_route=\/wp\/v2\/types\/post"}],"author":[{"embeddable":true,"href":"https:\/\/radiorevelacionfm.cl\/index.php?rest_route=\/wp\/v2\/users\/1"}],"replies":[{"embeddable":true,"href":"https:\/\/radiorevelacionfm.cl\/index.php?rest_route=%2Fwp%2Fv2%2Fcomments&post=64452"}],"version-history":[{"count":2,"href":"https:\/\/radiorevelacionfm.cl\/index.php?rest_route=\/wp\/v2\/posts\/64452\/revisions"}],"predecessor-version":[{"id":64467,"href":"https:\/\/radiorevelacionfm.cl\/index.php?rest_route=\/wp\/v2\/posts\/64452\/revisions\/64467"}],"wp:featuredmedia":[{"embeddable":true,"href":"https:\/\/radiorevelacionfm.cl\/index.php?rest_route=\/wp\/v2\/media\/64453"}],"wp:attachment":[{"href":"https:\/\/radiorevelacionfm.cl\/index.php?rest_route=%2Fwp%2Fv2%2Fmedia&parent=64452"}],"wp:term":[{"taxonomy":"category","embeddable":true,"href":"https:\/\/radiorevelacionfm.cl\/index.php?rest_route=%2Fwp%2Fv2%2Fcategories&post=64452"},{"taxonomy":"post_tag","embeddable":true,"href":"https:\/\/radiorevelacionfm.cl\/index.php?rest_route=%2Fwp%2Fv2%2Ftags&post=64452"}],"curies":[{"name":"wp","href":"https:\/\/api.w.org\/{rel}","templated":true}]}}