{"id":64450,"date":"2026-02-23T10:45:17","date_gmt":"2026-02-23T13:45:17","guid":{"rendered":"https:\/\/radiorevelacionfm.cl\/?p=64450"},"modified":"2026-02-23T10:45:17","modified_gmt":"2026-02-23T13:45:17","slug":"columna-aysen-cierra-un-ciclo-con-una-seguridad-mas-fuerte-y-territorial","status":"publish","type":"post","link":"https:\/\/radiorevelacionfm.cl\/?p=64450","title":{"rendered":"Columna: Ays\u00e9n cierra un ciclo con una seguridad m\u00e1s fuerte y territorial"},"content":{"rendered":"<div class=\"flex_column av_one_full  flex_column_div av-zero-column-padding first  avia-builder-el-0  el_before_av_one_full  avia-builder-el-first  \" style='border-radius:0px; '><div  class='avia-image-container  av-styling-    avia-builder-el-1  avia-builder-el-no-sibling  avia-align-center '  itemprop=\"image\" itemscope=\"itemscope\" itemtype=\"https:\/\/schema.org\/ImageObject\"  ><div class='avia-image-container-inner'><div class='avia-image-overlay-wrap'><img decoding=\"async\" class='wp-image-61711 avia-img-lazy-loading-not-61711 avia_image' src=\"https:\/\/radiorevelacionfm.cl\/wp-content\/uploads\/2025\/11\/Foto-Columna_23.11-1-1-Ursula-Mix.jpeg\" alt='' title='Foto Columna_23.11 (1) (1) Ursula Mix' height=\"652\" width=\"801\"  itemprop=\"thumbnailUrl\" srcset=\"https:\/\/radiorevelacionfm.cl\/wp-content\/uploads\/2025\/11\/Foto-Columna_23.11-1-1-Ursula-Mix.jpeg 801w, https:\/\/radiorevelacionfm.cl\/wp-content\/uploads\/2025\/11\/Foto-Columna_23.11-1-1-Ursula-Mix-300x244.jpeg 300w, https:\/\/radiorevelacionfm.cl\/wp-content\/uploads\/2025\/11\/Foto-Columna_23.11-1-1-Ursula-Mix-768x625.jpeg 768w, https:\/\/radiorevelacionfm.cl\/wp-content\/uploads\/2025\/11\/Foto-Columna_23.11-1-1-Ursula-Mix-705x574.jpeg 705w, https:\/\/radiorevelacionfm.cl\/wp-content\/uploads\/2025\/11\/Foto-Columna_23.11-1-1-Ursula-Mix-450x366.jpeg 450w, https:\/\/radiorevelacionfm.cl\/wp-content\/uploads\/2025\/11\/Foto-Columna_23.11-1-1-Ursula-Mix-600x488.jpeg 600w\" sizes=\"(max-width: 801px) 100vw, 801px\" \/><\/div><\/div><\/div><\/div><div class=\"flex_column av_one_full  flex_column_div av-zero-column-padding first  avia-builder-el-2  el_after_av_one_full  el_before_av_one_full  column-top-margin\" style='border-radius:0px; '><section class=\"av_textblock_section \"  itemscope=\"itemscope\" itemtype=\"https:\/\/schema.org\/BlogPosting\" itemprop=\"blogPost\" ><div class='avia_textblock  '   itemprop=\"text\" ><p style=\"text-align: center;\"><strong><span style=\"font-size: 18pt;\">Columna: Ays\u00e9n cierra un ciclo con una seguridad m\u00e1s fuerte y territorial<\/span><\/strong><\/p>\n<div id=\"gtx-trans\" style=\"position: absolute; left: -50px; top: 4.31534px;\">\n<div class=\"gtx-trans-icon\"><\/div>\n<\/div>\n<\/div><\/section><\/div><div class=\"flex_column av_one_full  flex_column_div av-zero-column-padding first  avia-builder-el-4  el_after_av_one_full  el_before_av_hr  column-top-margin\" style='border-radius:0px; '><section class=\"av_textblock_section \"  itemscope=\"itemscope\" itemtype=\"https:\/\/schema.org\/BlogPosting\" itemprop=\"blogPost\" ><div class='avia_textblock  '   itemprop=\"text\" ><p style=\"text-align: justify;\">El 11 de marzo el pa\u00eds inicia un nuevo ciclo con la asunci\u00f3n de un nuevo Presidente de la Rep\u00fablica. En ese marco, resulta pertinente revisar los avances alcanzados. En materia de seguridad -uno de los temas que m\u00e1s inquieta a \u00a0ciudadan\u00eda-, el Gobierno del Presidente Gabriel Boric deja en la Regi\u00f3n de Ays\u00e9n una hoja de ruta definida, con decisiones pol\u00edticas de fondo, inversi\u00f3n sostenida y un fortalecimiento efectivo de la presencia del Estado y de la acci\u00f3n coordinada de sus instituciones.<\/p>\n<p style=\"text-align: justify;\">El hito m\u00e1s relevante fue, sin duda, la creaci\u00f3n del Ministerio de Seguridad P\u00fablica en 2025. No se trat\u00f3 solo de un ajuste administrativo, sino de una reforma institucional de fondo: separar la conducci\u00f3n de la seguridad del Ministerio del Interior y dotarla de una estructura especializada, con una Secretar\u00eda Regional Ministerial propia en regiones. Para Ays\u00e9n, esto signific\u00f3 algo clave: decisiones m\u00e1s r\u00e1pidas, coordinaci\u00f3n efectiva y una mirada territorial acorde a nuestra realidad de dispersi\u00f3n geogr\u00e1fica, ruralidad y extensas fronteras.<\/p>\n<p style=\"text-align: justify;\">En paralelo, la implementaci\u00f3n del Plan Calles sin Violencia marc\u00f3 un cambio de enfoque. A nivel regional, este plan se tradujo en m\u00e1s de 1.193 millones de pesos en veh\u00edculos 4&#215;4, drones y tecnolog\u00eda para reforzar el trabajo de Carabineros, la PDI, Aduanas y el control fronterizo. En una regi\u00f3n donde las distancias no son un detalle, sino una condici\u00f3n permanente, modernizar y fortalecer el despliegue operativo fue una se\u00f1al concreta de respaldo a las polic\u00edas y de compromiso con la prevenci\u00f3n y persecuci\u00f3n del delito.<\/p>\n<p style=\"text-align: justify;\">Pero la seguridad no se construye solo desde la reacci\u00f3n. Uno de los avances m\u00e1s significativos en Ays\u00e9n fue la cobertura pr\u00e1cticamente total del Sistema Nacional de Seguridad Municipal: nueve de las diez comunas accedieron a financiamiento directo y estable para proyectos locales. Hablamos de 450 millones de pesos en inversi\u00f3n regional que permitieron instalar c\u00e1maras, mejorar iluminaci\u00f3n, recuperar espacios p\u00fablicos y fortalecer el patrullaje preventivo municipal en comunas como Coyhaique, Puerto Ays\u00e9n, Puerto Cisne, R\u00edo Ib\u00e1\u00f1ez, Guaitecas, Lago Verde, Tortel, Chile Chico y Villa O\u2019Higgins.<\/p>\n<p style=\"text-align: justify;\">A ello se suma la intervenci\u00f3n en barrios prioritarios, especialmente en Coyhaique, con el programa Somos Barrios Prioritarios, que destin\u00f3 m\u00e1s de 300 millones de pesos a recuperaci\u00f3n de espacios, obras de confianza y fortalecimiento comunitario. Porque la experiencia demuestra que la seguridad sostenible no se logra solo con m\u00e1s control, sino tambi\u00e9n con m\u00e1s cohesi\u00f3n social.<\/p>\n<p style=\"text-align: justify;\">En la misma l\u00ednea preventiva, la continuidad del Programa Lazos por tres a\u00f1os \u2014con m\u00e1s de 559 millones de pesos\u2014 permiti\u00f3 reforzar la intervenci\u00f3n temprana con ni\u00f1os, ni\u00f1as y adolescentes, apoyando a sus familias y reduciendo factores de riesgo. Prevenir hoy es evitar que el delito se consolide ma\u00f1ana.<\/p>\n<p style=\"text-align: justify;\">Un dato que no es menor: las diez comunas de la regi\u00f3n cuentan hoy con Planes Comunales de Seguridad P\u00fablica vigentes y actualizados. Esto consolida una gobernanza local m\u00e1s s\u00f3lida, con consejos comunales activos y planificaci\u00f3n estrat\u00e9gica, dando estabilidad a las pol\u00edticas m\u00e1s all\u00e1 de los cambios de administraci\u00f3n.<\/p>\n<p style=\"text-align: justify;\">Nada de esto significa que los desaf\u00edos est\u00e9n resueltos. La seguridad es una tarea permanente, que exige adaptaci\u00f3n frente a fen\u00f3menos delictivos din\u00e1micos y cada vez m\u00e1s complejos. Sin embargo, al cerrar este ciclo, Ays\u00e9n queda con una institucionalidad m\u00e1s robusta, con inversi\u00f3n hist\u00f3rica que supera los 1.800 millones de pesos en seguridad y prevenci\u00f3n, con municipios fortalecidos y con una red de trabajo interinstitucional m\u00e1s articulada que hace cuatro a\u00f1os.<\/p>\n<p style=\"text-align: justify;\">A modo de despedida, m\u00e1s que enumerar cifras, vale destacar el sentido de lo avanzado: un Estado m\u00e1s presente en el territorio, que entendi\u00f3 que la tranquilidad en regiones extremas tambi\u00e9n requiere decisiones estructurales y recursos concretos. El nuevo gobierno recibir\u00e1 una base instalada. Sobre ella deber\u00e1 construir, corregir y profundizar.<\/p>\n<p style=\"text-align: justify;\">Porque en seguridad, como en tantas otras materias, los cambios verdaderos no se miden en discursos, sino en la capacidad de sostener pol\u00edticas p\u00fablicas que den certezas a las familias. Y en Ays\u00e9n, ese camino ya comenz\u00f3.<\/p>\n<\/div><\/section><\/div><div  style='height:50px' class='hr hr-invisible   avia-builder-el-6  el_after_av_one_full  el_before_av_social_share '><span class='hr-inner ' ><span class='hr-inner-style'><\/span><\/span><\/div><\/p>\n<div  class='av-social-sharing-box  avia-builder-el-7  el_after_av_hr  el_before_av_hr  '><div class='av-share-box'><h5 class='av-share-link-description av-no-toc '>Compartir esta noticia<\/h5><ul class='av-share-box-list noLightbox'><li class='av-share-link av-social-link-facebook' ><a target=\"_blank\" aria-label=\"Compartir en Facebook\" href='https:\/\/www.facebook.com\/sharer.php?u=https:\/\/radiorevelacionfm.cl\/?p=64450&#038;t=Columna%3A%20Ays%C3%A9n%20cierra%20un%20ciclo%20con%20una%20seguridad%20m%C3%A1s%20fuerte%20y%20territorial' aria-hidden='false' data-av_icon='\ue8f3' data-av_iconfont='entypo-fontello' title='' data-avia-related-tooltip='Compartir en Facebook' rel=\"noopener\"><span class='avia_hidden_link_text'>Compartir en Facebook<\/span><\/a><\/li><li class='av-share-link av-social-link-twitter' ><a target=\"_blank\" aria-label=\"Compartir en Twitter\" href='https:\/\/twitter.com\/share?text=Columna%3A%20Ays%C3%A9n%20cierra%20un%20ciclo%20con%20una%20seguridad%20m%C3%A1s%20fuerte%20y%20territorial&#038;url=https:\/\/radiorevelacionfm.cl\/?p=64450' aria-hidden='false' data-av_icon='\ue8f1' data-av_iconfont='entypo-fontello' title='' data-avia-related-tooltip='Compartir en Twitter' rel=\"noopener\"><span class='avia_hidden_link_text'>Compartir en Twitter<\/span><\/a><\/li><li class='av-share-link av-social-link-whatsapp' ><a target=\"_blank\" aria-label=\"Compartir en Whatsapp\" href='https:\/\/api.whatsapp.com\/send?text=https:\/\/radiorevelacionfm.cl\/?p=64450' aria-hidden='false' data-av_icon='\uf232' data-av_iconfont='entypo-fontello' title='' data-avia-related-tooltip='Compartir en Whatsapp' rel=\"noopener\"><span class='avia_hidden_link_text'>Compartir en Whatsapp<\/span><\/a><\/li><li class='av-share-link av-social-link-linkedin' ><a target=\"_blank\" aria-label=\"Compartir en LinkedIn\" href='https:\/\/linkedin.com\/shareArticle?mini=true&#038;title=Columna%3A%20Ays%C3%A9n%20cierra%20un%20ciclo%20con%20una%20seguridad%20m%C3%A1s%20fuerte%20y%20territorial&#038;url=https:\/\/radiorevelacionfm.cl\/?p=64450' aria-hidden='false' data-av_icon='\ue8fc' data-av_iconfont='entypo-fontello' title='' data-avia-related-tooltip='Compartir en LinkedIn' rel=\"noopener\"><span class='avia_hidden_link_text'>Compartir en LinkedIn<\/span><\/a><\/li><li class='av-share-link av-social-link-mail' ><a  aria-label=\"Compartir por correo\" href='mailto:?subject=Columna%3A%20Ays%C3%A9n%20cierra%20un%20ciclo%20con%20una%20seguridad%20m%C3%A1s%20fuerte%20y%20territorial&#038;body=https:\/\/radiorevelacionfm.cl\/?p=64450' aria-hidden='false' data-av_icon='\ue805' data-av_iconfont='entypo-fontello' title='' data-avia-related-tooltip='Compartir por correo'><span class='avia_hidden_link_text'>Compartir por correo<\/span><\/a><\/li><\/ul><\/div><\/div>\n<div  style='height:50px' class='hr hr-invisible   avia-builder-el-8  el_after_av_social_share  el_before_av_comments_list '><span class='hr-inner ' ><span class='hr-inner-style'><\/span><\/span><\/div>\n<div  class='av-buildercomment  av-blog-meta-html-info-disabled av-blog-meta-tag-disabled  '><\/div>\n","protected":false},"excerpt":{"rendered":"","protected":false},"author":1,"featured_media":61711,"comment_status":"closed","ping_status":"closed","sticky":false,"template":"","format":"standard","meta":{"footnotes":""},"categories":[50],"tags":[],"class_list":["post-64450","post","type-post","status-publish","format-standard","has-post-thumbnail","hentry","category-cartas-y-opinion"],"jetpack_featured_media_url":"https:\/\/radiorevelacionfm.cl\/wp-content\/uploads\/2025\/11\/Foto-Columna_23.11-1-1-Ursula-Mix.jpeg","_links":{"self":[{"href":"https:\/\/radiorevelacionfm.cl\/index.php?rest_route=\/wp\/v2\/posts\/64450","targetHints":{"allow":["GET"]}}],"collection":[{"href":"https:\/\/radiorevelacionfm.cl\/index.php?rest_route=\/wp\/v2\/posts"}],"about":[{"href":"https:\/\/radiorevelacionfm.cl\/index.php?rest_route=\/wp\/v2\/types\/post"}],"author":[{"embeddable":true,"href":"https:\/\/radiorevelacionfm.cl\/index.php?rest_route=\/wp\/v2\/users\/1"}],"replies":[{"embeddable":true,"href":"https:\/\/radiorevelacionfm.cl\/index.php?rest_route=%2Fwp%2Fv2%2Fcomments&post=64450"}],"version-history":[{"count":2,"href":"https:\/\/radiorevelacionfm.cl\/index.php?rest_route=\/wp\/v2\/posts\/64450\/revisions"}],"predecessor-version":[{"id":64459,"href":"https:\/\/radiorevelacionfm.cl\/index.php?rest_route=\/wp\/v2\/posts\/64450\/revisions\/64459"}],"wp:featuredmedia":[{"embeddable":true,"href":"https:\/\/radiorevelacionfm.cl\/index.php?rest_route=\/wp\/v2\/media\/61711"}],"wp:attachment":[{"href":"https:\/\/radiorevelacionfm.cl\/index.php?rest_route=%2Fwp%2Fv2%2Fmedia&parent=64450"}],"wp:term":[{"taxonomy":"category","embeddable":true,"href":"https:\/\/radiorevelacionfm.cl\/index.php?rest_route=%2Fwp%2Fv2%2Fcategories&post=64450"},{"taxonomy":"post_tag","embeddable":true,"href":"https:\/\/radiorevelacionfm.cl\/index.php?rest_route=%2Fwp%2Fv2%2Ftags&post=64450"}],"curies":[{"name":"wp","href":"https:\/\/api.w.org\/{rel}","templated":true}]}}