{"id":64446,"date":"2026-02-22T22:49:35","date_gmt":"2026-02-23T01:49:35","guid":{"rendered":"https:\/\/radiorevelacionfm.cl\/?p=64446"},"modified":"2026-02-22T22:49:35","modified_gmt":"2026-02-23T01:49:35","slug":"mas-de-200-personas-alzaron-la-voz-en-coyhaique-en-el-festival-por-la-tierra-y-el-mar-por-la-defensa-de-aysen","status":"publish","type":"post","link":"https:\/\/radiorevelacionfm.cl\/?p=64446","title":{"rendered":"M\u00e1s de 200 personas alzaron la voz en Coyhaique en el \u201cFestival por la Tierra y el Mar\u201d por la defensa de Ays\u00e9n"},"content":{"rendered":"<div class=\"flex_column av_one_full  flex_column_div av-zero-column-padding first  avia-builder-el-0  el_before_av_one_full  avia-builder-el-first  \" style='border-radius:0px; '><div  class='avia-image-container  av-styling-    avia-builder-el-1  avia-builder-el-no-sibling  avia-align-center '  itemprop=\"image\" itemscope=\"itemscope\" itemtype=\"https:\/\/schema.org\/ImageObject\"  ><div class='avia-image-container-inner'><div class='avia-image-overlay-wrap'><img decoding=\"async\" class='wp-image-64447 avia-img-lazy-loading-not-64447 avia_image' src=\"https:\/\/radiorevelacionfm.cl\/wp-content\/uploads\/2026\/02\/1000383565-1-1.jpg\" alt='' title='1000383565 (1) (1)' height=\"600\" width=\"800\"  itemprop=\"thumbnailUrl\" srcset=\"https:\/\/radiorevelacionfm.cl\/wp-content\/uploads\/2026\/02\/1000383565-1-1.jpg 800w, https:\/\/radiorevelacionfm.cl\/wp-content\/uploads\/2026\/02\/1000383565-1-1-300x225.jpg 300w, https:\/\/radiorevelacionfm.cl\/wp-content\/uploads\/2026\/02\/1000383565-1-1-768x576.jpg 768w, https:\/\/radiorevelacionfm.cl\/wp-content\/uploads\/2026\/02\/1000383565-1-1-705x529.jpg 705w, https:\/\/radiorevelacionfm.cl\/wp-content\/uploads\/2026\/02\/1000383565-1-1-450x338.jpg 450w, https:\/\/radiorevelacionfm.cl\/wp-content\/uploads\/2026\/02\/1000383565-1-1-600x450.jpg 600w\" sizes=\"(max-width: 800px) 100vw, 800px\" \/><\/div><\/div><\/div><\/div><div class=\"flex_column av_one_full  flex_column_div av-zero-column-padding first  avia-builder-el-2  el_after_av_one_full  el_before_av_one_full  column-top-margin\" style='border-radius:0px; '><section class=\"av_textblock_section \"  itemscope=\"itemscope\" itemtype=\"https:\/\/schema.org\/BlogPosting\" itemprop=\"blogPost\" ><div class='avia_textblock  '   itemprop=\"text\" ><p style=\"font-weight: 400; text-align: center;\"><span style=\"font-size: 18pt;\"><strong>M\u00e1s de 200 personas alzaron la voz en Coyhaique en el \u201cFestival por la Tierra y el Mar\u201d por la defensa de Ays\u00e9n<\/strong><\/span><\/p>\n<p style=\"font-weight: 400;\"><strong>\u00a0<\/strong><\/p>\n<div id=\"gtx-trans\" style=\"position: absolute; left: -50px; top: 4.31534px;\">\n<div class=\"gtx-trans-icon\"><\/div>\n<\/div>\n<\/div><\/section><\/div><div class=\"flex_column av_one_full  flex_column_div av-zero-column-padding first  avia-builder-el-4  el_after_av_one_full  el_before_av_hr  column-top-margin\" style='border-radius:0px; '><section class=\"av_textblock_section \"  itemscope=\"itemscope\" itemtype=\"https:\/\/schema.org\/BlogPosting\" itemprop=\"blogPost\" ><div class='avia_textblock  '   itemprop=\"text\" ><p style=\"text-align: justify;\">M\u00e1s de\u00a0<strong>200 personas disfrutaron<\/strong>\u00a0este s\u00e1bado 21 de febrero del \u201c<strong>Festival por la Tierra y el Mar<\/strong>\u201d, que reuni\u00f3 una muestra gastron\u00f3mica tradicional del litoral de Ays\u00e9n, bandas de m\u00fasica en vivo, charlas tem\u00e1ticas y materiales informativos, en torno a los principales desaf\u00edos socioambientales que enfrenta la Regi\u00f3n de Ays\u00e9n.<\/p>\n<p style=\"text-align: justify;\">La actividad se realiz\u00f3 en la sede del Club Emilio Millar de Coyhaique, bajo el concepto\u00a0<strong>\u201cAlerta Patagonia\u201d<\/strong>, con el objetivo de informar, dialogar y visibilizar la crisis socioambiental que atraviesa el territorio, la que no ha sido abordada por el gobierno y las autoridades pol\u00edticas regionales, con la prioridad que requieren las comunidades y los fr\u00e1giles ecosistemas australes.<\/p>\n<p style=\"text-align: justify;\">\u201c<em>Uno de los elementos m\u00e1s destacados del festival \u00a0fue la fuerte presencia juvenil, tanto en las bandas regionales que animaron la jornada como en el p\u00fablico asistente, evidenciando el compromiso de las nuevas generaciones con la defensa del territorio y la protecci\u00f3n del ambiente<\/em>\u201d, coincidieron las organizaciones convocantes,\u00a0<a href=\"https:\/\/www.instagram.com\/redprodeterpatagonia\/\" data-saferedirecturl=\"https:\/\/www.google.com\/url?q=https:\/\/www.instagram.com\/redprodeterpatagonia\/&amp;source=gmail&amp;ust=1771892551312000&amp;usg=AOvVaw1kPSVF_Qc6wklRSjJZg566\">Red de Protecci\u00f3n y Defensa del Territorio Patagonia<\/a>,\u00a0<a href=\"http:\/\/www.ecosistemas.cl\/\" data-saferedirecturl=\"https:\/\/www.google.com\/url?q=http:\/\/www.ecosistemas.cl&amp;source=gmail&amp;ust=1771892551312000&amp;usg=AOvVaw1FlHJ-6IMci9eSwdacDyPD\">ONG Ecosistemas<\/a>,\u00a0<a href=\"https:\/\/www.instagram.com\/radioraicespatagonia\/\" data-saferedirecturl=\"https:\/\/www.google.com\/url?q=https:\/\/www.instagram.com\/radioraicespatagonia\/&amp;source=gmail&amp;ust=1771892551312000&amp;usg=AOvVaw2I1aSqdE76dooNGS_H6Xzu\">Radio Ra\u00edces<\/a>,\u00a0<a href=\"https:\/\/somoscodesa.org\/\" data-saferedirecturl=\"https:\/\/www.google.com\/url?q=https:\/\/somoscodesa.org\/&amp;source=gmail&amp;ust=1771892551312000&amp;usg=AOvVaw3Mz8Xla9IlWYUmB0NNe2tb\">Corporaci\u00f3n Privada para el Desarrollo de Ays\u00e9n (CODESA)<\/a>,\u00a0<a href=\"https:\/\/observatorio.cl\/\" data-saferedirecturl=\"https:\/\/www.google.com\/url?q=https:\/\/observatorio.cl\/&amp;source=gmail&amp;ust=1771892551312000&amp;usg=AOvVaw1NL6p6taRq0w3f3QCTQpyi\">Observatorio Ciudadano<\/a>\u00a0y\u00a0<a href=\"https:\/\/chilesustentable.net\/\" data-saferedirecturl=\"https:\/\/www.google.com\/url?q=https:\/\/chilesustentable.net\/&amp;source=gmail&amp;ust=1771892551312000&amp;usg=AOvVaw0KUH7a_P1UgCpxXsI54WKx\">Chile Sustentable<\/a>.<\/p>\n<p style=\"text-align: justify;\">La actividad se estructur\u00f3 en dos grandes bloques que combinaron expresiones art\u00edsticas con instancias de reflexi\u00f3n y di\u00e1logo. A trav\u00e9s de charlas, se abordaron desde la mirada de comunidades ind\u00edgenas, los objetivos y alcances de solicitar los\u00a0<strong>Espacios Costeros Marinos de Pueblos Originarios (ECMPO)<\/strong>, a cargo de\u00a0<strong>Alejandra Huala y Nelson Millatureo dirigentes de la Red de Protecci\u00f3n y Defensa del territorio Patagonia<\/strong>, y\u00a0<strong>Vicente D\u00edaz, abogado del Observatorio Ciudadano<\/strong>.<\/p>\n<p style=\"text-align: justify;\">Posteriormente, se desarroll\u00f3 el espacio denominado\u00a0<strong>\u00a1Alerta Patagonia! Ponte la camiseta por Alto Ma\u00f1ihuales<\/strong>, donde\u00a0<strong>Aldo Villal\u00f3n, doctor en Ciencias Biom\u00e9dicas de la U. de Chile y Erwin Sandoval, presidente de CODESA,<\/strong>\u00a0dieron a conocer la historia de contaminaci\u00f3n minera que afecta a la poblaci\u00f3n, los animales y ecosistemas por m\u00e1s de 40 a\u00f1os. Este espacio informativo adem\u00e1s puso foco en la urgencia de exigir a las autoridades que act\u00faen en consecuencia, exigiendo que la Minera Pac\u00edfico del Sur se haga cargo del activo contaminante que significan los seis millones de toneladas de desechos t\u00f3xicos contenidos en el tranque de relave Confluencia, y cumpla la actual legislaci\u00f3n ambiental.<\/p>\n<p style=\"text-align: justify;\">La m\u00fasica estuvo a cargo de bandas locales, quienes se sumaron a la protecci\u00f3n socioambiental de la regi\u00f3n de Ays\u00e9n.\u00a0<strong>Raxzo, Resistencia Magn\u00e9tica, Alucinaje, Everest y Barco Basurero<\/strong>, hicieron disfrutar a las y los asistentes del \u201cFestival por la Tierra y el Mar\u201d, cerrando con un concierto \u00edntimo inolvidable de<strong>\u00a0Celeste Anacletxx y m\u00fasicos<\/strong>.<\/p>\n<\/div><\/section><\/div><div  style='height:50px' class='hr hr-invisible   avia-builder-el-6  el_after_av_one_full  el_before_av_social_share '><span class='hr-inner ' ><span class='hr-inner-style'><\/span><\/span><\/div><\/p>\n<div  class='av-social-sharing-box  avia-builder-el-7  el_after_av_hr  el_before_av_hr  '><div class='av-share-box'><h5 class='av-share-link-description av-no-toc '>Compartir esta noticia<\/h5><ul class='av-share-box-list noLightbox'><li class='av-share-link av-social-link-facebook' ><a target=\"_blank\" aria-label=\"Compartir en Facebook\" href='https:\/\/www.facebook.com\/sharer.php?u=https:\/\/radiorevelacionfm.cl\/?p=64446&#038;t=M%C3%A1s%20de%20200%20personas%20alzaron%20la%20voz%20en%20Coyhaique%20en%20el%20%E2%80%9CFestival%20por%20la%20Tierra%20y%20el%20Mar%E2%80%9D%20por%20la%20defensa%20de%20Ays%C3%A9n' aria-hidden='false' data-av_icon='\ue8f3' data-av_iconfont='entypo-fontello' title='' data-avia-related-tooltip='Compartir en Facebook' rel=\"noopener\"><span class='avia_hidden_link_text'>Compartir en Facebook<\/span><\/a><\/li><li class='av-share-link av-social-link-twitter' ><a target=\"_blank\" aria-label=\"Compartir en Twitter\" href='https:\/\/twitter.com\/share?text=M%C3%A1s%20de%20200%20personas%20alzaron%20la%20voz%20en%20Coyhaique%20en%20el%20%E2%80%9CFestival%20por%20la%20Tierra%20y%20el%20Mar%E2%80%9D%20por%20la%20defensa%20de%20Ays%C3%A9n&#038;url=https:\/\/radiorevelacionfm.cl\/?p=64446' aria-hidden='false' data-av_icon='\ue8f1' data-av_iconfont='entypo-fontello' title='' data-avia-related-tooltip='Compartir en Twitter' rel=\"noopener\"><span class='avia_hidden_link_text'>Compartir en Twitter<\/span><\/a><\/li><li class='av-share-link av-social-link-whatsapp' ><a target=\"_blank\" aria-label=\"Compartir en Whatsapp\" href='https:\/\/api.whatsapp.com\/send?text=https:\/\/radiorevelacionfm.cl\/?p=64446' aria-hidden='false' data-av_icon='\uf232' data-av_iconfont='entypo-fontello' title='' data-avia-related-tooltip='Compartir en Whatsapp' rel=\"noopener\"><span class='avia_hidden_link_text'>Compartir en Whatsapp<\/span><\/a><\/li><li class='av-share-link av-social-link-linkedin' ><a target=\"_blank\" aria-label=\"Compartir en LinkedIn\" href='https:\/\/linkedin.com\/shareArticle?mini=true&#038;title=M%C3%A1s%20de%20200%20personas%20alzaron%20la%20voz%20en%20Coyhaique%20en%20el%20%E2%80%9CFestival%20por%20la%20Tierra%20y%20el%20Mar%E2%80%9D%20por%20la%20defensa%20de%20Ays%C3%A9n&#038;url=https:\/\/radiorevelacionfm.cl\/?p=64446' aria-hidden='false' data-av_icon='\ue8fc' data-av_iconfont='entypo-fontello' title='' data-avia-related-tooltip='Compartir en LinkedIn' rel=\"noopener\"><span class='avia_hidden_link_text'>Compartir en LinkedIn<\/span><\/a><\/li><li class='av-share-link av-social-link-mail' ><a  aria-label=\"Compartir por correo\" href='mailto:?subject=M%C3%A1s%20de%20200%20personas%20alzaron%20la%20voz%20en%20Coyhaique%20en%20el%20%E2%80%9CFestival%20por%20la%20Tierra%20y%20el%20Mar%E2%80%9D%20por%20la%20defensa%20de%20Ays%C3%A9n&#038;body=https:\/\/radiorevelacionfm.cl\/?p=64446' aria-hidden='false' data-av_icon='\ue805' data-av_iconfont='entypo-fontello' title='' data-avia-related-tooltip='Compartir por correo'><span class='avia_hidden_link_text'>Compartir por correo<\/span><\/a><\/li><\/ul><\/div><\/div>\n<div  style='height:50px' class='hr hr-invisible   avia-builder-el-8  el_after_av_social_share  el_before_av_comments_list '><span class='hr-inner ' ><span class='hr-inner-style'><\/span><\/span><\/div>\n<div  class='av-buildercomment  av-blog-meta-html-info-disabled av-blog-meta-tag-disabled  '><\/div>\n","protected":false},"excerpt":{"rendered":"","protected":false},"author":1,"featured_media":64447,"comment_status":"closed","ping_status":"closed","sticky":false,"template":"","format":"standard","meta":{"footnotes":""},"categories":[38],"tags":[],"class_list":["post-64446","post","type-post","status-publish","format-standard","has-post-thumbnail","hentry","category-regional"],"jetpack_featured_media_url":"https:\/\/radiorevelacionfm.cl\/wp-content\/uploads\/2026\/02\/1000383565-1-1.jpg","_links":{"self":[{"href":"https:\/\/radiorevelacionfm.cl\/index.php?rest_route=\/wp\/v2\/posts\/64446","targetHints":{"allow":["GET"]}}],"collection":[{"href":"https:\/\/radiorevelacionfm.cl\/index.php?rest_route=\/wp\/v2\/posts"}],"about":[{"href":"https:\/\/radiorevelacionfm.cl\/index.php?rest_route=\/wp\/v2\/types\/post"}],"author":[{"embeddable":true,"href":"https:\/\/radiorevelacionfm.cl\/index.php?rest_route=\/wp\/v2\/users\/1"}],"replies":[{"embeddable":true,"href":"https:\/\/radiorevelacionfm.cl\/index.php?rest_route=%2Fwp%2Fv2%2Fcomments&post=64446"}],"version-history":[{"count":2,"href":"https:\/\/radiorevelacionfm.cl\/index.php?rest_route=\/wp\/v2\/posts\/64446\/revisions"}],"predecessor-version":[{"id":64449,"href":"https:\/\/radiorevelacionfm.cl\/index.php?rest_route=\/wp\/v2\/posts\/64446\/revisions\/64449"}],"wp:featuredmedia":[{"embeddable":true,"href":"https:\/\/radiorevelacionfm.cl\/index.php?rest_route=\/wp\/v2\/media\/64447"}],"wp:attachment":[{"href":"https:\/\/radiorevelacionfm.cl\/index.php?rest_route=%2Fwp%2Fv2%2Fmedia&parent=64446"}],"wp:term":[{"taxonomy":"category","embeddable":true,"href":"https:\/\/radiorevelacionfm.cl\/index.php?rest_route=%2Fwp%2Fv2%2Fcategories&post=64446"},{"taxonomy":"post_tag","embeddable":true,"href":"https:\/\/radiorevelacionfm.cl\/index.php?rest_route=%2Fwp%2Fv2%2Ftags&post=64446"}],"curies":[{"name":"wp","href":"https:\/\/api.w.org\/{rel}","templated":true}]}}