{"id":64442,"date":"2026-02-22T22:26:09","date_gmt":"2026-02-23T01:26:09","guid":{"rendered":"https:\/\/radiorevelacionfm.cl\/?p=64442"},"modified":"2026-02-22T22:26:09","modified_gmt":"2026-02-23T01:26:09","slug":"destinos-de-coyhaique-y-aysen-lideran-medicion-nacional-de-ocupacion-hotelera-en-el-mes-de-febrero","status":"publish","type":"post","link":"https:\/\/radiorevelacionfm.cl\/?p=64442","title":{"rendered":"Destinos de Coyhaique y Ays\u00e9n lideran medici\u00f3n nacional de ocupaci\u00f3n hotelera en el mes de febrero"},"content":{"rendered":"<div class=\"flex_column av_one_full  flex_column_div av-zero-column-padding first  avia-builder-el-0  el_before_av_one_full  avia-builder-el-first  \" style='border-radius:0px; '><div  class='avia-image-container  av-styling-    avia-builder-el-1  avia-builder-el-no-sibling  avia-align-center '  itemprop=\"image\" itemscope=\"itemscope\" itemtype=\"https:\/\/schema.org\/ImageObject\"  ><div class='avia-image-container-inner'><div class='avia-image-overlay-wrap'><img decoding=\"async\" class='wp-image-64443 avia-img-lazy-loading-not-64443 avia_image' src=\"https:\/\/radiorevelacionfm.cl\/wp-content\/uploads\/2026\/02\/rafting010-rioaysen_optimized-1.jpg\" alt='' title='rafting010-rioaysen_optimized (1)' height=\"600\" width=\"900\"  itemprop=\"thumbnailUrl\" srcset=\"https:\/\/radiorevelacionfm.cl\/wp-content\/uploads\/2026\/02\/rafting010-rioaysen_optimized-1.jpg 900w, https:\/\/radiorevelacionfm.cl\/wp-content\/uploads\/2026\/02\/rafting010-rioaysen_optimized-1-300x200.jpg 300w, https:\/\/radiorevelacionfm.cl\/wp-content\/uploads\/2026\/02\/rafting010-rioaysen_optimized-1-768x512.jpg 768w, https:\/\/radiorevelacionfm.cl\/wp-content\/uploads\/2026\/02\/rafting010-rioaysen_optimized-1-705x470.jpg 705w, https:\/\/radiorevelacionfm.cl\/wp-content\/uploads\/2026\/02\/rafting010-rioaysen_optimized-1-450x300.jpg 450w, https:\/\/radiorevelacionfm.cl\/wp-content\/uploads\/2026\/02\/rafting010-rioaysen_optimized-1-600x400.jpg 600w\" sizes=\"(max-width: 900px) 100vw, 900px\" \/><\/div><\/div><\/div><\/div><div class=\"flex_column av_one_full  flex_column_div av-zero-column-padding first  avia-builder-el-2  el_after_av_one_full  el_before_av_one_full  column-top-margin\" style='border-radius:0px; '><section class=\"av_textblock_section \"  itemscope=\"itemscope\" itemtype=\"https:\/\/schema.org\/BlogPosting\" itemprop=\"blogPost\" ><div class='avia_textblock  '   itemprop=\"text\" ><p style=\"text-align: center;\"><strong><span style=\"font-size: 18pt;\">Destinos de Coyhaique y Ays\u00e9n lideran medici\u00f3n nacional de ocupaci\u00f3n hotelera en el mes de febrero<\/span><\/strong><\/p>\n<div id=\"gtx-trans\" style=\"position: absolute; left: -50px; top: 4.31534px;\">\n<div class=\"gtx-trans-icon\"><\/div>\n<\/div>\n<\/div><\/section><\/div><div class=\"flex_column av_one_full  flex_column_div av-zero-column-padding first  avia-builder-el-4  el_after_av_one_full  el_before_av_hr  column-top-margin\" style='border-radius:0px; '><section class=\"av_textblock_section \"  itemscope=\"itemscope\" itemtype=\"https:\/\/schema.org\/BlogPosting\" itemprop=\"blogPost\" ><div class='avia_textblock  '   itemprop=\"text\" ><p style=\"text-align: justify;\">Seg\u00fan la \u00faltima medici\u00f3n del Servicio Nacional de Turismo (SERNATUR), aplicada en 54 destinos tur\u00edsticos del pa\u00eds durante febrero de 2026, las comunas de Coyhaique y Ays\u00e9n registraron la tasa de ocupaci\u00f3n hotelera m\u00e1s alta a nivel nacional, alcanzando un 89,9%, muy por sobre el promedio pa\u00eds, que lleg\u00f3 a 67,1%.<\/p>\n<p style=\"text-align: justify;\">A nivel regional, la Regi\u00f3n de Ays\u00e9n alcanz\u00f3 una ocupaci\u00f3n promedio de 74,6%, superando tambi\u00e9n la media nacional y consolidando un positivo desempe\u00f1o en plena temporada alta de verano.<\/p>\n<p style=\"text-align: justify;\">El levantamiento de la informaci\u00f3n se realiz\u00f3 entre el lunes 9 y el s\u00e1bado 14 de febrero de 2026, incluyendo la noche del \u00faltimo d\u00eda de medici\u00f3n. En este contexto, los destinos regionales se posicionaron por sobre el promedio nacional, reflejando el dinamismo de la actividad tur\u00edstica en el territorio.<\/p>\n<p style=\"text-align: justify;\">En el desglose por destinos, Coyhaique y Ays\u00e9n encabezaron el ranking nacional con 89,9%, seguidos por el destino Chelenko con un 77,5% y la Provincia de Los Glaciares con un 76,4%. Por su parte, Ays\u00e9n Patagonia\u2013Queulat registr\u00f3 una ocupaci\u00f3n de 54,7%.<\/p>\n<p style=\"text-align: justify;\">El director regional de SERNATUR, Claudio Montecinos, destac\u00f3 que \u201cnuevamente registramos tasas de ocupaci\u00f3n hotelera sobresalientes a nivel nacional, lideradas en esta oportunidad por Coyhaique y Ays\u00e9n. Estos resultados dan cuenta de una temporada estival muy positiva para la regi\u00f3n y reflejan el alto inter\u00e9s de turistas nacionales y extranjeros por visitar Ays\u00e9n Patagonia\u201d.<\/p>\n<p style=\"text-align: justify;\">Asimismo, la autoridad regional relev\u00f3 el impacto de las actividades y eventos desarrollados por los Municipios y el sector privado durante el verano como un polo de atracci\u00f3n tur\u00edstica para el destino. \u201cLa realizaci\u00f3n de fiestas costumbristas y eventos masivos en distintas comunas de la regi\u00f3n contribuye significativamente a dinamizar la demanda tur\u00edstica. Un ejemplo de ello fue la reciente Expo Patagonia 2026, desarrollada en la misma semana de medici\u00f3n de esta encuesta, que reafirma la importancia de este tipo de iniciativas como motores de atracci\u00f3n de visitantes\u201d, se\u00f1al\u00f3 el director regional.<\/p>\n<p style=\"text-align: justify;\">A nivel pa\u00eds, los 54 destinos medidos alcanzaron una tasa promedio de 67,1%, mientras que en febrero de 2025 hab\u00edan registrado un 69,9%, lo que implica una disminuci\u00f3n de 2,8 puntos porcentuales.<\/p>\n<p style=\"text-align: justify;\">El Informe de Ocupabilidad Hotelera de SERNATUR mide la tasa de ocupaci\u00f3n en establecimientos de alojamiento tur\u00edstico mediante encuestas telef\u00f3nicas aplicadas a una muestra de 1.803 establecimientos a nivel nacional y 166 en la Regi\u00f3n de Ays\u00e9n.<\/p>\n<\/div><\/section><\/div><div  style='height:50px' class='hr hr-invisible   avia-builder-el-6  el_after_av_one_full  el_before_av_social_share '><span class='hr-inner ' ><span class='hr-inner-style'><\/span><\/span><\/div><\/p>\n<div  class='av-social-sharing-box  avia-builder-el-7  el_after_av_hr  el_before_av_hr  '><div class='av-share-box'><h5 class='av-share-link-description av-no-toc '>Compartir esta noticia<\/h5><ul class='av-share-box-list noLightbox'><li class='av-share-link av-social-link-facebook' ><a target=\"_blank\" aria-label=\"Compartir en Facebook\" href='https:\/\/www.facebook.com\/sharer.php?u=https:\/\/radiorevelacionfm.cl\/?p=64442&#038;t=Destinos%20de%20Coyhaique%20y%20Ays%C3%A9n%20lideran%20medici%C3%B3n%20nacional%20de%20ocupaci%C3%B3n%20hotelera%20en%20el%20mes%20de%20febrero' aria-hidden='false' data-av_icon='\ue8f3' data-av_iconfont='entypo-fontello' title='' data-avia-related-tooltip='Compartir en Facebook' rel=\"noopener\"><span class='avia_hidden_link_text'>Compartir en Facebook<\/span><\/a><\/li><li class='av-share-link av-social-link-twitter' ><a target=\"_blank\" aria-label=\"Compartir en Twitter\" href='https:\/\/twitter.com\/share?text=Destinos%20de%20Coyhaique%20y%20Ays%C3%A9n%20lideran%20medici%C3%B3n%20nacional%20de%20ocupaci%C3%B3n%20hotelera%20en%20el%20mes%20de%20febrero&#038;url=https:\/\/radiorevelacionfm.cl\/?p=64442' aria-hidden='false' data-av_icon='\ue8f1' data-av_iconfont='entypo-fontello' title='' data-avia-related-tooltip='Compartir en Twitter' rel=\"noopener\"><span class='avia_hidden_link_text'>Compartir en Twitter<\/span><\/a><\/li><li class='av-share-link av-social-link-whatsapp' ><a target=\"_blank\" aria-label=\"Compartir en Whatsapp\" href='https:\/\/api.whatsapp.com\/send?text=https:\/\/radiorevelacionfm.cl\/?p=64442' aria-hidden='false' data-av_icon='\uf232' data-av_iconfont='entypo-fontello' title='' data-avia-related-tooltip='Compartir en Whatsapp' rel=\"noopener\"><span class='avia_hidden_link_text'>Compartir en Whatsapp<\/span><\/a><\/li><li class='av-share-link av-social-link-linkedin' ><a target=\"_blank\" aria-label=\"Compartir en LinkedIn\" href='https:\/\/linkedin.com\/shareArticle?mini=true&#038;title=Destinos%20de%20Coyhaique%20y%20Ays%C3%A9n%20lideran%20medici%C3%B3n%20nacional%20de%20ocupaci%C3%B3n%20hotelera%20en%20el%20mes%20de%20febrero&#038;url=https:\/\/radiorevelacionfm.cl\/?p=64442' aria-hidden='false' data-av_icon='\ue8fc' data-av_iconfont='entypo-fontello' title='' data-avia-related-tooltip='Compartir en LinkedIn' rel=\"noopener\"><span class='avia_hidden_link_text'>Compartir en LinkedIn<\/span><\/a><\/li><li class='av-share-link av-social-link-mail' ><a  aria-label=\"Compartir por correo\" href='mailto:?subject=Destinos%20de%20Coyhaique%20y%20Ays%C3%A9n%20lideran%20medici%C3%B3n%20nacional%20de%20ocupaci%C3%B3n%20hotelera%20en%20el%20mes%20de%20febrero&#038;body=https:\/\/radiorevelacionfm.cl\/?p=64442' aria-hidden='false' data-av_icon='\ue805' data-av_iconfont='entypo-fontello' title='' data-avia-related-tooltip='Compartir por correo'><span class='avia_hidden_link_text'>Compartir por correo<\/span><\/a><\/li><\/ul><\/div><\/div>\n<div  style='height:50px' class='hr hr-invisible   avia-builder-el-8  el_after_av_social_share  el_before_av_comments_list '><span class='hr-inner ' ><span class='hr-inner-style'><\/span><\/span><\/div>\n<div  class='av-buildercomment  av-blog-meta-html-info-disabled av-blog-meta-tag-disabled  '><\/div>\n","protected":false},"excerpt":{"rendered":"","protected":false},"author":1,"featured_media":64443,"comment_status":"closed","ping_status":"closed","sticky":false,"template":"","format":"standard","meta":{"footnotes":""},"categories":[54],"tags":[],"class_list":["post-64442","post","type-post","status-publish","format-standard","has-post-thumbnail","hentry","category-turismo"],"jetpack_featured_media_url":"https:\/\/radiorevelacionfm.cl\/wp-content\/uploads\/2026\/02\/rafting010-rioaysen_optimized-1.jpg","_links":{"self":[{"href":"https:\/\/radiorevelacionfm.cl\/index.php?rest_route=\/wp\/v2\/posts\/64442","targetHints":{"allow":["GET"]}}],"collection":[{"href":"https:\/\/radiorevelacionfm.cl\/index.php?rest_route=\/wp\/v2\/posts"}],"about":[{"href":"https:\/\/radiorevelacionfm.cl\/index.php?rest_route=\/wp\/v2\/types\/post"}],"author":[{"embeddable":true,"href":"https:\/\/radiorevelacionfm.cl\/index.php?rest_route=\/wp\/v2\/users\/1"}],"replies":[{"embeddable":true,"href":"https:\/\/radiorevelacionfm.cl\/index.php?rest_route=%2Fwp%2Fv2%2Fcomments&post=64442"}],"version-history":[{"count":2,"href":"https:\/\/radiorevelacionfm.cl\/index.php?rest_route=\/wp\/v2\/posts\/64442\/revisions"}],"predecessor-version":[{"id":64445,"href":"https:\/\/radiorevelacionfm.cl\/index.php?rest_route=\/wp\/v2\/posts\/64442\/revisions\/64445"}],"wp:featuredmedia":[{"embeddable":true,"href":"https:\/\/radiorevelacionfm.cl\/index.php?rest_route=\/wp\/v2\/media\/64443"}],"wp:attachment":[{"href":"https:\/\/radiorevelacionfm.cl\/index.php?rest_route=%2Fwp%2Fv2%2Fmedia&parent=64442"}],"wp:term":[{"taxonomy":"category","embeddable":true,"href":"https:\/\/radiorevelacionfm.cl\/index.php?rest_route=%2Fwp%2Fv2%2Fcategories&post=64442"},{"taxonomy":"post_tag","embeddable":true,"href":"https:\/\/radiorevelacionfm.cl\/index.php?rest_route=%2Fwp%2Fv2%2Ftags&post=64442"}],"curies":[{"name":"wp","href":"https:\/\/api.w.org\/{rel}","templated":true}]}}