{"id":6444,"date":"2021-07-20T11:54:47","date_gmt":"2021-07-20T14:54:47","guid":{"rendered":"https:\/\/radiorevelacionfm.cl\/?p=6444"},"modified":"2021-07-20T11:54:47","modified_gmt":"2021-07-20T14:54:47","slug":"quedan-pocos-dias-para-participar-del-estudio-que-mide-la-transformacion-digital-en-pymes-y-empresas","status":"publish","type":"post","link":"https:\/\/radiorevelacionfm.cl\/?p=6444","title":{"rendered":"Quedan pocos d\u00edas para participar del estudio que mide la transformaci\u00f3n digital en pymes y empresas"},"content":{"rendered":"<div class=\"flex_column av_one_full  flex_column_div av-zero-column-padding first  avia-builder-el-0  el_before_av_one_full  avia-builder-el-first  \" style='border-radius:0px; '><div  class='avia-image-container  av-styling-    avia-builder-el-1  avia-builder-el-no-sibling  avia-align-center '  itemprop=\"image\" itemscope=\"itemscope\" itemtype=\"https:\/\/schema.org\/ImageObject\"  ><div class='avia-image-container-inner'><div class='avia-image-overlay-wrap'><img decoding=\"async\" class='wp-image-6445 avia-img-lazy-loading-not-6445 avia_image' src=\"https:\/\/radiorevelacionfm.cl\/wp-content\/uploads\/2021\/07\/corfo-aysen-itd-1_optimized.jpg\" alt='' title='corfo-ays\u00e9n-itd-(1)_optimized' height=\"600\" width=\"1067\"  itemprop=\"thumbnailUrl\" srcset=\"https:\/\/radiorevelacionfm.cl\/wp-content\/uploads\/2021\/07\/corfo-aysen-itd-1_optimized.jpg 1067w, https:\/\/radiorevelacionfm.cl\/wp-content\/uploads\/2021\/07\/corfo-aysen-itd-1_optimized-300x169.jpg 300w, https:\/\/radiorevelacionfm.cl\/wp-content\/uploads\/2021\/07\/corfo-aysen-itd-1_optimized-1030x579.jpg 1030w, https:\/\/radiorevelacionfm.cl\/wp-content\/uploads\/2021\/07\/corfo-aysen-itd-1_optimized-768x432.jpg 768w, https:\/\/radiorevelacionfm.cl\/wp-content\/uploads\/2021\/07\/corfo-aysen-itd-1_optimized-705x396.jpg 705w, https:\/\/radiorevelacionfm.cl\/wp-content\/uploads\/2021\/07\/corfo-aysen-itd-1_optimized-600x337.jpg 600w\" sizes=\"(max-width: 1067px) 100vw, 1067px\" \/><\/div><\/div><\/div><\/div><div class=\"flex_column av_one_full  flex_column_div av-zero-column-padding first  avia-builder-el-2  el_after_av_one_full  el_before_av_one_full  column-top-margin\" style='border-radius:0px; '><section class=\"av_textblock_section \"  itemscope=\"itemscope\" itemtype=\"https:\/\/schema.org\/BlogPosting\" itemprop=\"blogPost\" ><div class='avia_textblock  '   itemprop=\"text\" ><p style=\"text-align: center;\"><span style=\"font-size: 18pt;\"><b>Quedan pocos d\u00edas para participar\u00a0del estudio que mide la transformaci\u00f3n digital en pymes y empresas<\/b><\/span><\/p>\n<div id=\"gtx-trans\" style=\"position: absolute; left: -50px; top: 4.31534px;\">\n<div class=\"gtx-trans-icon\"><\/div>\n<\/div>\n<\/div><\/section><\/div><div class=\"flex_column av_one_full  flex_column_div av-zero-column-padding first  avia-builder-el-4  el_after_av_one_full  el_before_av_hr  column-top-margin\" style='border-radius:0px; '><section class=\"av_textblock_section \"  itemscope=\"itemscope\" itemtype=\"https:\/\/schema.org\/BlogPosting\" itemprop=\"blogPost\" ><div class='avia_textblock  '   itemprop=\"text\" ><p style=\"font-weight: 400; text-align: justify;\">Hasta el viernes 23 hay plazo para participar de la cuarta versi\u00f3n del \u00cdndice de Transformaci\u00f3n Digital (ITD), para pymes y grandes empresas, un estudio de campo que realizan Corfo, junto con la C\u00e1mara de Comercio de Santiago (CCS) y la consultora\u00a0PMG\u00a0Chile, que busca recopilar y sistematizar la data a nivel nacional, en las cinco dimensiones claves que permiten llevar a cabo el proceso de transformaci\u00f3n digital en las organizaciones.<\/p>\n<p style=\"font-weight: 400; text-align: justify;\">\u201cDesde Corfo sabemos que la digitalizaci\u00f3n y la transformaci\u00f3n digital se han vuelto claves en el contexto de la pandemia. Poder medir y generar data hist\u00f3rica, nos permitir\u00e1 entregar un insumo clave a las organizaciones y pymes para redise\u00f1ar y reenfocar sus estrategias de negocio, adem\u00e1s de convertirse en una radiograf\u00eda relevante para el sector p\u00fablico a la hora de medir las iniciativas y esfuerzos que se han realizado en torno a estas materias\u201d, se\u00f1al\u00f3 Pablo Terrazas, Vicepresidente Ejecutivo de Corfo.<\/p>\n<p style=\"font-weight: 400; text-align: justify;\">A trav\u00e9s de esta\u00a0<a href=\"https:\/\/t.co\/ojGfNigxql?amp=1\" data-saferedirecturl=\"https:\/\/www.google.com\/url?q=https:\/\/t.co\/ojGfNigxql?amp%3D1&amp;source=gmail&amp;ust=1626875221050000&amp;usg=AFQjCNGwZ9ivHFvFWtT5RkLJarzsfq5wGA\">encuesta online<\/a>, las pymes y empresas de todo territorio nacional y de los diferentes rubros, podr\u00e1n responder una serie de preguntas vinculadas a las dimensiones que componen el indicador: Liderazgo hacia lo digital; Visi\u00f3n y estrategia de digitalizaci\u00f3n; Formas de trabajo, personas y cultura digital; Digitalizaci\u00f3n de procesos y toma de decisiones; y Tecnolog\u00eda, manejo de datos y herramientas digitales.<\/p>\n<p style=\"font-weight: 400; text-align: justify;\">\u201cInvitamos a los l\u00edderes de las empresas de todos los tama\u00f1os, sectores y regiones a participar en la generaci\u00f3n de la cuarta versi\u00f3n del \u00cdndice. Estamos convencidos que, para seguir avanzando en transformaci\u00f3n digital, necesitamos medir e identificar los progresos que van experimentando las empresas a\u00f1o a a\u00f1o e identificar las brechas para poder apoyarlos\u201d, se\u00f1al\u00f3 Carlos Soublette, gerente general de la CCS, a\u00f1adiendo que \u201cse trata de un instrumento que permitir\u00e1 a los participantes, adem\u00e1s, compararse con el promedio de las empresas, de modo de diagnosticar su situaci\u00f3n individual y dise\u00f1ar estrategias de acci\u00f3n\u201d.<\/p>\n<p style=\"font-weight: 400; text-align: justify;\">A la fecha, m\u00e1s de 500 organizaciones a nivel nacional ya se encuentran participando en esta nueva versi\u00f3n del indicador, siendo uno de los objetivos del estudio alcanzar una muestra que supere los 800 casos, logrando capturar la importancia de la adaptaci\u00f3n y digitalizaci\u00f3n de las organizaciones en el contexto de la pandemia.<\/p>\n<p style=\"font-weight: 400; text-align: justify;\">\u201cEl \u00cdndice de Transformaci\u00f3n Digital se ha validado como la mejor herramienta para medir la madurez digital de las empresas tanto a nivel nacional como sectorial, permitiendo identificar y estimar las brechas donde focalizar los esfuerzos para acelerar sus procesos de transformaci\u00f3n. En esta cuarta versi\u00f3n, podremos medir los avances de las empresas en el contexto de la pandemia, y entender sus avances tanto en cambio cultural como en adopci\u00f3n tecnol\u00f3gica\u201d, se\u00f1al\u00f3 Claudio Parraguez, director de la consultora PMG.<\/p>\n<p style=\"font-weight: 400; text-align: justify;\">La encuesta ya se encuentra disponible\u00a0<a href=\"https:\/\/es.surveymonkey.com\/r\/ITD_2021\" data-saferedirecturl=\"https:\/\/www.google.com\/url?q=https:\/\/es.surveymonkey.com\/r\/ITD_2021&amp;source=gmail&amp;ust=1626875221050000&amp;usg=AFQjCNGtfAGZyiCidfhAZgRsWFbAnPlXaw\">aqu\u00ed<\/a>\u00a0y cerrar\u00e1 el pr\u00f3ximo viernes 23 de julio. Luego de finalizado el proceso, los resultados ser\u00e1n publicados a trav\u00e9s de los sitios web de Corfo, C\u00e1mara de Comercio de Santiago y PMG.<\/p>\n<\/div><\/section><\/div><div  style='height:50px' class='hr hr-invisible   avia-builder-el-6  el_after_av_one_full  el_before_av_social_share '><span class='hr-inner ' ><span class='hr-inner-style'><\/span><\/span><\/div><\/p>\n<div  class='av-social-sharing-box  avia-builder-el-7  el_after_av_hr  el_before_av_hr  '><div class='av-share-box'><h5 class='av-share-link-description av-no-toc '>Compartir esta noticia<\/h5><ul class='av-share-box-list noLightbox'><li class='av-share-link av-social-link-facebook' ><a target=\"_blank\" aria-label=\"Compartir en Facebook\" href='https:\/\/www.facebook.com\/sharer.php?u=https:\/\/radiorevelacionfm.cl\/?p=6444&#038;t=Quedan%20pocos%20d%C3%ADas%20para%20participar%20del%20estudio%20que%20mide%20la%20transformaci%C3%B3n%20digital%20en%20pymes%20y%20empresas' aria-hidden='false' data-av_icon='\ue8f3' data-av_iconfont='entypo-fontello' title='' data-avia-related-tooltip='Compartir en Facebook' rel=\"noopener\"><span class='avia_hidden_link_text'>Compartir en Facebook<\/span><\/a><\/li><li class='av-share-link av-social-link-twitter' ><a target=\"_blank\" aria-label=\"Compartir en Twitter\" href='https:\/\/twitter.com\/share?text=Quedan%20pocos%20d%C3%ADas%20para%20participar%20del%20estudio%20que%20mide%20la%20transformaci%C3%B3n%20digital%20en%20pymes%20y%20empresas&#038;url=https:\/\/radiorevelacionfm.cl\/?p=6444' aria-hidden='false' data-av_icon='\ue8f1' data-av_iconfont='entypo-fontello' title='' data-avia-related-tooltip='Compartir en Twitter' rel=\"noopener\"><span class='avia_hidden_link_text'>Compartir en Twitter<\/span><\/a><\/li><li class='av-share-link av-social-link-whatsapp' ><a target=\"_blank\" aria-label=\"Compartir en Whatsapp\" href='https:\/\/api.whatsapp.com\/send?text=https:\/\/radiorevelacionfm.cl\/?p=6444' aria-hidden='false' data-av_icon='\uf232' data-av_iconfont='entypo-fontello' title='' data-avia-related-tooltip='Compartir en Whatsapp' rel=\"noopener\"><span class='avia_hidden_link_text'>Compartir en Whatsapp<\/span><\/a><\/li><li class='av-share-link av-social-link-linkedin' ><a target=\"_blank\" aria-label=\"Compartir en LinkedIn\" href='https:\/\/linkedin.com\/shareArticle?mini=true&#038;title=Quedan%20pocos%20d%C3%ADas%20para%20participar%20del%20estudio%20que%20mide%20la%20transformaci%C3%B3n%20digital%20en%20pymes%20y%20empresas&#038;url=https:\/\/radiorevelacionfm.cl\/?p=6444' aria-hidden='false' data-av_icon='\ue8fc' data-av_iconfont='entypo-fontello' title='' data-avia-related-tooltip='Compartir en LinkedIn' rel=\"noopener\"><span class='avia_hidden_link_text'>Compartir en LinkedIn<\/span><\/a><\/li><li class='av-share-link av-social-link-mail' ><a  aria-label=\"Compartir por correo\" href='mailto:?subject=Quedan%20pocos%20d%C3%ADas%20para%20participar%20del%20estudio%20que%20mide%20la%20transformaci%C3%B3n%20digital%20en%20pymes%20y%20empresas&#038;body=https:\/\/radiorevelacionfm.cl\/?p=6444' aria-hidden='false' data-av_icon='\ue805' data-av_iconfont='entypo-fontello' title='' data-avia-related-tooltip='Compartir por correo'><span class='avia_hidden_link_text'>Compartir por correo<\/span><\/a><\/li><\/ul><\/div><\/div>\n<div  style='height:50px' class='hr hr-invisible   avia-builder-el-8  el_after_av_social_share  el_before_av_comments_list '><span class='hr-inner ' ><span class='hr-inner-style'><\/span><\/span><\/div>\n<div  class='av-buildercomment  av-blog-meta-html-info-disabled av-blog-meta-tag-disabled  '><\/div>\n","protected":false},"excerpt":{"rendered":"","protected":false},"author":1,"featured_media":6445,"comment_status":"open","ping_status":"open","sticky":false,"template":"","format":"standard","meta":{"footnotes":""},"categories":[45],"tags":[],"class_list":["post-6444","post","type-post","status-publish","format-standard","has-post-thumbnail","hentry","category-comercio"],"jetpack_featured_media_url":"https:\/\/radiorevelacionfm.cl\/wp-content\/uploads\/2021\/07\/corfo-aysen-itd-1_optimized.jpg","_links":{"self":[{"href":"https:\/\/radiorevelacionfm.cl\/index.php?rest_route=\/wp\/v2\/posts\/6444","targetHints":{"allow":["GET"]}}],"collection":[{"href":"https:\/\/radiorevelacionfm.cl\/index.php?rest_route=\/wp\/v2\/posts"}],"about":[{"href":"https:\/\/radiorevelacionfm.cl\/index.php?rest_route=\/wp\/v2\/types\/post"}],"author":[{"embeddable":true,"href":"https:\/\/radiorevelacionfm.cl\/index.php?rest_route=\/wp\/v2\/users\/1"}],"replies":[{"embeddable":true,"href":"https:\/\/radiorevelacionfm.cl\/index.php?rest_route=%2Fwp%2Fv2%2Fcomments&post=6444"}],"version-history":[{"count":1,"href":"https:\/\/radiorevelacionfm.cl\/index.php?rest_route=\/wp\/v2\/posts\/6444\/revisions"}],"predecessor-version":[{"id":6446,"href":"https:\/\/radiorevelacionfm.cl\/index.php?rest_route=\/wp\/v2\/posts\/6444\/revisions\/6446"}],"wp:featuredmedia":[{"embeddable":true,"href":"https:\/\/radiorevelacionfm.cl\/index.php?rest_route=\/wp\/v2\/media\/6445"}],"wp:attachment":[{"href":"https:\/\/radiorevelacionfm.cl\/index.php?rest_route=%2Fwp%2Fv2%2Fmedia&parent=6444"}],"wp:term":[{"taxonomy":"category","embeddable":true,"href":"https:\/\/radiorevelacionfm.cl\/index.php?rest_route=%2Fwp%2Fv2%2Fcategories&post=6444"},{"taxonomy":"post_tag","embeddable":true,"href":"https:\/\/radiorevelacionfm.cl\/index.php?rest_route=%2Fwp%2Fv2%2Ftags&post=6444"}],"curies":[{"name":"wp","href":"https:\/\/api.w.org\/{rel}","templated":true}]}}