{"id":64438,"date":"2026-02-21T11:58:36","date_gmt":"2026-02-21T14:58:36","guid":{"rendered":"https:\/\/radiorevelacionfm.cl\/?p=64438"},"modified":"2026-02-21T11:58:36","modified_gmt":"2026-02-21T14:58:36","slug":"cambio-de-mando-operativo-subprefecto-juan-pablo-pardo-garcia-asume-jefatura-de-la-prefectura-provincial-coyhaique-de-la-pdi","status":"publish","type":"post","link":"https:\/\/radiorevelacionfm.cl\/?p=64438","title":{"rendered":"Cambio de mando operativo: Subprefecto Juan Pablo Pardo Garc\u00eda asume jefatura de la prefectura provincial Coyhaique de la PDI"},"content":{"rendered":"<div class=\"flex_column av_one_full  flex_column_div av-zero-column-padding first  avia-builder-el-0  el_before_av_one_full  avia-builder-el-first  \" style='border-radius:0px; '><div  class='avia-image-container  av-styling-    avia-builder-el-1  avia-builder-el-no-sibling  avia-align-center '  itemprop=\"image\" itemscope=\"itemscope\" itemtype=\"https:\/\/schema.org\/ImageObject\"  ><div class='avia-image-container-inner'><div class='avia-image-overlay-wrap'><img decoding=\"async\" class='wp-image-64439 avia-img-lazy-loading-not-64439 avia_image' src=\"https:\/\/radiorevelacionfm.cl\/wp-content\/uploads\/2026\/02\/PDI-Cambio-Mando-1-1.jpg\" alt='' title='PDI Cambio Mando (1) (1)' height=\"602\" width=\"800\"  itemprop=\"thumbnailUrl\" srcset=\"https:\/\/radiorevelacionfm.cl\/wp-content\/uploads\/2026\/02\/PDI-Cambio-Mando-1-1.jpg 800w, https:\/\/radiorevelacionfm.cl\/wp-content\/uploads\/2026\/02\/PDI-Cambio-Mando-1-1-300x226.jpg 300w, https:\/\/radiorevelacionfm.cl\/wp-content\/uploads\/2026\/02\/PDI-Cambio-Mando-1-1-768x578.jpg 768w, https:\/\/radiorevelacionfm.cl\/wp-content\/uploads\/2026\/02\/PDI-Cambio-Mando-1-1-705x531.jpg 705w, https:\/\/radiorevelacionfm.cl\/wp-content\/uploads\/2026\/02\/PDI-Cambio-Mando-1-1-450x339.jpg 450w, https:\/\/radiorevelacionfm.cl\/wp-content\/uploads\/2026\/02\/PDI-Cambio-Mando-1-1-600x452.jpg 600w\" sizes=\"(max-width: 800px) 100vw, 800px\" \/><\/div><\/div><\/div><\/div><div class=\"flex_column av_one_full  flex_column_div av-zero-column-padding first  avia-builder-el-2  el_after_av_one_full  el_before_av_one_full  column-top-margin\" style='border-radius:0px; '><section class=\"av_textblock_section \"  itemscope=\"itemscope\" itemtype=\"https:\/\/schema.org\/BlogPosting\" itemprop=\"blogPost\" ><div class='avia_textblock  '   itemprop=\"text\" ><p style=\"text-align: center;\"><strong><span style=\"font-size: 18pt;\">Cambio de mando operativo: Subprefecto Juan Pablo Pardo Garc\u00eda asume jefatura de la prefectura provincial Coyhaique de la PDI<\/span><\/strong><\/p>\n<div id=\"gtx-trans\" style=\"position: absolute; left: -50px; top: 4.31534px;\">\n<div class=\"gtx-trans-icon\"><\/div>\n<\/div>\n<\/div><\/section><\/div><div class=\"flex_column av_one_full  flex_column_div av-zero-column-padding first  avia-builder-el-4  el_after_av_one_full  el_before_av_hr  column-top-margin\" style='border-radius:0px; '><section class=\"av_textblock_section \"  itemscope=\"itemscope\" itemtype=\"https:\/\/schema.org\/BlogPosting\" itemprop=\"blogPost\" ><div class='avia_textblock  '   itemprop=\"text\" ><p style=\"text-align: justify;\">En una actividad interna desarrollada en el Complejo Policial Coyhaique de la PDI, se llev\u00f3 a cabo la Ceremonia de Entrega y Recepci\u00f3n de la Prefectura Provincial Coyhaique. La actividad fue encabezada por la jefa de la Regi\u00f3n Policial de Ays\u00e9n del General Carlos Ib\u00e1\u00f1ez del Campo, prefecta inspectora Katherin Rivillo Molina.<\/p>\n<p style=\"text-align: justify;\">En la oportunidad, el subprefecto V\u00edctor Toledo Escalona, quien fue designado como jefe de la Prefectura Provincial Copiap\u00f3, entreg\u00f3 el mando operativo al subprefecto Juan Pablo Pardo Garc\u00eda, quien asume como jefe.<\/p>\n<p style=\"text-align: justify;\">Durante la ceremonia, la prefecta inspectora Rivillo agradeci\u00f3 el trabajo y compromiso del subprefecto Toledo liderando la Prefectura Provincial Coyhaique, impulsando los cimientos de un trabajo operativo coordinado en beneficio de los habitantes de la Regi\u00f3n de Ays\u00e9n, dese\u00e1ndole el mayor de los \u00e9xitos en su nueva destinaci\u00f3n en la Regi\u00f3n de Atacama.<\/p>\n<p style=\"text-align: justify;\">Del mismo modo, la oficial general dio la bienvenida al subprefecto Pardo, quien se suma al equipo de trabajo de la Regi\u00f3n Policial de Ays\u00e9n, destacando su trayectoria institucional en el \u00e1rea antinarc\u00f3ticos, contra el crimen organizado e investigaciones policiales especiales.<\/p>\n<p style=\"text-align: justify;\">Respecto a su sello de gesti\u00f3n, el nuevo jefe provincial coment\u00f3 que pretende reforzar el v\u00ednculo con la comunidad, adem\u00e1s avanzar en las metodolog\u00edas investigativas, \u201cestudiando y teniendo presente siempre los nuevos fen\u00f3menos delictuales con el fin de ir anticip\u00e1ndonos al hecho delictual, con investigaciones concisas, previas y que puedan dar un resultado oportuno y r\u00e1pido a estos nuevos fen\u00f3menos, sobre todo los relacionados a las manifestaciones del crimen organizado que podr\u00eda haber en la regi\u00f3n\u201d, puntualiz\u00f3 el subprefecto Juan Pablo Pardo.<\/p>\n<p style=\"text-align: justify;\">Al asumir esta nueva responsabilidad en su carrera profesional, el jefe de la Prefectura Provincial Coyhaique, con 30 a\u00f1os de servicio en la PDI, manifest\u00f3 su agradecimiento al Director General Eduardo Cerna Lozano y al Alto Mando institucional por la confianza depositada para liderar el trabajo operativo de la Regi\u00f3n de Ays\u00e9n, se\u00f1alando que se enfocar\u00e1 en apoyar y dirigir la labor investigativa, en base al trabajo cient\u00edfico-t\u00e9cnico, para contribuir al ecosistema de seguridad en beneficio de la tranquilidad de los habitantes de la Patagonia Chilena.<\/p>\n<\/div><\/section><\/div><div  style='height:50px' class='hr hr-invisible   avia-builder-el-6  el_after_av_one_full  el_before_av_social_share '><span class='hr-inner ' ><span class='hr-inner-style'><\/span><\/span><\/div><\/p>\n<div  class='av-social-sharing-box  avia-builder-el-7  el_after_av_hr  el_before_av_hr  '><div class='av-share-box'><h5 class='av-share-link-description av-no-toc '>Compartir esta noticia<\/h5><ul class='av-share-box-list noLightbox'><li class='av-share-link av-social-link-facebook' ><a target=\"_blank\" aria-label=\"Compartir en Facebook\" href='https:\/\/www.facebook.com\/sharer.php?u=https:\/\/radiorevelacionfm.cl\/?p=64438&#038;t=Cambio%20de%20mando%20operativo%3A%20Subprefecto%20Juan%20Pablo%20Pardo%20Garc%C3%ADa%20asume%20jefatura%20de%20la%20prefectura%20provincial%20Coyhaique%20de%20la%20PDI' aria-hidden='false' data-av_icon='\ue8f3' data-av_iconfont='entypo-fontello' title='' data-avia-related-tooltip='Compartir en Facebook' rel=\"noopener\"><span class='avia_hidden_link_text'>Compartir en Facebook<\/span><\/a><\/li><li class='av-share-link av-social-link-twitter' ><a target=\"_blank\" aria-label=\"Compartir en Twitter\" href='https:\/\/twitter.com\/share?text=Cambio%20de%20mando%20operativo%3A%20Subprefecto%20Juan%20Pablo%20Pardo%20Garc%C3%ADa%20asume%20jefatura%20de%20la%20prefectura%20provincial%20Coyhaique%20de%20la%20PDI&#038;url=https:\/\/radiorevelacionfm.cl\/?p=64438' aria-hidden='false' data-av_icon='\ue8f1' data-av_iconfont='entypo-fontello' title='' data-avia-related-tooltip='Compartir en Twitter' rel=\"noopener\"><span class='avia_hidden_link_text'>Compartir en Twitter<\/span><\/a><\/li><li class='av-share-link av-social-link-whatsapp' ><a target=\"_blank\" aria-label=\"Compartir en Whatsapp\" href='https:\/\/api.whatsapp.com\/send?text=https:\/\/radiorevelacionfm.cl\/?p=64438' aria-hidden='false' data-av_icon='\uf232' data-av_iconfont='entypo-fontello' title='' data-avia-related-tooltip='Compartir en Whatsapp' rel=\"noopener\"><span class='avia_hidden_link_text'>Compartir en Whatsapp<\/span><\/a><\/li><li class='av-share-link av-social-link-linkedin' ><a target=\"_blank\" aria-label=\"Compartir en LinkedIn\" href='https:\/\/linkedin.com\/shareArticle?mini=true&#038;title=Cambio%20de%20mando%20operativo%3A%20Subprefecto%20Juan%20Pablo%20Pardo%20Garc%C3%ADa%20asume%20jefatura%20de%20la%20prefectura%20provincial%20Coyhaique%20de%20la%20PDI&#038;url=https:\/\/radiorevelacionfm.cl\/?p=64438' aria-hidden='false' data-av_icon='\ue8fc' data-av_iconfont='entypo-fontello' title='' data-avia-related-tooltip='Compartir en LinkedIn' rel=\"noopener\"><span class='avia_hidden_link_text'>Compartir en LinkedIn<\/span><\/a><\/li><li class='av-share-link av-social-link-mail' ><a  aria-label=\"Compartir por correo\" href='mailto:?subject=Cambio%20de%20mando%20operativo%3A%20Subprefecto%20Juan%20Pablo%20Pardo%20Garc%C3%ADa%20asume%20jefatura%20de%20la%20prefectura%20provincial%20Coyhaique%20de%20la%20PDI&#038;body=https:\/\/radiorevelacionfm.cl\/?p=64438' aria-hidden='false' data-av_icon='\ue805' data-av_iconfont='entypo-fontello' title='' data-avia-related-tooltip='Compartir por correo'><span class='avia_hidden_link_text'>Compartir por correo<\/span><\/a><\/li><\/ul><\/div><\/div>\n<div  style='height:50px' class='hr hr-invisible   avia-builder-el-8  el_after_av_social_share  el_before_av_comments_list '><span class='hr-inner ' ><span class='hr-inner-style'><\/span><\/span><\/div>\n<div  class='av-buildercomment  av-blog-meta-html-info-disabled av-blog-meta-tag-disabled  '><\/div>\n","protected":false},"excerpt":{"rendered":"","protected":false},"author":1,"featured_media":64439,"comment_status":"closed","ping_status":"closed","sticky":false,"template":"","format":"standard","meta":{"footnotes":""},"categories":[36],"tags":[],"class_list":["post-64438","post","type-post","status-publish","format-standard","has-post-thumbnail","hentry","category-policial"],"jetpack_featured_media_url":"https:\/\/radiorevelacionfm.cl\/wp-content\/uploads\/2026\/02\/PDI-Cambio-Mando-1-1.jpg","_links":{"self":[{"href":"https:\/\/radiorevelacionfm.cl\/index.php?rest_route=\/wp\/v2\/posts\/64438","targetHints":{"allow":["GET"]}}],"collection":[{"href":"https:\/\/radiorevelacionfm.cl\/index.php?rest_route=\/wp\/v2\/posts"}],"about":[{"href":"https:\/\/radiorevelacionfm.cl\/index.php?rest_route=\/wp\/v2\/types\/post"}],"author":[{"embeddable":true,"href":"https:\/\/radiorevelacionfm.cl\/index.php?rest_route=\/wp\/v2\/users\/1"}],"replies":[{"embeddable":true,"href":"https:\/\/radiorevelacionfm.cl\/index.php?rest_route=%2Fwp%2Fv2%2Fcomments&post=64438"}],"version-history":[{"count":2,"href":"https:\/\/radiorevelacionfm.cl\/index.php?rest_route=\/wp\/v2\/posts\/64438\/revisions"}],"predecessor-version":[{"id":64441,"href":"https:\/\/radiorevelacionfm.cl\/index.php?rest_route=\/wp\/v2\/posts\/64438\/revisions\/64441"}],"wp:featuredmedia":[{"embeddable":true,"href":"https:\/\/radiorevelacionfm.cl\/index.php?rest_route=\/wp\/v2\/media\/64439"}],"wp:attachment":[{"href":"https:\/\/radiorevelacionfm.cl\/index.php?rest_route=%2Fwp%2Fv2%2Fmedia&parent=64438"}],"wp:term":[{"taxonomy":"category","embeddable":true,"href":"https:\/\/radiorevelacionfm.cl\/index.php?rest_route=%2Fwp%2Fv2%2Fcategories&post=64438"},{"taxonomy":"post_tag","embeddable":true,"href":"https:\/\/radiorevelacionfm.cl\/index.php?rest_route=%2Fwp%2Fv2%2Ftags&post=64438"}],"curies":[{"name":"wp","href":"https:\/\/api.w.org\/{rel}","templated":true}]}}