{"id":64434,"date":"2026-02-20T18:33:02","date_gmt":"2026-02-20T21:33:02","guid":{"rendered":"https:\/\/radiorevelacionfm.cl\/?p=64434"},"modified":"2026-02-20T18:33:02","modified_gmt":"2026-02-20T21:33:02","slug":"uaysen-realiza-segundo-taller-territorial-sobre-soberania-y-resiliencia-alimentaria-en-la-region","status":"publish","type":"post","link":"https:\/\/radiorevelacionfm.cl\/?p=64434","title":{"rendered":"UAys\u00e9n realiza segundo taller territorial sobre soberan\u00eda y resiliencia alimentaria en la regi\u00f3n"},"content":{"rendered":"<div class=\"flex_column av_one_full  flex_column_div av-zero-column-padding first  avia-builder-el-0  el_before_av_one_full  avia-builder-el-first  \" style='border-radius:0px; '><div  class='avia-image-container  av-styling-    avia-builder-el-1  avia-builder-el-no-sibling  avia-align-center '  itemprop=\"image\" itemscope=\"itemscope\" itemtype=\"https:\/\/schema.org\/ImageObject\"  ><div class='avia-image-container-inner'><div class='avia-image-overlay-wrap'><img decoding=\"async\" class='wp-image-64435 avia-img-lazy-loading-not-64435 avia_image' src=\"https:\/\/radiorevelacionfm.cl\/wp-content\/uploads\/2026\/02\/dsc06538-1_optimized-1.jpg\" alt='' title='dsc06538-(1)_optimized (1)' height=\"600\" width=\"900\"  itemprop=\"thumbnailUrl\" srcset=\"https:\/\/radiorevelacionfm.cl\/wp-content\/uploads\/2026\/02\/dsc06538-1_optimized-1.jpg 900w, https:\/\/radiorevelacionfm.cl\/wp-content\/uploads\/2026\/02\/dsc06538-1_optimized-1-300x200.jpg 300w, https:\/\/radiorevelacionfm.cl\/wp-content\/uploads\/2026\/02\/dsc06538-1_optimized-1-768x512.jpg 768w, https:\/\/radiorevelacionfm.cl\/wp-content\/uploads\/2026\/02\/dsc06538-1_optimized-1-705x470.jpg 705w, https:\/\/radiorevelacionfm.cl\/wp-content\/uploads\/2026\/02\/dsc06538-1_optimized-1-450x300.jpg 450w, https:\/\/radiorevelacionfm.cl\/wp-content\/uploads\/2026\/02\/dsc06538-1_optimized-1-600x400.jpg 600w\" sizes=\"(max-width: 900px) 100vw, 900px\" \/><\/div><\/div><\/div><\/div><div class=\"flex_column av_one_full  flex_column_div av-zero-column-padding first  avia-builder-el-2  el_after_av_one_full  el_before_av_one_full  column-top-margin\" style='border-radius:0px; '><section class=\"av_textblock_section \"  itemscope=\"itemscope\" itemtype=\"https:\/\/schema.org\/BlogPosting\" itemprop=\"blogPost\" ><div class='avia_textblock  '   itemprop=\"text\" ><p style=\"text-align: center;\"><strong><span style=\"font-size: 18pt;\">UAys\u00e9n realiza segundo taller territorial sobre soberan\u00eda y resiliencia alimentaria en la regi\u00f3n<\/span><\/strong><\/p>\n<div id=\"gtx-trans\" style=\"position: absolute; left: -50px; top: 4.31534px;\">\n<div class=\"gtx-trans-icon\"><\/div>\n<\/div>\n<\/div><\/section><\/div><div class=\"flex_column av_one_full  flex_column_div av-zero-column-padding first  avia-builder-el-4  el_after_av_one_full  el_before_av_hr  column-top-margin\" style='border-radius:0px; '><section class=\"av_textblock_section \"  itemscope=\"itemscope\" itemtype=\"https:\/\/schema.org\/BlogPosting\" itemprop=\"blogPost\" ><div class='avia_textblock  '   itemprop=\"text\" ><ul>\n<li style=\"text-align: justify;\"><em>La instancia reuni\u00f3 a representantes del mundo rural, productivo y acad\u00e9mico para dialogar sobre gobernanza, resiliencia y desaf\u00edos del desarrollo sostenible en la regi\u00f3n.<\/em><\/li>\n<\/ul>\n<p style=\"text-align: justify;\">Con participaci\u00f3n de actores del mundo rural, productivo y acad\u00e9mico, la Universidad de Ays\u00e9n desarroll\u00f3 el segundo Taller Territorial \u201cSemillero y Gobernanza de Emprendedores\/as para el Desarrollo Sostenible de la Regi\u00f3n de Ays\u00e9n\u201d, instancia orientada a fortalecer la articulaci\u00f3n entre comunidad y universidad en torno a la soberan\u00eda y resiliencia alimentaria.<\/p>\n<p style=\"text-align: justify;\">La jornada reuni\u00f3 a representantes del \u00e1mbito campesino, emprendedoras del sector agroalimentario y actores vinculados al turismo y la sociedad civil, quienes trabajaron en mesas de di\u00e1logo abordando tem\u00e1ticas clave como educaci\u00f3n, trazabilidad, conectividad, gobernanza e infraestructura habilitante. El objetivo fue diagnosticar de manera participativa los desaf\u00edos actuales del territorio y proyectar acciones concretas que aporten valor agregado a la producci\u00f3n regional.<\/p>\n<p style=\"text-align: justify;\">El acad\u00e9mico de la Universidad de Ays\u00e9n, Nicol\u00e1s Alarc\u00f3n, destac\u00f3 el enfoque participativo del taller enfatizando que \u201cqueremos hablar de sostenibilidad alimentaria, queremos hablar de resiliencia alimentaria, pero si no entendemos cu\u00e1les son nuestros puntos hoy en t\u00e9rminos de educaci\u00f3n, en t\u00e9rminos de trazabilidad, conectividad, gobernanza, infraestructura habilitante, en fin, diferentes temas para poder diagnosticar, pero diagnosticar con quienes son actores reales de la sociedad civil.\u201d Asimismo, proyect\u00f3 las pr\u00f3ximas acciones, se\u00f1alando que \u201cen el pr\u00f3ximo mes de abril tenemos un seminario local con invitados internacionales que nos permitir\u00e1 ir reconociendo esta actividad para ir perpetuando algo que comenzamos ya el 2025 en el Seminario Internacional de Soberan\u00eda Alimentaria.\u201d<\/p>\n<p style=\"text-align: justify;\">Dentro de las participantes estaba la presidenta de la agrupaci\u00f3n de mujeres campesinas, Las Maravillas de Puerto Ays\u00e9n, Juana Ampuero, quien valor\u00f3 la instancia de di\u00e1logo y articulaci\u00f3n impulsada por la Universidad de Ays\u00e9n se\u00f1alando que \u201cme parece s\u00faper importante que la universidad est\u00e9 interesada en reunirse con las mujeres del \u00e1rea rural, donde se abren temas como la seguridad alimentaria en nuestra regi\u00f3n y en realidad, me gustar\u00eda que puedan venir muchas m\u00e1s personas a participar porque es importante.\u201d Asimismo, relev\u00f3 la metodolog\u00eda del taller, indicando que \u201cparticipamos de tres mesas, que era un grupo de distintas personas, de distintas \u00e1reas, y donde fuimos respondiendo preguntas acorde a la alimentaci\u00f3n y c\u00f3mo queremos ir trabajando o c\u00f3mo ir innovando sobre los temas que le den como un valor agregado a nuestra producci\u00f3n.\u201d<\/p>\n<p style=\"text-align: justify;\">Por su parte, la Coordinadora Regional de Sercotec, Ivonne Pereira, valor\u00f3 el trabajo colaborativo desarrollado junto a la Universidad de Ays\u00e9n, destacando que \u201ces un orgullo para nosotros tener una universidad regional y que est\u00e9 trabajando en estos v\u00ednculos, en generar esta pertenencia y poder vincularlo. Vuelvo al tema de nuestra misi\u00f3n institucional tambi\u00e9n en este ecosistema emprendedor y fomentar todo el v\u00ednculo comercial y el fomento productivo de los emprendedores locales.\u201d<\/p>\n<p style=\"text-align: justify;\">En tanto, Macarena Pola, coordinadora del programa Construyo mi Futuro de la ONG Canales y la C\u00e1mara Chilena de la Construcci\u00f3n en Coyhaique, relev\u00f3 la continuidad del trabajo iniciado. Al respecto indic\u00f3 que \u201cpara m\u00ed es muy cercano porque el a\u00f1o pasado me toc\u00f3 coordinar el proyecto que dio inicio a esta red de catalizadores agroalimentarios. Esto es como una especie de continuidad un poco de lo que se gest\u00f3 desde el Seminario de la Alimentaci\u00f3n. Entonces creo que es fundamental que sigan generando estos di\u00e1logos, que sigamos poni\u00e9ndonos en preguntas y generando instancias de intercambio, que es un poco lo que se busca ac\u00e1\u201d, se\u00f1al\u00f3 Macarena.<\/p>\n<p style=\"text-align: justify;\">Este taller forma parte de un proyecto interno de vinculaci\u00f3n territorial que busca consolidar redes de colaboraci\u00f3n y generar iniciativas con impacto regional. La actividad da continuidad al trabajo iniciado en instancias anteriores sobre soberan\u00eda alimentaria y proyecta nuevas acciones, incluyendo un pr\u00f3ximo seminario local con invitados internacionales.<\/p>\n<\/div><\/section><\/div><div  style='height:50px' class='hr hr-invisible   avia-builder-el-6  el_after_av_one_full  el_before_av_social_share '><span class='hr-inner ' ><span class='hr-inner-style'><\/span><\/span><\/div><\/p>\n<div  class='av-social-sharing-box  avia-builder-el-7  el_after_av_hr  el_before_av_hr  '><div class='av-share-box'><h5 class='av-share-link-description av-no-toc '>Compartir esta noticia<\/h5><ul class='av-share-box-list noLightbox'><li class='av-share-link av-social-link-facebook' ><a target=\"_blank\" aria-label=\"Compartir en Facebook\" href='https:\/\/www.facebook.com\/sharer.php?u=https:\/\/radiorevelacionfm.cl\/?p=64434&#038;t=UAys%C3%A9n%20realiza%20segundo%20taller%20territorial%20sobre%20soberan%C3%ADa%20y%20resiliencia%20alimentaria%20en%20la%20regi%C3%B3n' aria-hidden='false' data-av_icon='\ue8f3' data-av_iconfont='entypo-fontello' title='' data-avia-related-tooltip='Compartir en Facebook' rel=\"noopener\"><span class='avia_hidden_link_text'>Compartir en Facebook<\/span><\/a><\/li><li class='av-share-link av-social-link-twitter' ><a target=\"_blank\" aria-label=\"Compartir en Twitter\" href='https:\/\/twitter.com\/share?text=UAys%C3%A9n%20realiza%20segundo%20taller%20territorial%20sobre%20soberan%C3%ADa%20y%20resiliencia%20alimentaria%20en%20la%20regi%C3%B3n&#038;url=https:\/\/radiorevelacionfm.cl\/?p=64434' aria-hidden='false' data-av_icon='\ue8f1' data-av_iconfont='entypo-fontello' title='' data-avia-related-tooltip='Compartir en Twitter' rel=\"noopener\"><span class='avia_hidden_link_text'>Compartir en Twitter<\/span><\/a><\/li><li class='av-share-link av-social-link-whatsapp' ><a target=\"_blank\" aria-label=\"Compartir en Whatsapp\" href='https:\/\/api.whatsapp.com\/send?text=https:\/\/radiorevelacionfm.cl\/?p=64434' aria-hidden='false' data-av_icon='\uf232' data-av_iconfont='entypo-fontello' title='' data-avia-related-tooltip='Compartir en Whatsapp' rel=\"noopener\"><span class='avia_hidden_link_text'>Compartir en Whatsapp<\/span><\/a><\/li><li class='av-share-link av-social-link-linkedin' ><a target=\"_blank\" aria-label=\"Compartir en LinkedIn\" href='https:\/\/linkedin.com\/shareArticle?mini=true&#038;title=UAys%C3%A9n%20realiza%20segundo%20taller%20territorial%20sobre%20soberan%C3%ADa%20y%20resiliencia%20alimentaria%20en%20la%20regi%C3%B3n&#038;url=https:\/\/radiorevelacionfm.cl\/?p=64434' aria-hidden='false' data-av_icon='\ue8fc' data-av_iconfont='entypo-fontello' title='' data-avia-related-tooltip='Compartir en LinkedIn' rel=\"noopener\"><span class='avia_hidden_link_text'>Compartir en LinkedIn<\/span><\/a><\/li><li class='av-share-link av-social-link-mail' ><a  aria-label=\"Compartir por correo\" href='mailto:?subject=UAys%C3%A9n%20realiza%20segundo%20taller%20territorial%20sobre%20soberan%C3%ADa%20y%20resiliencia%20alimentaria%20en%20la%20regi%C3%B3n&#038;body=https:\/\/radiorevelacionfm.cl\/?p=64434' aria-hidden='false' data-av_icon='\ue805' data-av_iconfont='entypo-fontello' title='' data-avia-related-tooltip='Compartir por correo'><span class='avia_hidden_link_text'>Compartir por correo<\/span><\/a><\/li><\/ul><\/div><\/div>\n<div  style='height:50px' class='hr hr-invisible   avia-builder-el-8  el_after_av_social_share  el_before_av_comments_list '><span class='hr-inner ' ><span class='hr-inner-style'><\/span><\/span><\/div>\n<div  class='av-buildercomment  av-blog-meta-html-info-disabled av-blog-meta-tag-disabled  '><\/div>\n","protected":false},"excerpt":{"rendered":"","protected":false},"author":1,"featured_media":64435,"comment_status":"closed","ping_status":"closed","sticky":false,"template":"","format":"standard","meta":{"footnotes":""},"categories":[49],"tags":[],"class_list":["post-64434","post","type-post","status-publish","format-standard","has-post-thumbnail","hentry","category-educacion"],"jetpack_featured_media_url":"https:\/\/radiorevelacionfm.cl\/wp-content\/uploads\/2026\/02\/dsc06538-1_optimized-1.jpg","_links":{"self":[{"href":"https:\/\/radiorevelacionfm.cl\/index.php?rest_route=\/wp\/v2\/posts\/64434","targetHints":{"allow":["GET"]}}],"collection":[{"href":"https:\/\/radiorevelacionfm.cl\/index.php?rest_route=\/wp\/v2\/posts"}],"about":[{"href":"https:\/\/radiorevelacionfm.cl\/index.php?rest_route=\/wp\/v2\/types\/post"}],"author":[{"embeddable":true,"href":"https:\/\/radiorevelacionfm.cl\/index.php?rest_route=\/wp\/v2\/users\/1"}],"replies":[{"embeddable":true,"href":"https:\/\/radiorevelacionfm.cl\/index.php?rest_route=%2Fwp%2Fv2%2Fcomments&post=64434"}],"version-history":[{"count":2,"href":"https:\/\/radiorevelacionfm.cl\/index.php?rest_route=\/wp\/v2\/posts\/64434\/revisions"}],"predecessor-version":[{"id":64437,"href":"https:\/\/radiorevelacionfm.cl\/index.php?rest_route=\/wp\/v2\/posts\/64434\/revisions\/64437"}],"wp:featuredmedia":[{"embeddable":true,"href":"https:\/\/radiorevelacionfm.cl\/index.php?rest_route=\/wp\/v2\/media\/64435"}],"wp:attachment":[{"href":"https:\/\/radiorevelacionfm.cl\/index.php?rest_route=%2Fwp%2Fv2%2Fmedia&parent=64434"}],"wp:term":[{"taxonomy":"category","embeddable":true,"href":"https:\/\/radiorevelacionfm.cl\/index.php?rest_route=%2Fwp%2Fv2%2Fcategories&post=64434"},{"taxonomy":"post_tag","embeddable":true,"href":"https:\/\/radiorevelacionfm.cl\/index.php?rest_route=%2Fwp%2Fv2%2Ftags&post=64434"}],"curies":[{"name":"wp","href":"https:\/\/api.w.org\/{rel}","templated":true}]}}