{"id":64426,"date":"2026-02-20T17:26:28","date_gmt":"2026-02-20T20:26:28","guid":{"rendered":"https:\/\/radiorevelacionfm.cl\/?p=64426"},"modified":"2026-02-20T17:26:28","modified_gmt":"2026-02-20T20:26:28","slug":"municipio-aysenino-llama-a-estudiantes-a-postular-a-subvencion-de-transporte-para-educacion-superior","status":"publish","type":"post","link":"https:\/\/radiorevelacionfm.cl\/?p=64426","title":{"rendered":"Municipio aysenino llama a estudiantes a postular a subvenci\u00f3n de transporte para educaci\u00f3n superior"},"content":{"rendered":"<div class=\"flex_column av_one_full  flex_column_div av-zero-column-padding first  avia-builder-el-0  el_before_av_one_full  avia-builder-el-first  \" style='border-radius:0px; '><div  class='avia-image-container  av-styling-    avia-builder-el-1  avia-builder-el-no-sibling  avia-align-center '  itemprop=\"image\" itemscope=\"itemscope\" itemtype=\"https:\/\/schema.org\/ImageObject\"  ><div class='avia-image-container-inner'><div class='avia-image-overlay-wrap'><img decoding=\"async\" class='wp-image-64427 avia-img-lazy-loading-not-64427 avia_image' src=\"https:\/\/radiorevelacionfm.cl\/wp-content\/uploads\/2026\/02\/subvencion-transporte-2026-imagen-referencia-1_optimized.jpg\" alt='' title='subvenci\u00f3n-transporte-2026-(imagen-referencia)-(1)_optimized' height=\"600\" width=\"900\"  itemprop=\"thumbnailUrl\" srcset=\"https:\/\/radiorevelacionfm.cl\/wp-content\/uploads\/2026\/02\/subvencion-transporte-2026-imagen-referencia-1_optimized.jpg 900w, https:\/\/radiorevelacionfm.cl\/wp-content\/uploads\/2026\/02\/subvencion-transporte-2026-imagen-referencia-1_optimized-300x200.jpg 300w, https:\/\/radiorevelacionfm.cl\/wp-content\/uploads\/2026\/02\/subvencion-transporte-2026-imagen-referencia-1_optimized-768x512.jpg 768w, https:\/\/radiorevelacionfm.cl\/wp-content\/uploads\/2026\/02\/subvencion-transporte-2026-imagen-referencia-1_optimized-705x470.jpg 705w, https:\/\/radiorevelacionfm.cl\/wp-content\/uploads\/2026\/02\/subvencion-transporte-2026-imagen-referencia-1_optimized-450x300.jpg 450w, https:\/\/radiorevelacionfm.cl\/wp-content\/uploads\/2026\/02\/subvencion-transporte-2026-imagen-referencia-1_optimized-600x400.jpg 600w\" sizes=\"(max-width: 900px) 100vw, 900px\" \/><\/div><\/div><\/div><\/div><div class=\"flex_column av_one_full  flex_column_div av-zero-column-padding first  avia-builder-el-2  el_after_av_one_full  el_before_av_one_full  column-top-margin\" style='border-radius:0px; '><section class=\"av_textblock_section \"  itemscope=\"itemscope\" itemtype=\"https:\/\/schema.org\/BlogPosting\" itemprop=\"blogPost\" ><div class='avia_textblock  '   itemprop=\"text\" ><p style=\"text-align: center;\"><strong><span style=\"font-size: 18pt;\">Municipio aysenino llama a estudiantes a postular a subvenci\u00f3n de transporte para educaci\u00f3n superior<\/span><\/strong><\/p>\n<div id=\"gtx-trans\" style=\"position: absolute; left: -50px; top: 4.31534px;\">\n<div class=\"gtx-trans-icon\"><\/div>\n<\/div>\n<\/div><\/section><\/div><div class=\"flex_column av_one_full  flex_column_div av-zero-column-padding first  avia-builder-el-4  el_after_av_one_full  el_before_av_hr  column-top-margin\" style='border-radius:0px; '><section class=\"av_textblock_section \"  itemscope=\"itemscope\" itemtype=\"https:\/\/schema.org\/BlogPosting\" itemprop=\"blogPost\" ><div class='avia_textblock  '   itemprop=\"text\" ><p style=\"text-align: justify;\">La Municipalidad de Ays\u00e9n inform\u00f3 a trav\u00e9s de sus redes sociales que, a partir del 25 de febrero y hasta el 11 de marzo, se abrir\u00e1 el proceso de renovaci\u00f3n y primera postulaci\u00f3n a la subvenci\u00f3n municipal de transporte para estudiantes de educaci\u00f3n superior que cursan sus estudios en Coyhaique.<\/p>\n<p style=\"text-align: justify;\">Este beneficio, que se ha mantenido durante varios a\u00f1os, busca apoyar a j\u00f3venes y adultos de la comuna que deben trasladarse a la capital regional para continuar sus estudios t\u00e9cnicos o universitarios, devolviendo parte del costo de sus pasajes y contribuyendo as\u00ed a aliviar la carga econ\u00f3mica de las familias.<\/p>\n<p style=\"text-align: justify;\">La recepci\u00f3n de antecedentes se realizar\u00e1 en la Unidad Asistencial, oficina N\u00b09, ubicada en el primer piso de la Direcci\u00f3n de Desarrollo Comunitario (DIDECO), en horario de lunes a viernes entre las 14:30 y las 16:00 horas.<\/p>\n<p style=\"text-align: justify;\">Los documentos requeridos para postular son: una fotocopia de c\u00e9dula de identidad, certificado de alumno regular del per\u00edodo correspondiente, cartola del Registro Social de Hogares, fotocopia de credencial de discapacidad (si corresponde) y liquidaciones de sueldo o pensiones de los \u00faltimos tres meses. En caso de no contar con ingresos formales, se deber\u00e1 completar un formulario de declaraci\u00f3n de gastos, con los respaldos disponibles.<\/p>\n<p style=\"text-align: justify;\">La encargada de la Unidad Asistencial, M\u00f3nica Mu\u00f1oz, explic\u00f3 que \u201cel municipio apoyar\u00e1 a los estudiantes que cursan estudios superiores en la ciudad de Coyhaique, tanto en jornada diurna como nocturna, a trav\u00e9s de dos servicios: esta subvenci\u00f3n de transporte y tambi\u00e9n el recorrido del bus el\u00e9ctrico en horario nocturno, sobre el cual pronto informaremos el proceso de postulaci\u00f3n. Con esto, el municipio refuerza su compromiso con nuestros estudiantes de la comuna\u201d.<\/p>\n<p style=\"text-align: justify;\">Desde el municipio reiteraron el llamado a las y los estudiantes a realizar su postulaci\u00f3n dentro de los plazos establecidos, destacando que esta iniciativa forma parte del compromiso permanente con el acceso a la educaci\u00f3n superior y el desarrollo de oportunidades para la comunidad aysenina.<\/p>\n<\/div><\/section><\/div><div  style='height:50px' class='hr hr-invisible   avia-builder-el-6  el_after_av_one_full  el_before_av_social_share '><span class='hr-inner ' ><span class='hr-inner-style'><\/span><\/span><\/div><\/p>\n<div  class='av-social-sharing-box  avia-builder-el-7  el_after_av_hr  el_before_av_hr  '><div class='av-share-box'><h5 class='av-share-link-description av-no-toc '>Compartir esta noticia<\/h5><ul class='av-share-box-list noLightbox'><li class='av-share-link av-social-link-facebook' ><a target=\"_blank\" aria-label=\"Compartir en Facebook\" href='https:\/\/www.facebook.com\/sharer.php?u=https:\/\/radiorevelacionfm.cl\/?p=64426&#038;t=Municipio%20aysenino%20llama%20a%20estudiantes%20a%20postular%20a%20subvenci%C3%B3n%20de%20transporte%20para%20educaci%C3%B3n%20superior' aria-hidden='false' data-av_icon='\ue8f3' data-av_iconfont='entypo-fontello' title='' data-avia-related-tooltip='Compartir en Facebook' rel=\"noopener\"><span class='avia_hidden_link_text'>Compartir en Facebook<\/span><\/a><\/li><li class='av-share-link av-social-link-twitter' ><a target=\"_blank\" aria-label=\"Compartir en Twitter\" href='https:\/\/twitter.com\/share?text=Municipio%20aysenino%20llama%20a%20estudiantes%20a%20postular%20a%20subvenci%C3%B3n%20de%20transporte%20para%20educaci%C3%B3n%20superior&#038;url=https:\/\/radiorevelacionfm.cl\/?p=64426' aria-hidden='false' data-av_icon='\ue8f1' data-av_iconfont='entypo-fontello' title='' data-avia-related-tooltip='Compartir en Twitter' rel=\"noopener\"><span class='avia_hidden_link_text'>Compartir en Twitter<\/span><\/a><\/li><li class='av-share-link av-social-link-whatsapp' ><a target=\"_blank\" aria-label=\"Compartir en Whatsapp\" href='https:\/\/api.whatsapp.com\/send?text=https:\/\/radiorevelacionfm.cl\/?p=64426' aria-hidden='false' data-av_icon='\uf232' data-av_iconfont='entypo-fontello' title='' data-avia-related-tooltip='Compartir en Whatsapp' rel=\"noopener\"><span class='avia_hidden_link_text'>Compartir en Whatsapp<\/span><\/a><\/li><li class='av-share-link av-social-link-linkedin' ><a target=\"_blank\" aria-label=\"Compartir en LinkedIn\" href='https:\/\/linkedin.com\/shareArticle?mini=true&#038;title=Municipio%20aysenino%20llama%20a%20estudiantes%20a%20postular%20a%20subvenci%C3%B3n%20de%20transporte%20para%20educaci%C3%B3n%20superior&#038;url=https:\/\/radiorevelacionfm.cl\/?p=64426' aria-hidden='false' data-av_icon='\ue8fc' data-av_iconfont='entypo-fontello' title='' data-avia-related-tooltip='Compartir en LinkedIn' rel=\"noopener\"><span class='avia_hidden_link_text'>Compartir en LinkedIn<\/span><\/a><\/li><li class='av-share-link av-social-link-mail' ><a  aria-label=\"Compartir por correo\" href='mailto:?subject=Municipio%20aysenino%20llama%20a%20estudiantes%20a%20postular%20a%20subvenci%C3%B3n%20de%20transporte%20para%20educaci%C3%B3n%20superior&#038;body=https:\/\/radiorevelacionfm.cl\/?p=64426' aria-hidden='false' data-av_icon='\ue805' data-av_iconfont='entypo-fontello' title='' data-avia-related-tooltip='Compartir por correo'><span class='avia_hidden_link_text'>Compartir por correo<\/span><\/a><\/li><\/ul><\/div><\/div>\n<div  style='height:50px' class='hr hr-invisible   avia-builder-el-8  el_after_av_social_share  el_before_av_comments_list '><span class='hr-inner ' ><span class='hr-inner-style'><\/span><\/span><\/div>\n<div  class='av-buildercomment  av-blog-meta-html-info-disabled av-blog-meta-tag-disabled  '><\/div>\n","protected":false},"excerpt":{"rendered":"","protected":false},"author":1,"featured_media":64427,"comment_status":"closed","ping_status":"closed","sticky":false,"template":"","format":"standard","meta":{"footnotes":""},"categories":[38],"tags":[],"class_list":["post-64426","post","type-post","status-publish","format-standard","has-post-thumbnail","hentry","category-regional"],"jetpack_featured_media_url":"https:\/\/radiorevelacionfm.cl\/wp-content\/uploads\/2026\/02\/subvencion-transporte-2026-imagen-referencia-1_optimized.jpg","_links":{"self":[{"href":"https:\/\/radiorevelacionfm.cl\/index.php?rest_route=\/wp\/v2\/posts\/64426","targetHints":{"allow":["GET"]}}],"collection":[{"href":"https:\/\/radiorevelacionfm.cl\/index.php?rest_route=\/wp\/v2\/posts"}],"about":[{"href":"https:\/\/radiorevelacionfm.cl\/index.php?rest_route=\/wp\/v2\/types\/post"}],"author":[{"embeddable":true,"href":"https:\/\/radiorevelacionfm.cl\/index.php?rest_route=\/wp\/v2\/users\/1"}],"replies":[{"embeddable":true,"href":"https:\/\/radiorevelacionfm.cl\/index.php?rest_route=%2Fwp%2Fv2%2Fcomments&post=64426"}],"version-history":[{"count":2,"href":"https:\/\/radiorevelacionfm.cl\/index.php?rest_route=\/wp\/v2\/posts\/64426\/revisions"}],"predecessor-version":[{"id":64429,"href":"https:\/\/radiorevelacionfm.cl\/index.php?rest_route=\/wp\/v2\/posts\/64426\/revisions\/64429"}],"wp:featuredmedia":[{"embeddable":true,"href":"https:\/\/radiorevelacionfm.cl\/index.php?rest_route=\/wp\/v2\/media\/64427"}],"wp:attachment":[{"href":"https:\/\/radiorevelacionfm.cl\/index.php?rest_route=%2Fwp%2Fv2%2Fmedia&parent=64426"}],"wp:term":[{"taxonomy":"category","embeddable":true,"href":"https:\/\/radiorevelacionfm.cl\/index.php?rest_route=%2Fwp%2Fv2%2Fcategories&post=64426"},{"taxonomy":"post_tag","embeddable":true,"href":"https:\/\/radiorevelacionfm.cl\/index.php?rest_route=%2Fwp%2Fv2%2Ftags&post=64426"}],"curies":[{"name":"wp","href":"https:\/\/api.w.org\/{rel}","templated":true}]}}