{"id":64421,"date":"2026-02-20T15:05:54","date_gmt":"2026-02-20T18:05:54","guid":{"rendered":"https:\/\/radiorevelacionfm.cl\/?p=64421"},"modified":"2026-02-20T15:05:54","modified_gmt":"2026-02-20T18:05:54","slug":"este-sabado-se-desarrollara-festival-por-la-tierra-y-el-mar-con-foco-en-los-principales-conflictos-socioambientales-de-aysen","status":"publish","type":"post","link":"https:\/\/radiorevelacionfm.cl\/?p=64421","title":{"rendered":"Este s\u00e1bado se desarrollar\u00e1 \u201cFestival por la Tierra y el Mar\u201d con foco en los principales conflictos socioambientales de Ays\u00e9n"},"content":{"rendered":"<div class=\"flex_column av_one_full  flex_column_div av-zero-column-padding first  avia-builder-el-0  el_before_av_one_full  avia-builder-el-first  \" style='border-radius:0px; '><div  class='avia-image-container  av-styling-    avia-builder-el-1  avia-builder-el-no-sibling  avia-align-center '  itemprop=\"image\" itemscope=\"itemscope\" itemtype=\"https:\/\/schema.org\/ImageObject\"  ><div class='avia-image-container-inner'><div class='avia-image-overlay-wrap'><img decoding=\"async\" class='wp-image-64422 avia-img-lazy-loading-not-64422 avia_image' src=\"https:\/\/radiorevelacionfm.cl\/wp-content\/uploads\/2026\/02\/afiche-festival-por-la-tierra-y-el-mar-1_optimized-1.jpg\" alt='' title='afiche-festival-por-la-tierra-y-el-mar-(1)_optimized (1)' height=\"1420\" width=\"799\"  itemprop=\"thumbnailUrl\" srcset=\"https:\/\/radiorevelacionfm.cl\/wp-content\/uploads\/2026\/02\/afiche-festival-por-la-tierra-y-el-mar-1_optimized-1.jpg 799w, https:\/\/radiorevelacionfm.cl\/wp-content\/uploads\/2026\/02\/afiche-festival-por-la-tierra-y-el-mar-1_optimized-1-169x300.jpg 169w, https:\/\/radiorevelacionfm.cl\/wp-content\/uploads\/2026\/02\/afiche-festival-por-la-tierra-y-el-mar-1_optimized-1-580x1030.jpg 580w, https:\/\/radiorevelacionfm.cl\/wp-content\/uploads\/2026\/02\/afiche-festival-por-la-tierra-y-el-mar-1_optimized-1-768x1365.jpg 768w, https:\/\/radiorevelacionfm.cl\/wp-content\/uploads\/2026\/02\/afiche-festival-por-la-tierra-y-el-mar-1_optimized-1-397x705.jpg 397w, https:\/\/radiorevelacionfm.cl\/wp-content\/uploads\/2026\/02\/afiche-festival-por-la-tierra-y-el-mar-1_optimized-1-450x800.jpg 450w, https:\/\/radiorevelacionfm.cl\/wp-content\/uploads\/2026\/02\/afiche-festival-por-la-tierra-y-el-mar-1_optimized-1-600x1066.jpg 600w\" sizes=\"(max-width: 799px) 100vw, 799px\" \/><\/div><\/div><\/div><\/div><div class=\"flex_column av_one_full  flex_column_div av-zero-column-padding first  avia-builder-el-2  el_after_av_one_full  el_before_av_one_full  column-top-margin\" style='border-radius:0px; '><section class=\"av_textblock_section \"  itemscope=\"itemscope\" itemtype=\"https:\/\/schema.org\/BlogPosting\" itemprop=\"blogPost\" ><div class='avia_textblock  '   itemprop=\"text\" ><p style=\"text-align: center;\"><strong><span style=\"font-size: 18pt;\">Este s\u00e1bado se desarrollar\u00e1 \u201cFestival por la Tierra y el Mar\u201d con foco en los principales conflictos socioambientales de Ays\u00e9n<\/span><\/strong><\/p>\n<div id=\"gtx-trans\" style=\"position: absolute; left: -50px; top: 4.31534px;\">\n<div class=\"gtx-trans-icon\"><\/div>\n<\/div>\n<\/div><\/section><\/div><div class=\"flex_column av_one_full  flex_column_div av-zero-column-padding first  avia-builder-el-4  el_after_av_one_full  el_before_av_hr  column-top-margin\" style='border-radius:0px; '><section class=\"av_textblock_section \"  itemscope=\"itemscope\" itemtype=\"https:\/\/schema.org\/BlogPosting\" itemprop=\"blogPost\" ><div class='avia_textblock  '   itemprop=\"text\" ><ul>\n<li style=\"text-align: justify;\"><em>Ser\u00e1 \u00e9ste un evento art\u00edstico y cultural de la m\u00fasica y la gastronom\u00eda.\u00a0\u00a0<\/em><\/li>\n<li style=\"text-align: justify;\"><em>La actividad relevar\u00e1 la crisis socioambiental que se vive en Ays\u00e9n y que el gobierno y las autoridades pol\u00edticas no enfrentan: el impacto social y ambiental de la\u00a0industria del salm\u00f3n, tanto dentro como fuera de parques y reservas nacionales, y la\u00a0contaminaci\u00f3n minera en Alto Ma\u00f1ihuales.<\/em><\/li>\n<\/ul>\n<p style=\"text-align: justify;\">Este\u00a0s\u00e1bado 21 de febrero\u00a0se desarrollar\u00e1 en Coyhaique el \u201cFestival por la Tierra y el Mar\u201d, con la participaci\u00f3n de bandas regionales, una muestra gastron\u00f3mica tradicional litoral y conversatorios sobre los desaf\u00edos socioambientales de Ays\u00e9n.\u00a0\u00a0La actividad se llevar\u00e1 a cabo en la sede del Club Emilio Millar (Los Maitenes 1115, entre Lago Elizalde y Lago Desierto).<\/p>\n<p style=\"text-align: justify;\">El \u201cFestival por la Tierra y el Mar\u201d, bajo el concepto \u201cAlerta Patagonia\u201d, contempla dos bloques.<\/p>\n<p style=\"text-align: justify;\">El primero, a partir de las 12:00 hrs, con una muestra gastron\u00f3mica en la cual los participantes podr\u00e1n disfrutar de merluza frita y empanadas de loya (media docena) a $ 5.000 cada men\u00fa, adem\u00e1s de cerveza regional.<\/p>\n<p style=\"text-align: justify;\">Durante este espacio habr\u00e1 charlas tem\u00e1ticas con dos focos espec\u00edficos.<\/p>\n<p style=\"text-align: justify;\">Uno relacionado con el proceso de\u00a0solicitud de Espacios Costeros Marinos de Pueblos Originarios (ECMPO), resistidas por el empresariado del salm\u00f3n y la actual conducci\u00f3n del Gobierno Regional de Ays\u00e9n y el nivel central, en el marco de la Comisi\u00f3n Regional de Uso del Borde Costero.\u00a0\u00a0Se presentar\u00e1 la visi\u00f3n de las comunidades ind\u00edgenas sobre el proceso, informando qu\u00e9 buscan dichos requerimientos.<\/p>\n<p style=\"text-align: justify;\">Posteriormente se generar\u00e1 el espacio denominado \u201c\u00a1Alerta Patagonia! Ponte la camiseta por Alto Ma\u00f1ihuales\u201d, donde integrantes de la comunidad y organizaciones locales expondr\u00e1n la historia de contaminaci\u00f3n minera que ha afectado a ese sector desde hace ya m\u00e1s de 40 a\u00f1os.<\/p>\n<p style=\"text-align: justify;\">Ese d\u00eda, adem\u00e1s, se lanzar\u00e1 un\u00a0corto animado sobre los Planes de Acci\u00f3n Comunal de Cambio Clim\u00e1tico\u00a0que est\u00e1n elaborando diversos municipios de Ays\u00e9n, explicando de qu\u00e9 forma la ciudadan\u00eda se puede involucrar en dichos procesos.<\/p>\n<p style=\"text-align: justify;\">A partir de las 16:00 hrs se presentar\u00e1n los grupos regionales\u00a0Raxzo,\u00a0Misofon\u00eda,\u00a0Resistencia Magn\u00e9tica,\u00a0Alucinaje,\u00a0Barco Basurero,\u00a0Everest\u00a0y\u00a0Celeste Anacletxx.<\/p>\n<p style=\"text-align: justify;\">El acceso s\u00f3lo a la jornada musical tiene un valor de $2.000, con almuerzo $5.000.<\/p>\n<p style=\"text-align: justify;\">Compra de entradas y reservas por WhatsApp al +56 9 7954 2269.<\/p>\n<\/div><\/section><\/div><div  style='height:50px' class='hr hr-invisible   avia-builder-el-6  el_after_av_one_full  el_before_av_social_share '><span class='hr-inner ' ><span class='hr-inner-style'><\/span><\/span><\/div><\/p>\n<div  class='av-social-sharing-box  avia-builder-el-7  el_after_av_hr  el_before_av_hr  '><div class='av-share-box'><h5 class='av-share-link-description av-no-toc '>Compartir esta noticia<\/h5><ul class='av-share-box-list noLightbox'><li class='av-share-link av-social-link-facebook' ><a target=\"_blank\" aria-label=\"Compartir en Facebook\" href='https:\/\/www.facebook.com\/sharer.php?u=https:\/\/radiorevelacionfm.cl\/?p=64421&#038;t=Este%20s%C3%A1bado%20se%20desarrollar%C3%A1%20%E2%80%9CFestival%20por%20la%20Tierra%20y%20el%20Mar%E2%80%9D%20con%20foco%20en%20los%20principales%20conflictos%20socioambientales%20de%20Ays%C3%A9n' aria-hidden='false' data-av_icon='\ue8f3' data-av_iconfont='entypo-fontello' title='' data-avia-related-tooltip='Compartir en Facebook' rel=\"noopener\"><span class='avia_hidden_link_text'>Compartir en Facebook<\/span><\/a><\/li><li class='av-share-link av-social-link-twitter' ><a target=\"_blank\" aria-label=\"Compartir en Twitter\" href='https:\/\/twitter.com\/share?text=Este%20s%C3%A1bado%20se%20desarrollar%C3%A1%20%E2%80%9CFestival%20por%20la%20Tierra%20y%20el%20Mar%E2%80%9D%20con%20foco%20en%20los%20principales%20conflictos%20socioambientales%20de%20Ays%C3%A9n&#038;url=https:\/\/radiorevelacionfm.cl\/?p=64421' aria-hidden='false' data-av_icon='\ue8f1' data-av_iconfont='entypo-fontello' title='' data-avia-related-tooltip='Compartir en Twitter' rel=\"noopener\"><span class='avia_hidden_link_text'>Compartir en Twitter<\/span><\/a><\/li><li class='av-share-link av-social-link-whatsapp' ><a target=\"_blank\" aria-label=\"Compartir en Whatsapp\" href='https:\/\/api.whatsapp.com\/send?text=https:\/\/radiorevelacionfm.cl\/?p=64421' aria-hidden='false' data-av_icon='\uf232' data-av_iconfont='entypo-fontello' title='' data-avia-related-tooltip='Compartir en Whatsapp' rel=\"noopener\"><span class='avia_hidden_link_text'>Compartir en Whatsapp<\/span><\/a><\/li><li class='av-share-link av-social-link-linkedin' ><a target=\"_blank\" aria-label=\"Compartir en LinkedIn\" href='https:\/\/linkedin.com\/shareArticle?mini=true&#038;title=Este%20s%C3%A1bado%20se%20desarrollar%C3%A1%20%E2%80%9CFestival%20por%20la%20Tierra%20y%20el%20Mar%E2%80%9D%20con%20foco%20en%20los%20principales%20conflictos%20socioambientales%20de%20Ays%C3%A9n&#038;url=https:\/\/radiorevelacionfm.cl\/?p=64421' aria-hidden='false' data-av_icon='\ue8fc' data-av_iconfont='entypo-fontello' title='' data-avia-related-tooltip='Compartir en LinkedIn' rel=\"noopener\"><span class='avia_hidden_link_text'>Compartir en LinkedIn<\/span><\/a><\/li><li class='av-share-link av-social-link-mail' ><a  aria-label=\"Compartir por correo\" href='mailto:?subject=Este%20s%C3%A1bado%20se%20desarrollar%C3%A1%20%E2%80%9CFestival%20por%20la%20Tierra%20y%20el%20Mar%E2%80%9D%20con%20foco%20en%20los%20principales%20conflictos%20socioambientales%20de%20Ays%C3%A9n&#038;body=https:\/\/radiorevelacionfm.cl\/?p=64421' aria-hidden='false' data-av_icon='\ue805' data-av_iconfont='entypo-fontello' title='' data-avia-related-tooltip='Compartir por correo'><span class='avia_hidden_link_text'>Compartir por correo<\/span><\/a><\/li><\/ul><\/div><\/div>\n<div  style='height:50px' class='hr hr-invisible   avia-builder-el-8  el_after_av_social_share  el_before_av_comments_list '><span class='hr-inner ' ><span class='hr-inner-style'><\/span><\/span><\/div>\n<div  class='av-buildercomment  av-blog-meta-html-info-disabled av-blog-meta-tag-disabled  '><\/div>\n","protected":false},"excerpt":{"rendered":"","protected":false},"author":1,"featured_media":64422,"comment_status":"closed","ping_status":"closed","sticky":false,"template":"","format":"standard","meta":{"footnotes":""},"categories":[38],"tags":[],"class_list":["post-64421","post","type-post","status-publish","format-standard","has-post-thumbnail","hentry","category-regional"],"jetpack_featured_media_url":"https:\/\/radiorevelacionfm.cl\/wp-content\/uploads\/2026\/02\/afiche-festival-por-la-tierra-y-el-mar-1_optimized-1.jpg","_links":{"self":[{"href":"https:\/\/radiorevelacionfm.cl\/index.php?rest_route=\/wp\/v2\/posts\/64421","targetHints":{"allow":["GET"]}}],"collection":[{"href":"https:\/\/radiorevelacionfm.cl\/index.php?rest_route=\/wp\/v2\/posts"}],"about":[{"href":"https:\/\/radiorevelacionfm.cl\/index.php?rest_route=\/wp\/v2\/types\/post"}],"author":[{"embeddable":true,"href":"https:\/\/radiorevelacionfm.cl\/index.php?rest_route=\/wp\/v2\/users\/1"}],"replies":[{"embeddable":true,"href":"https:\/\/radiorevelacionfm.cl\/index.php?rest_route=%2Fwp%2Fv2%2Fcomments&post=64421"}],"version-history":[{"count":2,"href":"https:\/\/radiorevelacionfm.cl\/index.php?rest_route=\/wp\/v2\/posts\/64421\/revisions"}],"predecessor-version":[{"id":64424,"href":"https:\/\/radiorevelacionfm.cl\/index.php?rest_route=\/wp\/v2\/posts\/64421\/revisions\/64424"}],"wp:featuredmedia":[{"embeddable":true,"href":"https:\/\/radiorevelacionfm.cl\/index.php?rest_route=\/wp\/v2\/media\/64422"}],"wp:attachment":[{"href":"https:\/\/radiorevelacionfm.cl\/index.php?rest_route=%2Fwp%2Fv2%2Fmedia&parent=64421"}],"wp:term":[{"taxonomy":"category","embeddable":true,"href":"https:\/\/radiorevelacionfm.cl\/index.php?rest_route=%2Fwp%2Fv2%2Fcategories&post=64421"},{"taxonomy":"post_tag","embeddable":true,"href":"https:\/\/radiorevelacionfm.cl\/index.php?rest_route=%2Fwp%2Fv2%2Ftags&post=64421"}],"curies":[{"name":"wp","href":"https:\/\/api.w.org\/{rel}","templated":true}]}}