{"id":64418,"date":"2026-02-20T15:13:46","date_gmt":"2026-02-20T18:13:46","guid":{"rendered":"https:\/\/radiorevelacionfm.cl\/?p=64418"},"modified":"2026-02-20T15:13:46","modified_gmt":"2026-02-20T18:13:46","slug":"concretan-hito-clave-para-el-avance-del-proyecto-alto-baguales-con-puesta-en-servicio-de-su-subestacion","status":"publish","type":"post","link":"https:\/\/radiorevelacionfm.cl\/?p=64418","title":{"rendered":"Concretan hito clave para el avance del proyecto Alto Baguales con puesta en servicio de su subestaci\u00f3n"},"content":{"rendered":"<div class=\"flex_column av_one_full  flex_column_div av-zero-column-padding first  avia-builder-el-0  el_before_av_one_full  avia-builder-el-first  \" style='border-radius:0px; '><div  class='avia-image-container  av-styling-    avia-builder-el-1  avia-builder-el-no-sibling  avia-align-center '  itemprop=\"image\" itemscope=\"itemscope\" itemtype=\"https:\/\/schema.org\/ImageObject\"  ><div class='avia-image-container-inner'><div class='avia-image-overlay-wrap'><img decoding=\"async\" class='wp-image-64419 avia-img-lazy-loading-not-64419 avia_image' src=\"https:\/\/radiorevelacionfm.cl\/wp-content\/uploads\/2026\/02\/se-alto-baguales-2-1_optimized.jpeg\" alt='' title='se-alto-baguales-(2)-(1)_optimized' height=\"600\" width=\"800\"  itemprop=\"thumbnailUrl\" srcset=\"https:\/\/radiorevelacionfm.cl\/wp-content\/uploads\/2026\/02\/se-alto-baguales-2-1_optimized.jpeg 800w, https:\/\/radiorevelacionfm.cl\/wp-content\/uploads\/2026\/02\/se-alto-baguales-2-1_optimized-300x225.jpeg 300w, https:\/\/radiorevelacionfm.cl\/wp-content\/uploads\/2026\/02\/se-alto-baguales-2-1_optimized-768x576.jpeg 768w, https:\/\/radiorevelacionfm.cl\/wp-content\/uploads\/2026\/02\/se-alto-baguales-2-1_optimized-705x529.jpeg 705w, https:\/\/radiorevelacionfm.cl\/wp-content\/uploads\/2026\/02\/se-alto-baguales-2-1_optimized-450x338.jpeg 450w, https:\/\/radiorevelacionfm.cl\/wp-content\/uploads\/2026\/02\/se-alto-baguales-2-1_optimized-600x450.jpeg 600w\" sizes=\"(max-width: 800px) 100vw, 800px\" \/><\/div><\/div><\/div><\/div><div class=\"flex_column av_one_full  flex_column_div av-zero-column-padding first  avia-builder-el-2  el_after_av_one_full  el_before_av_one_full  column-top-margin\" style='border-radius:0px; '><section class=\"av_textblock_section \"  itemscope=\"itemscope\" itemtype=\"https:\/\/schema.org\/BlogPosting\" itemprop=\"blogPost\" ><div class='avia_textblock  '   itemprop=\"text\" ><p style=\"text-align: center;\"><strong><span style=\"font-size: 18pt;\">Concretan hito clave para el avance del proyecto Alto Baguales con puesta en servicio de su subestaci\u00f3n<\/span><\/strong><\/p>\n<div id=\"gtx-trans\" style=\"position: absolute; left: -50px; top: 4.31534px;\">\n<div class=\"gtx-trans-icon\"><\/div>\n<\/div>\n<\/div><\/section><\/div><div class=\"flex_column av_one_full  flex_column_div av-zero-column-padding first  avia-builder-el-4  el_after_av_one_full  el_before_av_hr  column-top-margin\" style='border-radius:0px; '><section class=\"av_textblock_section \"  itemscope=\"itemscope\" itemtype=\"https:\/\/schema.org\/BlogPosting\" itemprop=\"blogPost\" ><div class='avia_textblock  '   itemprop=\"text\" ><p style=\"text-align: justify;\">Maniobras t\u00e9cnicas se realizar\u00e1n entre el 21 de febrero y el 1 de marzo, en horario de 07:00 a 17:00 horas, con respaldo de Generaci\u00f3n M\u00f3vil y capacitaci\u00f3n de brigadas operacionales. El hito se enmarca en un plan de fortalecimiento de la red para un sistema m\u00e1s robusto y mejor continuidad del servicio.<\/p>\n<p style=\"text-align: justify;\">Edelaysen filial de Grupo Saesa, inform\u00f3 que entre el 21 de febrero y el 1 de marzo se ejecutar\u00e1 el plan de energizaci\u00f3n y puesta en servicio de la Subestaci\u00f3n Alto Baguales, un hito t\u00e9cnico relevante para el avance del proyecto Alto Baguales en la Regi\u00f3n de Ays\u00e9n.<\/p>\n<p style=\"text-align: justify;\">Las labores consideran una secuencia de maniobras operacionales y pruebas t\u00e9cnicas que permiten habilitar esta infraestructura el\u00e9ctrica, necesarias para el desarrollo del proyecto en sus siguientes etapas. En esa l\u00ednea, Edelaysen explic\u00f3 que durante marzo y abril est\u00e1 previsto el inicio del montaje de los aerogeneradores, dentro del cronograma general del proyecto, siendo la puesta en servicio de la subestaci\u00f3n un paso fundamental previo para su concreci\u00f3n.<\/p>\n<p style=\"text-align: justify;\">Las actividades se desarrollar\u00e1n principalmente en horario diurno, entre las 07:00 y las 17:00 horas. Durante la ejecuci\u00f3n de estas maniobras, algunos clientes ubicados desde Alto Baguales hasta Ma\u00f1ihuales, Villa Ortega, Puente Farellones y sectores cercanos percibir\u00e1n dos micro cortes breves, uno al inicio y otro al t\u00e9rmino de las labores programadas para este s\u00e1bado y domingo, propios de este tipo de trabajos.<\/p>\n<p style=\"text-align: justify;\">Para resguardar la continuidad del servicio, el sector quedar\u00e1 respaldado mediante Generaci\u00f3n M\u00f3vil, lo que permite realizar estas actividades de manera segura y controlada, sin contemplar interrupciones prolongadas. Paralelamente, desde la el\u00e9ctrica se est\u00e1n desarrollando capacitaciones espec\u00edficas a sus brigadas de operaciones, reforzando la coordinaci\u00f3n, protocolos y medidas de seguridad para la ejecuci\u00f3n de este plan.<\/p>\n<p style=\"text-align: justify;\">\u201cEste fin de semana se inicia la Puesta en Servicio de la nueva Subestaci\u00f3n Alto Baguales, que representa un hito clave dentro del avance del proyecto del Plan Coyhaique, porque habilita infraestructura necesaria para sus pr\u00f3ximas etapas. En ese sentido, queremos destacar que estamos realizando un trabajo planificado, con maniobras controladas y respaldo de generaci\u00f3n m\u00f3vil para resguardar la continuidad del servicio y la seguridad de la operaci\u00f3n\u201d, se\u00f1al\u00f3 el jefe de Distribuci\u00f3n de Edelaysen Juan Cifra.<\/p>\n<p style=\"text-align: justify;\">Finalmente, Edelaysen explic\u00f3 que este hito forma parte de un trabajo de mediano y largo plazo orientado a fortalecer la red el\u00e9ctrica en la zona, a trav\u00e9s de nuevas obras y alimentadores que permitir\u00e1n contar con un sistema m\u00e1s robusto y con mejores est\u00e1ndares de continuidad y calidad del servicio para la comunidad. Para consultas, las personas pueden contactarse a trav\u00e9s de los canales oficiales de la el\u00e9ctrica.<\/p>\n<\/div><\/section><\/div><div  style='height:50px' class='hr hr-invisible   avia-builder-el-6  el_after_av_one_full  el_before_av_social_share '><span class='hr-inner ' ><span class='hr-inner-style'><\/span><\/span><\/div><\/p>\n<div  class='av-social-sharing-box  avia-builder-el-7  el_after_av_hr  el_before_av_hr  '><div class='av-share-box'><h5 class='av-share-link-description av-no-toc '>Compartir esta noticia<\/h5><ul class='av-share-box-list noLightbox'><li class='av-share-link av-social-link-facebook' ><a target=\"_blank\" aria-label=\"Compartir en Facebook\" href='https:\/\/www.facebook.com\/sharer.php?u=https:\/\/radiorevelacionfm.cl\/?p=64418&#038;t=Concretan%20hito%20clave%20para%20el%20avance%20del%20proyecto%20Alto%20Baguales%20con%20puesta%20en%20servicio%20de%20su%20subestaci%C3%B3n' aria-hidden='false' data-av_icon='\ue8f3' data-av_iconfont='entypo-fontello' title='' data-avia-related-tooltip='Compartir en Facebook' rel=\"noopener\"><span class='avia_hidden_link_text'>Compartir en Facebook<\/span><\/a><\/li><li class='av-share-link av-social-link-twitter' ><a target=\"_blank\" aria-label=\"Compartir en Twitter\" href='https:\/\/twitter.com\/share?text=Concretan%20hito%20clave%20para%20el%20avance%20del%20proyecto%20Alto%20Baguales%20con%20puesta%20en%20servicio%20de%20su%20subestaci%C3%B3n&#038;url=https:\/\/radiorevelacionfm.cl\/?p=64418' aria-hidden='false' data-av_icon='\ue8f1' data-av_iconfont='entypo-fontello' title='' data-avia-related-tooltip='Compartir en Twitter' rel=\"noopener\"><span class='avia_hidden_link_text'>Compartir en Twitter<\/span><\/a><\/li><li class='av-share-link av-social-link-whatsapp' ><a target=\"_blank\" aria-label=\"Compartir en Whatsapp\" href='https:\/\/api.whatsapp.com\/send?text=https:\/\/radiorevelacionfm.cl\/?p=64418' aria-hidden='false' data-av_icon='\uf232' data-av_iconfont='entypo-fontello' title='' data-avia-related-tooltip='Compartir en Whatsapp' rel=\"noopener\"><span class='avia_hidden_link_text'>Compartir en Whatsapp<\/span><\/a><\/li><li class='av-share-link av-social-link-linkedin' ><a target=\"_blank\" aria-label=\"Compartir en LinkedIn\" href='https:\/\/linkedin.com\/shareArticle?mini=true&#038;title=Concretan%20hito%20clave%20para%20el%20avance%20del%20proyecto%20Alto%20Baguales%20con%20puesta%20en%20servicio%20de%20su%20subestaci%C3%B3n&#038;url=https:\/\/radiorevelacionfm.cl\/?p=64418' aria-hidden='false' data-av_icon='\ue8fc' data-av_iconfont='entypo-fontello' title='' data-avia-related-tooltip='Compartir en LinkedIn' rel=\"noopener\"><span class='avia_hidden_link_text'>Compartir en LinkedIn<\/span><\/a><\/li><li class='av-share-link av-social-link-mail' ><a  aria-label=\"Compartir por correo\" href='mailto:?subject=Concretan%20hito%20clave%20para%20el%20avance%20del%20proyecto%20Alto%20Baguales%20con%20puesta%20en%20servicio%20de%20su%20subestaci%C3%B3n&#038;body=https:\/\/radiorevelacionfm.cl\/?p=64418' aria-hidden='false' data-av_icon='\ue805' data-av_iconfont='entypo-fontello' title='' data-avia-related-tooltip='Compartir por correo'><span class='avia_hidden_link_text'>Compartir por correo<\/span><\/a><\/li><\/ul><\/div><\/div>\n<div  style='height:50px' class='hr hr-invisible   avia-builder-el-8  el_after_av_social_share  el_before_av_comments_list '><span class='hr-inner ' ><span class='hr-inner-style'><\/span><\/span><\/div>\n<div  class='av-buildercomment  av-blog-meta-html-info-disabled av-blog-meta-tag-disabled  '><\/div>\n","protected":false},"excerpt":{"rendered":"","protected":false},"author":1,"featured_media":64419,"comment_status":"closed","ping_status":"closed","sticky":false,"template":"","format":"standard","meta":{"footnotes":""},"categories":[38],"tags":[],"class_list":["post-64418","post","type-post","status-publish","format-standard","has-post-thumbnail","hentry","category-regional"],"jetpack_featured_media_url":"https:\/\/radiorevelacionfm.cl\/wp-content\/uploads\/2026\/02\/se-alto-baguales-2-1_optimized.jpeg","_links":{"self":[{"href":"https:\/\/radiorevelacionfm.cl\/index.php?rest_route=\/wp\/v2\/posts\/64418","targetHints":{"allow":["GET"]}}],"collection":[{"href":"https:\/\/radiorevelacionfm.cl\/index.php?rest_route=\/wp\/v2\/posts"}],"about":[{"href":"https:\/\/radiorevelacionfm.cl\/index.php?rest_route=\/wp\/v2\/types\/post"}],"author":[{"embeddable":true,"href":"https:\/\/radiorevelacionfm.cl\/index.php?rest_route=\/wp\/v2\/users\/1"}],"replies":[{"embeddable":true,"href":"https:\/\/radiorevelacionfm.cl\/index.php?rest_route=%2Fwp%2Fv2%2Fcomments&post=64418"}],"version-history":[{"count":2,"href":"https:\/\/radiorevelacionfm.cl\/index.php?rest_route=\/wp\/v2\/posts\/64418\/revisions"}],"predecessor-version":[{"id":64425,"href":"https:\/\/radiorevelacionfm.cl\/index.php?rest_route=\/wp\/v2\/posts\/64418\/revisions\/64425"}],"wp:featuredmedia":[{"embeddable":true,"href":"https:\/\/radiorevelacionfm.cl\/index.php?rest_route=\/wp\/v2\/media\/64419"}],"wp:attachment":[{"href":"https:\/\/radiorevelacionfm.cl\/index.php?rest_route=%2Fwp%2Fv2%2Fmedia&parent=64418"}],"wp:term":[{"taxonomy":"category","embeddable":true,"href":"https:\/\/radiorevelacionfm.cl\/index.php?rest_route=%2Fwp%2Fv2%2Fcategories&post=64418"},{"taxonomy":"post_tag","embeddable":true,"href":"https:\/\/radiorevelacionfm.cl\/index.php?rest_route=%2Fwp%2Fv2%2Ftags&post=64418"}],"curies":[{"name":"wp","href":"https:\/\/api.w.org\/{rel}","templated":true}]}}