{"id":64410,"date":"2026-02-20T12:17:02","date_gmt":"2026-02-20T15:17:02","guid":{"rendered":"https:\/\/radiorevelacionfm.cl\/?p=64410"},"modified":"2026-02-20T12:17:02","modified_gmt":"2026-02-20T15:17:02","slug":"municipio-activa-plan-para-atraer-empresas-digitales-y-fortalecer-la-base-economica-de-la-comuna","status":"publish","type":"post","link":"https:\/\/radiorevelacionfm.cl\/?p=64410","title":{"rendered":"Municipio activa plan para atraer empresas digitales y fortalecer la base econ\u00f3mica de la comuna"},"content":{"rendered":"<div class=\"flex_column av_one_full  flex_column_div av-zero-column-padding first  avia-builder-el-0  el_before_av_one_full  avia-builder-el-first  \" style='border-radius:0px; '><div  class='avia-image-container  av-styling-    avia-builder-el-1  avia-builder-el-no-sibling  avia-align-center '  itemprop=\"image\" itemscope=\"itemscope\" itemtype=\"https:\/\/schema.org\/ImageObject\"  ><div class='avia-image-container-inner'><div class='avia-image-overlay-wrap'><img decoding=\"async\" class='wp-image-64411 avia-img-lazy-loading-not-64411 avia_image' src=\"https:\/\/radiorevelacionfm.cl\/wp-content\/uploads\/2026\/02\/INVERSIOiN-DIGITAL-1-1-1.jpeg\" alt='' title='INVERSIO\u00ecN DIGITAL 1 (1) (1)' height=\"640\" width=\"805\"  itemprop=\"thumbnailUrl\" srcset=\"https:\/\/radiorevelacionfm.cl\/wp-content\/uploads\/2026\/02\/INVERSIOiN-DIGITAL-1-1-1.jpeg 805w, https:\/\/radiorevelacionfm.cl\/wp-content\/uploads\/2026\/02\/INVERSIOiN-DIGITAL-1-1-1-300x239.jpeg 300w, https:\/\/radiorevelacionfm.cl\/wp-content\/uploads\/2026\/02\/INVERSIOiN-DIGITAL-1-1-1-768x611.jpeg 768w, https:\/\/radiorevelacionfm.cl\/wp-content\/uploads\/2026\/02\/INVERSIOiN-DIGITAL-1-1-1-705x560.jpeg 705w, https:\/\/radiorevelacionfm.cl\/wp-content\/uploads\/2026\/02\/INVERSIOiN-DIGITAL-1-1-1-450x358.jpeg 450w, https:\/\/radiorevelacionfm.cl\/wp-content\/uploads\/2026\/02\/INVERSIOiN-DIGITAL-1-1-1-600x477.jpeg 600w\" sizes=\"(max-width: 805px) 100vw, 805px\" \/><\/div><\/div><\/div><\/div><div class=\"flex_column av_one_full  flex_column_div av-zero-column-padding first  avia-builder-el-2  el_after_av_one_full  el_before_av_one_full  column-top-margin\" style='border-radius:0px; '><section class=\"av_textblock_section \"  itemscope=\"itemscope\" itemtype=\"https:\/\/schema.org\/BlogPosting\" itemprop=\"blogPost\" ><div class='avia_textblock  '   itemprop=\"text\" ><p style=\"text-align: center;\"><strong><span style=\"font-size: 18pt;\">Municipio activa plan para atraer empresas digitales y fortalecer la base econ\u00f3mica de la comuna<\/span><\/strong><\/p>\n<div id=\"gtx-trans\" style=\"position: absolute; left: -50px; top: 4.31534px;\">\n<div class=\"gtx-trans-icon\"><\/div>\n<\/div>\n<\/div><\/section><\/div><div class=\"flex_column av_one_full  flex_column_div av-zero-column-padding first  avia-builder-el-4  el_after_av_one_full  el_before_av_hr  column-top-margin\" style='border-radius:0px; '><section class=\"av_textblock_section \"  itemscope=\"itemscope\" itemtype=\"https:\/\/schema.org\/BlogPosting\" itemprop=\"blogPost\" ><div class='avia_textblock  '   itemprop=\"text\" ><p style=\"text-align: justify;\">Con el objetivo de fortalecer el desarrollo econ\u00f3mico comunal y adaptarse a las nuevas formas de emprendimiento, la Municipalidad de Coyhaique, en el marco de su modelo de desarrollo econ\u00f3mico local, est\u00e1 implementando medidas para facilitar la formalizaci\u00f3n de empresas digitales que no cuentan con oficina f\u00edsica.<\/p>\n<p style=\"text-align: justify;\">La iniciativa busca dar respuesta a una dificultad frecuente del rubro tecnol\u00f3gico: muchas empresas operan de manera remota y enfrentan trabas para obtener su patente comercial debido a la exigencia tradicional de un domicilio f\u00edsico.<\/p>\n<p style=\"text-align: justify;\">En ese contexto, el municipio est\u00e1 facilitando que este tipo de emprendimientos puedan constituirse formalmente en la comuna, otorgando alternativas de domicilio tributario para aquellas empresas que operan de manera remota y no cuentan con oficina propia.<\/p>\n<p style=\"text-align: justify;\"><strong>Alcalde destaca oportunidad para la comuna<\/strong><\/p>\n<p style=\"text-align: justify;\">El alcalde de Coyhaique, Carlos Gatica Villegas, valor\u00f3 este avance y explic\u00f3 que el municipio detect\u00f3 un problema estructural que afecta a las empresas digitales en el pa\u00eds.<\/p>\n<p style=\"text-align: justify;\">\u201cLas empresas digitales en Chile tienen un grave problema con la tramitaci\u00f3n de sus patentes, y ah\u00ed hemos encontrado una oportunidad como municipalidad. Esto nos ayuda a robustecer nuestra estructura econ\u00f3mica municipal y a captar un p\u00fablico enorme. Hoy ofrecemos un servicio que reduce los tiempos de espera en m\u00e1s de un 90%\u201d, agreg\u00f3 el edil.<\/p>\n<p style=\"text-align: justify;\"><strong>Experiencia positiva del sector tecnol\u00f3gico<\/strong><\/p>\n<p style=\"text-align: justify;\">Durante la actividad, representantes de la empresa digital Parlamento AI destacaron la importancia de este apoyo municipal.<\/p>\n<p style=\"text-align: justify;\">\u201cNosotros empezamos nuestra actividad en la capital y fue m\u00e1s de un a\u00f1o de tramitaci\u00f3n para una empresa bastante simple. El problema hoy d\u00eda es que las empresas digitales remotas no siempre encajan en los requisitos tradicionales de las municipalidades.<\/p>\n<p style=\"text-align: justify;\">Ac\u00e1 en menos de una semana pudimos resolver la direcci\u00f3n y tener todos los papeles en orden. Estamos muy felices de que Coyhaique nos haya acogido e invitamos a muchas empresas digitales a hacer lo mismo. El confort de tener todo en orden vale oro\u201d.<\/p>\n<p style=\"text-align: justify;\">Desde el municipio se indic\u00f3 que durante el mes de marzo se realizar\u00e1n reuniones en Santiago con m\u00e1s de 50 empresas digitales del pa\u00eds, en coordinaci\u00f3n con la Corporaci\u00f3n de Desarrollo, con el objetivo de presentar esta alternativa y convocar a nuevos emprendimientos tecnol\u00f3gicos a instalar su patente en la comuna. La medida busca seguir posicionando a Coyhaique como un territorio atractivo para la inversi\u00f3n, la innovaci\u00f3n y el desarrollo econ\u00f3mico local.<\/p>\n<\/div><\/section><\/div><div  style='height:50px' class='hr hr-invisible   avia-builder-el-6  el_after_av_one_full  el_before_av_social_share '><span class='hr-inner ' ><span class='hr-inner-style'><\/span><\/span><\/div><\/p>\n<div  class='av-social-sharing-box  avia-builder-el-7  el_after_av_hr  el_before_av_hr  '><div class='av-share-box'><h5 class='av-share-link-description av-no-toc '>Compartir esta noticia<\/h5><ul class='av-share-box-list noLightbox'><li class='av-share-link av-social-link-facebook' ><a target=\"_blank\" aria-label=\"Compartir en Facebook\" href='https:\/\/www.facebook.com\/sharer.php?u=https:\/\/radiorevelacionfm.cl\/?p=64410&#038;t=Municipio%20activa%20plan%20para%20atraer%20empresas%20digitales%20y%20fortalecer%20la%20base%20econ%C3%B3mica%20de%20la%20comuna' aria-hidden='false' data-av_icon='\ue8f3' data-av_iconfont='entypo-fontello' title='' data-avia-related-tooltip='Compartir en Facebook' rel=\"noopener\"><span class='avia_hidden_link_text'>Compartir en Facebook<\/span><\/a><\/li><li class='av-share-link av-social-link-twitter' ><a target=\"_blank\" aria-label=\"Compartir en Twitter\" href='https:\/\/twitter.com\/share?text=Municipio%20activa%20plan%20para%20atraer%20empresas%20digitales%20y%20fortalecer%20la%20base%20econ%C3%B3mica%20de%20la%20comuna&#038;url=https:\/\/radiorevelacionfm.cl\/?p=64410' aria-hidden='false' data-av_icon='\ue8f1' data-av_iconfont='entypo-fontello' title='' data-avia-related-tooltip='Compartir en Twitter' rel=\"noopener\"><span class='avia_hidden_link_text'>Compartir en Twitter<\/span><\/a><\/li><li class='av-share-link av-social-link-whatsapp' ><a target=\"_blank\" aria-label=\"Compartir en Whatsapp\" href='https:\/\/api.whatsapp.com\/send?text=https:\/\/radiorevelacionfm.cl\/?p=64410' aria-hidden='false' data-av_icon='\uf232' data-av_iconfont='entypo-fontello' title='' data-avia-related-tooltip='Compartir en Whatsapp' rel=\"noopener\"><span class='avia_hidden_link_text'>Compartir en Whatsapp<\/span><\/a><\/li><li class='av-share-link av-social-link-linkedin' ><a target=\"_blank\" aria-label=\"Compartir en LinkedIn\" href='https:\/\/linkedin.com\/shareArticle?mini=true&#038;title=Municipio%20activa%20plan%20para%20atraer%20empresas%20digitales%20y%20fortalecer%20la%20base%20econ%C3%B3mica%20de%20la%20comuna&#038;url=https:\/\/radiorevelacionfm.cl\/?p=64410' aria-hidden='false' data-av_icon='\ue8fc' data-av_iconfont='entypo-fontello' title='' data-avia-related-tooltip='Compartir en LinkedIn' rel=\"noopener\"><span class='avia_hidden_link_text'>Compartir en LinkedIn<\/span><\/a><\/li><li class='av-share-link av-social-link-mail' ><a  aria-label=\"Compartir por correo\" href='mailto:?subject=Municipio%20activa%20plan%20para%20atraer%20empresas%20digitales%20y%20fortalecer%20la%20base%20econ%C3%B3mica%20de%20la%20comuna&#038;body=https:\/\/radiorevelacionfm.cl\/?p=64410' aria-hidden='false' data-av_icon='\ue805' data-av_iconfont='entypo-fontello' title='' data-avia-related-tooltip='Compartir por correo'><span class='avia_hidden_link_text'>Compartir por correo<\/span><\/a><\/li><\/ul><\/div><\/div>\n<div  style='height:50px' class='hr hr-invisible   avia-builder-el-8  el_after_av_social_share  el_before_av_comments_list '><span class='hr-inner ' ><span class='hr-inner-style'><\/span><\/span><\/div>\n<div  class='av-buildercomment  av-blog-meta-html-info-disabled av-blog-meta-tag-disabled  '><\/div>\n","protected":false},"excerpt":{"rendered":"","protected":false},"author":1,"featured_media":64411,"comment_status":"closed","ping_status":"closed","sticky":false,"template":"","format":"standard","meta":{"footnotes":""},"categories":[38],"tags":[],"class_list":["post-64410","post","type-post","status-publish","format-standard","has-post-thumbnail","hentry","category-regional"],"jetpack_featured_media_url":"https:\/\/radiorevelacionfm.cl\/wp-content\/uploads\/2026\/02\/INVERSIOiN-DIGITAL-1-1-1.jpeg","_links":{"self":[{"href":"https:\/\/radiorevelacionfm.cl\/index.php?rest_route=\/wp\/v2\/posts\/64410","targetHints":{"allow":["GET"]}}],"collection":[{"href":"https:\/\/radiorevelacionfm.cl\/index.php?rest_route=\/wp\/v2\/posts"}],"about":[{"href":"https:\/\/radiorevelacionfm.cl\/index.php?rest_route=\/wp\/v2\/types\/post"}],"author":[{"embeddable":true,"href":"https:\/\/radiorevelacionfm.cl\/index.php?rest_route=\/wp\/v2\/users\/1"}],"replies":[{"embeddable":true,"href":"https:\/\/radiorevelacionfm.cl\/index.php?rest_route=%2Fwp%2Fv2%2Fcomments&post=64410"}],"version-history":[{"count":2,"href":"https:\/\/radiorevelacionfm.cl\/index.php?rest_route=\/wp\/v2\/posts\/64410\/revisions"}],"predecessor-version":[{"id":64413,"href":"https:\/\/radiorevelacionfm.cl\/index.php?rest_route=\/wp\/v2\/posts\/64410\/revisions\/64413"}],"wp:featuredmedia":[{"embeddable":true,"href":"https:\/\/radiorevelacionfm.cl\/index.php?rest_route=\/wp\/v2\/media\/64411"}],"wp:attachment":[{"href":"https:\/\/radiorevelacionfm.cl\/index.php?rest_route=%2Fwp%2Fv2%2Fmedia&parent=64410"}],"wp:term":[{"taxonomy":"category","embeddable":true,"href":"https:\/\/radiorevelacionfm.cl\/index.php?rest_route=%2Fwp%2Fv2%2Fcategories&post=64410"},{"taxonomy":"post_tag","embeddable":true,"href":"https:\/\/radiorevelacionfm.cl\/index.php?rest_route=%2Fwp%2Fv2%2Ftags&post=64410"}],"curies":[{"name":"wp","href":"https:\/\/api.w.org\/{rel}","templated":true}]}}