{"id":64406,"date":"2026-02-20T10:12:53","date_gmt":"2026-02-20T13:12:53","guid":{"rendered":"https:\/\/radiorevelacionfm.cl\/?p=64406"},"modified":"2026-02-20T10:16:32","modified_gmt":"2026-02-20T13:16:32","slug":"puerto-aysen-fortalece-la-educacion-ambiental-con-proyecto-impulsado-por-el-centro-de-padres-de-la-escuela-basica-ribera-sur","status":"publish","type":"post","link":"https:\/\/radiorevelacionfm.cl\/?p=64406","title":{"rendered":"Puerto Ays\u00e9n fortalece la educaci\u00f3n ambiental con proyecto impulsado por el Centro de Padres de la Escuela B\u00e1sica Ribera Sur"},"content":{"rendered":"<div class=\"flex_column av_one_full  flex_column_div av-zero-column-padding first  avia-builder-el-0  el_before_av_one_full  avia-builder-el-first  \" style='border-radius:0px; '><div  class='avia-image-container  av-styling-    avia-builder-el-1  avia-builder-el-no-sibling  avia-align-center '  itemprop=\"image\" itemscope=\"itemscope\" itemtype=\"https:\/\/schema.org\/ImageObject\"  ><div class='avia-image-container-inner'><div class='avia-image-overlay-wrap'><img decoding=\"async\" class='wp-image-64407 avia-img-lazy-loading-not-64407 avia_image' src=\"https:\/\/radiorevelacionfm.cl\/wp-content\/uploads\/2026\/02\/fpa3-1_optimized-1.jpg\" alt='' title='fpa3-(1)_optimized (1)' height=\"600\" width=\"912\"  itemprop=\"thumbnailUrl\" srcset=\"https:\/\/radiorevelacionfm.cl\/wp-content\/uploads\/2026\/02\/fpa3-1_optimized-1.jpg 912w, https:\/\/radiorevelacionfm.cl\/wp-content\/uploads\/2026\/02\/fpa3-1_optimized-1-300x197.jpg 300w, https:\/\/radiorevelacionfm.cl\/wp-content\/uploads\/2026\/02\/fpa3-1_optimized-1-768x505.jpg 768w, https:\/\/radiorevelacionfm.cl\/wp-content\/uploads\/2026\/02\/fpa3-1_optimized-1-705x464.jpg 705w, https:\/\/radiorevelacionfm.cl\/wp-content\/uploads\/2026\/02\/fpa3-1_optimized-1-450x296.jpg 450w, https:\/\/radiorevelacionfm.cl\/wp-content\/uploads\/2026\/02\/fpa3-1_optimized-1-600x395.jpg 600w\" sizes=\"(max-width: 912px) 100vw, 912px\" \/><\/div><\/div><\/div><\/div><div class=\"flex_column av_one_full  flex_column_div av-zero-column-padding first  avia-builder-el-2  el_after_av_one_full  el_before_av_one_full  column-top-margin\" style='border-radius:0px; '><section class=\"av_textblock_section \"  itemscope=\"itemscope\" itemtype=\"https:\/\/schema.org\/BlogPosting\" itemprop=\"blogPost\" ><div class='avia_textblock  '   itemprop=\"text\" ><p style=\"text-align: center;\"><strong><span style=\"font-size: 18pt;\">Puerto Ays\u00e9n fortalece la educaci\u00f3n ambiental con proyecto impulsado por el Centro de Padres de la Escuela B\u00e1sica Ribera Sur<\/span><\/strong><\/p>\n<div id=\"gtx-trans\" style=\"position: absolute; left: -50px; top: 4.31534px;\">\n<div class=\"gtx-trans-icon\"><\/div>\n<\/div>\n<\/div><\/section><\/div><div class=\"flex_column av_one_full  flex_column_div av-zero-column-padding first  avia-builder-el-4  el_after_av_one_full  el_before_av_hr  column-top-margin\" style='border-radius:0px; '><section class=\"av_textblock_section \"  itemscope=\"itemscope\" itemtype=\"https:\/\/schema.org\/BlogPosting\" itemprop=\"blogPost\" ><div class='avia_textblock  '   itemprop=\"text\" ><p style=\"text-align: justify;\">Con el objetivo de consolidar y proyectar el trabajo de educaci\u00f3n ambiental que desarrolla la Escuela B\u00e1sica Ribera Sur de Puerto Ays\u00e9n, el Centro General de Padres y Apoderados del establecimiento adjudic\u00f3 el a\u00f1o 2025 un proyecto del Fondo de Protecci\u00f3n Ambiental (FPA) del Ministerio del Medio Ambiente, apostando a la implementaci\u00f3n de pr\u00e1cticas sustentables en la comunidad educativa.<\/p>\n<p style=\"text-align: justify;\">El proyecto, titulado \u201cAgua y Tierra: Talleres de Sustentabilidad y Educaci\u00f3n Ambiental\u201d, comenz\u00f3 su ejecuci\u00f3n en septiembre de 2025 y se extender\u00e1 hasta abril de 2026. La iniciativa busca fortalecer las pr\u00e1cticas sostenibles al interior de la comunidad educativa y ampliar su impacto hacia el entorno local, promoviendo una cultura ambiental activa y participativa.<\/p>\n<p style=\"text-align: justify;\">Para ello, el equipo ejecutor defini\u00f3 un Plan de Educaci\u00f3n Ambiental que contempl\u00f3 capacitaciones te\u00f3rico\u2013pr\u00e1cticas dirigidas a estudiantes, docentes y comunidad local. Estas instancias formativas han sido lideradas por j\u00f3venes profesionales de la comuna de Ays\u00e9n, quienes han abordado tem\u00e1ticas como: cambio clim\u00e1tico, uso y valoraci\u00f3n del agua, agroecolog\u00eda, lombricompostaje, flora nativa y medidas de mitigaci\u00f3n frente a la crisis clim\u00e1tica, entre otras.<\/p>\n<p style=\"text-align: justify;\">Uno de los hitos m\u00e1s relevantes del proyecto fue la inversi\u00f3n destinada a la construcci\u00f3n de un espacio techado de 24 m\u00b2, tipo p\u00e9rgola abierta, habilitado como aula al aire libre en el patio del establecimiento. Esta infraestructura \u2014que incorpora equipamiento para el desarrollo de actividades educativas\u2014 permite reforzar el trabajo pr\u00e1ctico que el establecimiento realiza en su huerto escolar, transform\u00e1ndolo en una unidad demostrativa para el aprendizaje activo y la promoci\u00f3n de buenas pr\u00e1cticas ambientales.<\/p>\n<p style=\"text-align: justify;\">De esta manera, el proyecto no solo ha entregado herramientas concretas para la gesti\u00f3n sostenible del agua y los residuos, sino que tambi\u00e9n se consolida como un espacio permanente para la educaci\u00f3n ambiental, fortaleciendo el compromiso de la comunidad escolar con el cuidado del entorno.<\/p>\n<p style=\"text-align: justify;\">\u00a0\u201c<em>La educaci\u00f3n ambiental es una herramienta fundamental para enfrentar los desaf\u00edos ambientales y clim\u00e1ticos, especialmente cuando se trabaja desde las escuelas en vinculaci\u00f3n con las comunidades. Este proyecto de la Escuela B\u00e1sica Ribera Sur refleja el esp\u00edritu del Fondo de Protecci\u00f3n Ambiental, fortalecer capacidades locales, promover pr\u00e1cticas sostenibles y generar espacios concretos para desarrollar la educaci\u00f3n al aire libre. Valoramos el compromiso de esta comunidad educativa, que contribuye a la cultura ambiental de nuestra regi\u00f3n\u201d, declar\u00f3 el encargado de Educaci\u00f3n Ambiental de la Seremi del Medio Ambiente de Ays\u00e9n, Juan Luis R\u00edos.<\/em><\/p>\n<p style=\"text-align: justify;\">Por su parte, el coordinador del proyecto, Guillermo Pailamilla Cornejo, explic\u00f3 que \u201c<em>este proyecto nos permiti\u00f3 estructurar un plan de educaci\u00f3n ambiental con objetivos claros, contenidos pertinentes al territorio y un fuerte componente pr\u00e1ctico. Como equipo quisimos que cada taller tuviera aplicaci\u00f3n directa en el huerto escolar y en la vida cotidiana de los estudiantes y sus familias. La construcci\u00f3n del aula al aire libre representa un paso clave, porque consolida un espacio permanente para el aprendizaje en sustentabilidad, fortaleciendo capacidades que trascienden la duraci\u00f3n del proyecto y quedan instaladas en la comunidad educativa<\/em>\u201d.<\/p>\n<p style=\"text-align: justify;\">La iniciativa finalizar\u00e1 en abril de 2026 con una actividad de cierre en la que se presentar\u00e1n los principales resultados y aprendizajes alcanzados, proyectando la continuidad de las acciones implementadas y reafirmando el rol de la Escuela B\u00e1sica Ribera Sur como referente local en educaci\u00f3n y gesti\u00f3n ambiental en la comuna y en la regi\u00f3n.<\/p>\n<\/div><\/section><\/div><div  style='height:50px' class='hr hr-invisible   avia-builder-el-6  el_after_av_one_full  el_before_av_social_share '><span class='hr-inner ' ><span class='hr-inner-style'><\/span><\/span><\/div><\/p>\n<div  class='av-social-sharing-box  avia-builder-el-7  el_after_av_hr  el_before_av_hr  '><div class='av-share-box'><h5 class='av-share-link-description av-no-toc '>Compartir esta noticia<\/h5><ul class='av-share-box-list noLightbox'><li class='av-share-link av-social-link-facebook' ><a target=\"_blank\" aria-label=\"Compartir en Facebook\" href='https:\/\/www.facebook.com\/sharer.php?u=https:\/\/radiorevelacionfm.cl\/?p=64406&#038;t=Puerto%20Ays%C3%A9n%20fortalece%20la%20educaci%C3%B3n%20ambiental%20con%20proyecto%20impulsado%20por%20el%20Centro%20de%20Padres%20de%20la%20Escuela%20B%C3%A1sica%20Ribera%20Sur' aria-hidden='false' data-av_icon='\ue8f3' data-av_iconfont='entypo-fontello' title='' data-avia-related-tooltip='Compartir en Facebook' rel=\"noopener\"><span class='avia_hidden_link_text'>Compartir en Facebook<\/span><\/a><\/li><li class='av-share-link av-social-link-twitter' ><a target=\"_blank\" aria-label=\"Compartir en Twitter\" href='https:\/\/twitter.com\/share?text=Puerto%20Ays%C3%A9n%20fortalece%20la%20educaci%C3%B3n%20ambiental%20con%20proyecto%20impulsado%20por%20el%20Centro%20de%20Padres%20de%20la%20Escuela%20B%C3%A1sica%20Ribera%20Sur&#038;url=https:\/\/radiorevelacionfm.cl\/?p=64406' aria-hidden='false' data-av_icon='\ue8f1' data-av_iconfont='entypo-fontello' title='' data-avia-related-tooltip='Compartir en Twitter' rel=\"noopener\"><span class='avia_hidden_link_text'>Compartir en Twitter<\/span><\/a><\/li><li class='av-share-link av-social-link-whatsapp' ><a target=\"_blank\" aria-label=\"Compartir en Whatsapp\" href='https:\/\/api.whatsapp.com\/send?text=https:\/\/radiorevelacionfm.cl\/?p=64406' aria-hidden='false' data-av_icon='\uf232' data-av_iconfont='entypo-fontello' title='' data-avia-related-tooltip='Compartir en Whatsapp' rel=\"noopener\"><span class='avia_hidden_link_text'>Compartir en Whatsapp<\/span><\/a><\/li><li class='av-share-link av-social-link-linkedin' ><a target=\"_blank\" aria-label=\"Compartir en LinkedIn\" href='https:\/\/linkedin.com\/shareArticle?mini=true&#038;title=Puerto%20Ays%C3%A9n%20fortalece%20la%20educaci%C3%B3n%20ambiental%20con%20proyecto%20impulsado%20por%20el%20Centro%20de%20Padres%20de%20la%20Escuela%20B%C3%A1sica%20Ribera%20Sur&#038;url=https:\/\/radiorevelacionfm.cl\/?p=64406' aria-hidden='false' data-av_icon='\ue8fc' data-av_iconfont='entypo-fontello' title='' data-avia-related-tooltip='Compartir en LinkedIn' rel=\"noopener\"><span class='avia_hidden_link_text'>Compartir en LinkedIn<\/span><\/a><\/li><li class='av-share-link av-social-link-mail' ><a  aria-label=\"Compartir por correo\" href='mailto:?subject=Puerto%20Ays%C3%A9n%20fortalece%20la%20educaci%C3%B3n%20ambiental%20con%20proyecto%20impulsado%20por%20el%20Centro%20de%20Padres%20de%20la%20Escuela%20B%C3%A1sica%20Ribera%20Sur&#038;body=https:\/\/radiorevelacionfm.cl\/?p=64406' aria-hidden='false' data-av_icon='\ue805' data-av_iconfont='entypo-fontello' title='' data-avia-related-tooltip='Compartir por correo'><span class='avia_hidden_link_text'>Compartir por correo<\/span><\/a><\/li><\/ul><\/div><\/div>\n<div  style='height:50px' class='hr hr-invisible   avia-builder-el-8  el_after_av_social_share  el_before_av_comments_list '><span class='hr-inner ' ><span class='hr-inner-style'><\/span><\/span><\/div>\n<div  class='av-buildercomment  av-blog-meta-html-info-disabled av-blog-meta-tag-disabled  '><\/div>\n","protected":false},"excerpt":{"rendered":"","protected":false},"author":1,"featured_media":64407,"comment_status":"closed","ping_status":"closed","sticky":false,"template":"","format":"standard","meta":{"footnotes":""},"categories":[39],"tags":[],"class_list":["post-64406","post","type-post","status-publish","format-standard","has-post-thumbnail","hentry","category-medio-ambiente"],"jetpack_featured_media_url":"https:\/\/radiorevelacionfm.cl\/wp-content\/uploads\/2026\/02\/fpa3-1_optimized-1.jpg","_links":{"self":[{"href":"https:\/\/radiorevelacionfm.cl\/index.php?rest_route=\/wp\/v2\/posts\/64406","targetHints":{"allow":["GET"]}}],"collection":[{"href":"https:\/\/radiorevelacionfm.cl\/index.php?rest_route=\/wp\/v2\/posts"}],"about":[{"href":"https:\/\/radiorevelacionfm.cl\/index.php?rest_route=\/wp\/v2\/types\/post"}],"author":[{"embeddable":true,"href":"https:\/\/radiorevelacionfm.cl\/index.php?rest_route=\/wp\/v2\/users\/1"}],"replies":[{"embeddable":true,"href":"https:\/\/radiorevelacionfm.cl\/index.php?rest_route=%2Fwp%2Fv2%2Fcomments&post=64406"}],"version-history":[{"count":2,"href":"https:\/\/radiorevelacionfm.cl\/index.php?rest_route=\/wp\/v2\/posts\/64406\/revisions"}],"predecessor-version":[{"id":64409,"href":"https:\/\/radiorevelacionfm.cl\/index.php?rest_route=\/wp\/v2\/posts\/64406\/revisions\/64409"}],"wp:featuredmedia":[{"embeddable":true,"href":"https:\/\/radiorevelacionfm.cl\/index.php?rest_route=\/wp\/v2\/media\/64407"}],"wp:attachment":[{"href":"https:\/\/radiorevelacionfm.cl\/index.php?rest_route=%2Fwp%2Fv2%2Fmedia&parent=64406"}],"wp:term":[{"taxonomy":"category","embeddable":true,"href":"https:\/\/radiorevelacionfm.cl\/index.php?rest_route=%2Fwp%2Fv2%2Fcategories&post=64406"},{"taxonomy":"post_tag","embeddable":true,"href":"https:\/\/radiorevelacionfm.cl\/index.php?rest_route=%2Fwp%2Fv2%2Ftags&post=64406"}],"curies":[{"name":"wp","href":"https:\/\/api.w.org\/{rel}","templated":true}]}}