{"id":64401,"date":"2026-02-19T18:46:03","date_gmt":"2026-02-19T21:46:03","guid":{"rendered":"https:\/\/radiorevelacionfm.cl\/?p=64401"},"modified":"2026-02-19T18:46:03","modified_gmt":"2026-02-19T21:46:03","slug":"aprueban-millonaria-inversion-para-fortalecer-el-ciclismo-en-la-comuna-de-aysen","status":"publish","type":"post","link":"https:\/\/radiorevelacionfm.cl\/?p=64401","title":{"rendered":"Aprueban millonaria inversi\u00f3n para fortalecer el ciclismo en la comuna de Ays\u00e9n"},"content":{"rendered":"<div class=\"flex_column av_one_full  flex_column_div av-zero-column-padding first  avia-builder-el-0  el_before_av_one_full  avia-builder-el-first  \" style='border-radius:0px; '><div  class='avia-image-container  av-styling-    avia-builder-el-1  avia-builder-el-no-sibling  avia-align-center '  itemprop=\"image\" itemscope=\"itemscope\" itemtype=\"https:\/\/schema.org\/ImageObject\"  ><div class='avia-image-container-inner'><div class='avia-image-overlay-wrap'><img decoding=\"async\" class='wp-image-64402 avia-img-lazy-loading-not-64402 avia_image' src=\"https:\/\/radiorevelacionfm.cl\/wp-content\/uploads\/2026\/02\/aprobacion-equipamiento-ciclismo-2-1-1.jpg\" alt='' title='aprobaci\u00f3n equipamiento ciclismo 2 (1) (1)' height=\"600\" width=\"1067\"  itemprop=\"thumbnailUrl\" srcset=\"https:\/\/radiorevelacionfm.cl\/wp-content\/uploads\/2026\/02\/aprobacion-equipamiento-ciclismo-2-1-1.jpg 1067w, https:\/\/radiorevelacionfm.cl\/wp-content\/uploads\/2026\/02\/aprobacion-equipamiento-ciclismo-2-1-1-300x169.jpg 300w, https:\/\/radiorevelacionfm.cl\/wp-content\/uploads\/2026\/02\/aprobacion-equipamiento-ciclismo-2-1-1-1030x579.jpg 1030w, https:\/\/radiorevelacionfm.cl\/wp-content\/uploads\/2026\/02\/aprobacion-equipamiento-ciclismo-2-1-1-768x432.jpg 768w, https:\/\/radiorevelacionfm.cl\/wp-content\/uploads\/2026\/02\/aprobacion-equipamiento-ciclismo-2-1-1-705x396.jpg 705w, https:\/\/radiorevelacionfm.cl\/wp-content\/uploads\/2026\/02\/aprobacion-equipamiento-ciclismo-2-1-1-450x253.jpg 450w, https:\/\/radiorevelacionfm.cl\/wp-content\/uploads\/2026\/02\/aprobacion-equipamiento-ciclismo-2-1-1-600x337.jpg 600w\" sizes=\"(max-width: 1067px) 100vw, 1067px\" \/><\/div><\/div><\/div><\/div><div class=\"flex_column av_one_full  flex_column_div av-zero-column-padding first  avia-builder-el-2  el_after_av_one_full  el_before_av_one_full  column-top-margin\" style='border-radius:0px; '><section class=\"av_textblock_section \"  itemscope=\"itemscope\" itemtype=\"https:\/\/schema.org\/BlogPosting\" itemprop=\"blogPost\" ><div class='avia_textblock  '   itemprop=\"text\" ><p style=\"text-align: center;\"><strong><span style=\"font-size: 18pt;\">Aprueban millonaria inversi\u00f3n para fortalecer el ciclismo en la comuna de Ays\u00e9n<\/span><\/strong><\/p>\n<div id=\"gtx-trans\" style=\"position: absolute; left: -50px; top: 4.31534px;\">\n<div class=\"gtx-trans-icon\"><\/div>\n<\/div>\n<\/div><\/section><\/div><div class=\"flex_column av_one_full  flex_column_div av-zero-column-padding first  avia-builder-el-4  el_after_av_one_full  el_before_av_hr  column-top-margin\" style='border-radius:0px; '><section class=\"av_textblock_section \"  itemscope=\"itemscope\" itemtype=\"https:\/\/schema.org\/BlogPosting\" itemprop=\"blogPost\" ><div class='avia_textblock  '   itemprop=\"text\" ><p style=\"text-align: justify;\">En sesi\u00f3n ordinaria del Concejo Municipal de Ays\u00e9n se aprob\u00f3 la celebraci\u00f3n del contrato para la \u201cAdquisici\u00f3n de Equipamiento Deportivo para el Desarrollo del Ciclismo en la Comuna de Ays\u00e9n\u201d, iniciativa que contempla una inversi\u00f3n de <strong>$138.040.000<\/strong>, financiada por el Gobierno Regional.<\/p>\n<p style=\"text-align: justify;\">El proyecto tiene como objetivo fortalecer y promover la pr\u00e1ctica del ciclismo en la comuna, mediante la adquisici\u00f3n de bicicletas de alto rendimiento, de competici\u00f3n y formaci\u00f3n, adem\u00e1s de rodillos inteligentes y otros implementos especializados que permitir\u00e1n mejorar los procesos de entrenamiento.<\/p>\n<p style=\"text-align: justify;\">Esta inversi\u00f3n permitir\u00e1 potenciar el trabajo que actualmente se desarrolla a trav\u00e9s de talleres deportivos en distintas localidades, beneficiando directamente a la comunidad ciclista local y generando mayores oportunidades para ni\u00f1os, ni\u00f1as, j\u00f3venes y adultos que practican esta disciplina.<\/p>\n<p style=\"text-align: justify;\">El presidente del Club de Ciclismo de Puerto Ays\u00e9n, Jorge Oyarz\u00fan, valor\u00f3 la aprobaci\u00f3n del proyecto se\u00f1alando que, \u201cpara nosotros como club este es un paso gigantesco, no solo en lo econ\u00f3mico, sino porque demuestra la motivaci\u00f3n de nuestras autoridades comunales, del alcalde, los concejales y todo el equipo municipal que trabaj\u00f3 en este proyecto\u201d.<\/p>\n<p style=\"text-align: justify;\">Desde el municipio destacaron que la iniciativa no solo busca mejorar el equipamiento disponible, sino tambi\u00e9n fomentar el ciclismo inclusivo y el desarrollo deportivo comunal, entregando herramientas concretas para que m\u00e1s personas puedan acceder a una pr\u00e1ctica segura, formativa y competitiva.<\/p>\n<p style=\"text-align: justify;\">El alcalde de Ays\u00e9n, Luis Mart\u00ednez, expres\u00f3 que, \u201ccuando uno entiende que el equipamiento es fundamental, se toman decisiones importantes. Hoy nuestro Concejo Municipal ha aprobado un proyecto de m\u00e1s de 138 millones de pesos que viene a fortalecer esta disciplina. Esperamos que sea un aliciente para que en el tiempo sigamos creyendo que el deporte es el camino para vivir en comunidad y con felicidad\u201d.<\/p>\n<p style=\"text-align: justify;\">La iniciativa forma parte del trabajo planificado por la actual administraci\u00f3n para dar mayor relevancia a la disciplina del pedal. En ese contexto, el a\u00f1o pasado se incorpor\u00f3 como profesor de la Corporaci\u00f3n del Deporte al referente nacional del ciclismo, Jos\u00e9 Luis \u201cPipo\u201d Rodr\u00edguez, quien actualmente desarrolla talleres formativos para j\u00f3venes de la comuna.<\/p>\n<p style=\"text-align: justify;\">El destacado deportista valor\u00f3 su experiencia en Puerto Ays\u00e9n se\u00f1alando, \u201cYo como veterano ciclista estoy s\u00faper contento, primero que todo por esta segunda oportunidad que me dio Ays\u00e9n. El a\u00f1o pasado estaba cortando pasto y hoy estoy ac\u00e1 pudiendo volver a competir, incluso siendo llamado a la selecci\u00f3n\u00bb.<\/p>\n<p style=\"text-align: justify;\">\u201cAs\u00ed que muy agradecido con la Corporaci\u00f3n, con el Club de Ciclismo, con el alcalde y con toda la gente que me ha entregado un cari\u00f1o enorme. Y sobre todo, qu\u00e9 mejor que poder traspasar los conocimientos a muchos j\u00f3venes talentos que vienen detr\u00e1s, ya que tengo un mont\u00f3n de ni\u00f1os y j\u00f3venes que van a ir alimentando el club. La idea es que sigan creciendo, se formen y contin\u00faen pedaleando con proyecci\u00f3n\u201d, finaliz\u00f3 el deportista nacional.<\/p>\n<p style=\"text-align: justify;\">En definitiva, esta aprobaci\u00f3n y las recientes iniciativas realizadas, la Municipalidad de Ays\u00e9n reafirma su compromiso con el deporte como motor de salud, integraci\u00f3n y desarrollo comunitario, impulsando espacios que promuevan estilos de vida activos y el fortalecimiento de talentos locales.<\/p>\n<\/div><\/section><\/div><div  style='height:50px' class='hr hr-invisible   avia-builder-el-6  el_after_av_one_full  el_before_av_social_share '><span class='hr-inner ' ><span class='hr-inner-style'><\/span><\/span><\/div><\/p>\n<div  class='av-social-sharing-box  avia-builder-el-7  el_after_av_hr  el_before_av_hr  '><div class='av-share-box'><h5 class='av-share-link-description av-no-toc '>Compartir esta noticia<\/h5><ul class='av-share-box-list noLightbox'><li class='av-share-link av-social-link-facebook' ><a target=\"_blank\" aria-label=\"Compartir en Facebook\" href='https:\/\/www.facebook.com\/sharer.php?u=https:\/\/radiorevelacionfm.cl\/?p=64401&#038;t=Aprueban%20millonaria%20inversi%C3%B3n%20para%20fortalecer%20el%20ciclismo%20en%20la%20comuna%20de%20Ays%C3%A9n' aria-hidden='false' data-av_icon='\ue8f3' data-av_iconfont='entypo-fontello' title='' data-avia-related-tooltip='Compartir en Facebook' rel=\"noopener\"><span class='avia_hidden_link_text'>Compartir en Facebook<\/span><\/a><\/li><li class='av-share-link av-social-link-twitter' ><a target=\"_blank\" aria-label=\"Compartir en Twitter\" href='https:\/\/twitter.com\/share?text=Aprueban%20millonaria%20inversi%C3%B3n%20para%20fortalecer%20el%20ciclismo%20en%20la%20comuna%20de%20Ays%C3%A9n&#038;url=https:\/\/radiorevelacionfm.cl\/?p=64401' aria-hidden='false' data-av_icon='\ue8f1' data-av_iconfont='entypo-fontello' title='' data-avia-related-tooltip='Compartir en Twitter' rel=\"noopener\"><span class='avia_hidden_link_text'>Compartir en Twitter<\/span><\/a><\/li><li class='av-share-link av-social-link-whatsapp' ><a target=\"_blank\" aria-label=\"Compartir en Whatsapp\" href='https:\/\/api.whatsapp.com\/send?text=https:\/\/radiorevelacionfm.cl\/?p=64401' aria-hidden='false' data-av_icon='\uf232' data-av_iconfont='entypo-fontello' title='' data-avia-related-tooltip='Compartir en Whatsapp' rel=\"noopener\"><span class='avia_hidden_link_text'>Compartir en Whatsapp<\/span><\/a><\/li><li class='av-share-link av-social-link-linkedin' ><a target=\"_blank\" aria-label=\"Compartir en LinkedIn\" href='https:\/\/linkedin.com\/shareArticle?mini=true&#038;title=Aprueban%20millonaria%20inversi%C3%B3n%20para%20fortalecer%20el%20ciclismo%20en%20la%20comuna%20de%20Ays%C3%A9n&#038;url=https:\/\/radiorevelacionfm.cl\/?p=64401' aria-hidden='false' data-av_icon='\ue8fc' data-av_iconfont='entypo-fontello' title='' data-avia-related-tooltip='Compartir en LinkedIn' rel=\"noopener\"><span class='avia_hidden_link_text'>Compartir en LinkedIn<\/span><\/a><\/li><li class='av-share-link av-social-link-mail' ><a  aria-label=\"Compartir por correo\" href='mailto:?subject=Aprueban%20millonaria%20inversi%C3%B3n%20para%20fortalecer%20el%20ciclismo%20en%20la%20comuna%20de%20Ays%C3%A9n&#038;body=https:\/\/radiorevelacionfm.cl\/?p=64401' aria-hidden='false' data-av_icon='\ue805' data-av_iconfont='entypo-fontello' title='' data-avia-related-tooltip='Compartir por correo'><span class='avia_hidden_link_text'>Compartir por correo<\/span><\/a><\/li><\/ul><\/div><\/div>\n<div  style='height:50px' class='hr hr-invisible   avia-builder-el-8  el_after_av_social_share  el_before_av_comments_list '><span class='hr-inner ' ><span class='hr-inner-style'><\/span><\/span><\/div>\n<div  class='av-buildercomment  av-blog-meta-html-info-disabled av-blog-meta-tag-disabled  '><\/div>\n","protected":false},"excerpt":{"rendered":"","protected":false},"author":1,"featured_media":64402,"comment_status":"closed","ping_status":"closed","sticky":false,"template":"","format":"standard","meta":{"footnotes":""},"categories":[38],"tags":[],"class_list":["post-64401","post","type-post","status-publish","format-standard","has-post-thumbnail","hentry","category-regional"],"jetpack_featured_media_url":"https:\/\/radiorevelacionfm.cl\/wp-content\/uploads\/2026\/02\/aprobacion-equipamiento-ciclismo-2-1-1.jpg","_links":{"self":[{"href":"https:\/\/radiorevelacionfm.cl\/index.php?rest_route=\/wp\/v2\/posts\/64401","targetHints":{"allow":["GET"]}}],"collection":[{"href":"https:\/\/radiorevelacionfm.cl\/index.php?rest_route=\/wp\/v2\/posts"}],"about":[{"href":"https:\/\/radiorevelacionfm.cl\/index.php?rest_route=\/wp\/v2\/types\/post"}],"author":[{"embeddable":true,"href":"https:\/\/radiorevelacionfm.cl\/index.php?rest_route=\/wp\/v2\/users\/1"}],"replies":[{"embeddable":true,"href":"https:\/\/radiorevelacionfm.cl\/index.php?rest_route=%2Fwp%2Fv2%2Fcomments&post=64401"}],"version-history":[{"count":2,"href":"https:\/\/radiorevelacionfm.cl\/index.php?rest_route=\/wp\/v2\/posts\/64401\/revisions"}],"predecessor-version":[{"id":64404,"href":"https:\/\/radiorevelacionfm.cl\/index.php?rest_route=\/wp\/v2\/posts\/64401\/revisions\/64404"}],"wp:featuredmedia":[{"embeddable":true,"href":"https:\/\/radiorevelacionfm.cl\/index.php?rest_route=\/wp\/v2\/media\/64402"}],"wp:attachment":[{"href":"https:\/\/radiorevelacionfm.cl\/index.php?rest_route=%2Fwp%2Fv2%2Fmedia&parent=64401"}],"wp:term":[{"taxonomy":"category","embeddable":true,"href":"https:\/\/radiorevelacionfm.cl\/index.php?rest_route=%2Fwp%2Fv2%2Fcategories&post=64401"},{"taxonomy":"post_tag","embeddable":true,"href":"https:\/\/radiorevelacionfm.cl\/index.php?rest_route=%2Fwp%2Fv2%2Ftags&post=64401"}],"curies":[{"name":"wp","href":"https:\/\/api.w.org\/{rel}","templated":true}]}}