{"id":64394,"date":"2026-02-19T18:01:28","date_gmt":"2026-02-19T21:01:28","guid":{"rendered":"https:\/\/radiorevelacionfm.cl\/?p=64394"},"modified":"2026-02-19T18:01:28","modified_gmt":"2026-02-19T21:01:28","slug":"sence-aysen-invita-a-postular-al-programa-graduate-y-abre-inscripciones-para-rendir-examenes-libres","status":"publish","type":"post","link":"https:\/\/radiorevelacionfm.cl\/?p=64394","title":{"rendered":"Sence Ays\u00e9n invita a postular al Programa Grad\u00faate y abre inscripciones para rendir ex\u00e1menes libres"},"content":{"rendered":"<div class=\"flex_column av_one_full  flex_column_div av-zero-column-padding first  avia-builder-el-0  el_before_av_one_full  avia-builder-el-first  \" style='border-radius:0px; '><div  class='avia-image-container  av-styling-    avia-builder-el-1  avia-builder-el-no-sibling  avia-align-center '  itemprop=\"image\" itemscope=\"itemscope\" itemtype=\"https:\/\/schema.org\/ImageObject\"  ><div class='avia-image-container-inner'><div class='avia-image-overlay-wrap'><img decoding=\"async\" class='wp-image-64395 avia-img-lazy-loading-not-64395 avia_image' src=\"https:\/\/radiorevelacionfm.cl\/wp-content\/uploads\/2026\/02\/Graduate-1-1.jpeg\" alt='' title='Grad\u00faate (1) (1)' height=\"1000\" width=\"800\"  itemprop=\"thumbnailUrl\" srcset=\"https:\/\/radiorevelacionfm.cl\/wp-content\/uploads\/2026\/02\/Graduate-1-1.jpeg 800w, https:\/\/radiorevelacionfm.cl\/wp-content\/uploads\/2026\/02\/Graduate-1-1-240x300.jpeg 240w, https:\/\/radiorevelacionfm.cl\/wp-content\/uploads\/2026\/02\/Graduate-1-1-768x960.jpeg 768w, https:\/\/radiorevelacionfm.cl\/wp-content\/uploads\/2026\/02\/Graduate-1-1-564x705.jpeg 564w, https:\/\/radiorevelacionfm.cl\/wp-content\/uploads\/2026\/02\/Graduate-1-1-450x563.jpeg 450w, https:\/\/radiorevelacionfm.cl\/wp-content\/uploads\/2026\/02\/Graduate-1-1-600x750.jpeg 600w\" sizes=\"(max-width: 800px) 100vw, 800px\" \/><\/div><\/div><\/div><\/div><div class=\"flex_column av_one_full  flex_column_div av-zero-column-padding first  avia-builder-el-2  el_after_av_one_full  el_before_av_one_full  column-top-margin\" style='border-radius:0px; '><section class=\"av_textblock_section \"  itemscope=\"itemscope\" itemtype=\"https:\/\/schema.org\/BlogPosting\" itemprop=\"blogPost\" ><div class='avia_textblock  '   itemprop=\"text\" ><p style=\"text-align: center;\"><strong><span style=\"font-size: 18pt;\">Sence Ays\u00e9n invita a postular al Programa Grad\u00faate y abre inscripciones para rendir ex\u00e1menes libres<\/span><\/strong><\/p>\n<div id=\"gtx-trans\" style=\"position: absolute; left: -50px; top: 4.31534px;\">\n<div class=\"gtx-trans-icon\"><\/div>\n<\/div>\n<\/div><\/section><\/div><div class=\"flex_column av_one_full  flex_column_div av-zero-column-padding first  avia-builder-el-4  el_after_av_one_full  el_before_av_hr  column-top-margin\" style='border-radius:0px; '><section class=\"av_textblock_section \"  itemscope=\"itemscope\" itemtype=\"https:\/\/schema.org\/BlogPosting\" itemprop=\"blogPost\" ><div class='avia_textblock  '   itemprop=\"text\" ><p style=\"text-align: justify;\">El Servicio Nacional de Capacitaci\u00f3n y Empleo (SENCE) invita a j\u00f3venes y personas adultas de la regi\u00f3n a participar del Programa Grad\u00faate, iniciativa que busca apoyar a quienes no han finalizado su educaci\u00f3n b\u00e1sica o media, prepar\u00e1ndolos para rendir los ex\u00e1menes libres del Ministerio de Educaci\u00f3n en sus modalidades de fines laborales y continuidad de estudios, contribuyendo as\u00ed a mejorar su empleabilidad y potenciar sus trayectorias laborales.<\/p>\n<p style=\"text-align: justify;\">La plataforma ofrece acceso a la preparaci\u00f3n de ex\u00e1menes de nivelaci\u00f3n de estudios, por medio de material asincr\u00f3nico y disponible las 24 horas del d\u00eda, 7 d\u00edas a la semana. De esta manera, las personas deber\u00e1n ingresar a <a href=\"http:\/\/www.sence.cl\">www.sence.cl<\/a>, y seleccionar la modalidad en que desean prepararse en nuestra p\u00e1gina, para luego inscribirse con su RUN y Clave\u00danica y ser redirigidos autom\u00e1ticamente al plan de estudios que eligieron.<\/p>\n<p style=\"text-align: justify;\">La directora regional (S) del SENCE, Evelyn Medina Garc\u00eda, destac\u00f3 la relevancia de esta convocatoria se\u00f1alando que, \u201cComo SENCE estamos comprometidos con ampliar las oportunidades de las personas que, por distintas razones, no pudieron finalizar su educaci\u00f3n formal. A trav\u00e9s de este programa buscamos acompa\u00f1arlas en su preparaci\u00f3n para rendir los ex\u00e1menes libres, fortaleciendo sus competencias y mejorando sus posibilidades de inserci\u00f3n y desarrollo laboral. Invitamos a la comunidad a informarse y postular dentro de los plazos establecidos. Los requisitos para postular son; ser mayor de 18 a\u00f1os, contar con clave \u00fanica y tener run chileno vigente. Tenemos dos modalidades, una para fines laborales y otra para continuidad de estudios\u201d puntualiz\u00f3.<\/p>\n<p style=\"text-align: justify;\">Es importante indicar que independiente de la inscripci\u00f3n en la plataforma Grad\u00faate, las personas deber\u00e1n inscribirse en el sitio web del Ministerio de Educaci\u00f3n para ser habilitados en la rendici\u00f3n de ex\u00e1menes. La inscripci\u00f3n en cualquiera de sus modalidades se realiza en los plazos indicados a continuaci\u00f3n:<\/p>\n<p style=\"text-align: justify;\"><strong>Fines Laborales:<\/strong><\/p>\n<table width=\"405\">\n<tbody>\n<tr>\n<td colspan=\"2\" width=\"405\"><strong>Fechas proceso 2026<\/strong><\/td>\n<\/tr>\n<tr>\n<td width=\"209\"><strong>Per\u00edodos de inscripci\u00f3n<\/strong><\/td>\n<td width=\"196\"><strong>Fecha aplicaci\u00f3n de pruebas<\/strong><\/td>\n<\/tr>\n<tr>\n<td width=\"209\">06 al 24\u00a0de abril<\/td>\n<td width=\"196\">03 al 07 de junio<\/td>\n<\/tr>\n<tr>\n<td width=\"209\">25 de mayo al 12 de junio<\/td>\n<td width=\"196\">05 al 09 de agosto<\/td>\n<\/tr>\n<tr>\n<td width=\"209\">11 al 31 de agosto<\/td>\n<td width=\"196\">7 al 11 de octubre<\/td>\n<\/tr>\n<\/tbody>\n<\/table>\n<p style=\"text-align: justify;\"><strong>Continuidad de estudios:<\/strong><\/p>\n<table>\n<tbody>\n<tr>\n<td colspan=\"2\" width=\"405\"><strong>Fechas proceso 2026<\/strong><\/td>\n<\/tr>\n<tr>\n<td width=\"209\"><strong>Per\u00edodos de inscripci\u00f3n<\/strong><\/td>\n<td width=\"196\"><strong>Fecha aplicaci\u00f3n de pruebas<\/strong><\/td>\n<\/tr>\n<tr>\n<td width=\"209\">06 al 24 de abril<\/td>\n<td width=\"196\">03 al 07 de junio<\/td>\n<\/tr>\n<tr>\n<td width=\"209\">01 al 22 de julio<\/td>\n<td width=\"196\">07 al 11 de octubre<\/td>\n<\/tr>\n<\/tbody>\n<\/table>\n<p style=\"text-align: justify;\">Desde la instituci\u00f3n reiteraron el llamado a revisar oportunamente los requisitos y fechas de inscripci\u00f3n, destacando que finalizar la educaci\u00f3n b\u00e1sica o media representa un paso fundamental para acceder a mejores oportunidades laborales y de formaci\u00f3n. Las inscripciones y el acceso a informaci\u00f3n detallada se encuentran disponibles en el sitio web oficial: <a href=\"http:\/\/www.sence.cl\">www.sence.cl<\/a> o en nuestras oficinas en Coyhaique y Puerto Ays\u00e9n.<\/p>\n<\/div><\/section><\/div><div  style='height:50px' class='hr hr-invisible   avia-builder-el-6  el_after_av_one_full  el_before_av_social_share '><span class='hr-inner ' ><span class='hr-inner-style'><\/span><\/span><\/div><\/p>\n<div  class='av-social-sharing-box  avia-builder-el-7  el_after_av_hr  el_before_av_hr  '><div class='av-share-box'><h5 class='av-share-link-description av-no-toc '>Compartir esta noticia<\/h5><ul class='av-share-box-list noLightbox'><li class='av-share-link av-social-link-facebook' ><a target=\"_blank\" aria-label=\"Compartir en Facebook\" href='https:\/\/www.facebook.com\/sharer.php?u=https:\/\/radiorevelacionfm.cl\/?p=64394&#038;t=Sence%20Ays%C3%A9n%20invita%20a%20postular%20al%20Programa%20Grad%C3%BAate%20y%20abre%20inscripciones%20para%20rendir%20ex%C3%A1menes%20libres' aria-hidden='false' data-av_icon='\ue8f3' data-av_iconfont='entypo-fontello' title='' data-avia-related-tooltip='Compartir en Facebook' rel=\"noopener\"><span class='avia_hidden_link_text'>Compartir en Facebook<\/span><\/a><\/li><li class='av-share-link av-social-link-twitter' ><a target=\"_blank\" aria-label=\"Compartir en Twitter\" href='https:\/\/twitter.com\/share?text=Sence%20Ays%C3%A9n%20invita%20a%20postular%20al%20Programa%20Grad%C3%BAate%20y%20abre%20inscripciones%20para%20rendir%20ex%C3%A1menes%20libres&#038;url=https:\/\/radiorevelacionfm.cl\/?p=64394' aria-hidden='false' data-av_icon='\ue8f1' data-av_iconfont='entypo-fontello' title='' data-avia-related-tooltip='Compartir en Twitter' rel=\"noopener\"><span class='avia_hidden_link_text'>Compartir en Twitter<\/span><\/a><\/li><li class='av-share-link av-social-link-whatsapp' ><a target=\"_blank\" aria-label=\"Compartir en Whatsapp\" href='https:\/\/api.whatsapp.com\/send?text=https:\/\/radiorevelacionfm.cl\/?p=64394' aria-hidden='false' data-av_icon='\uf232' data-av_iconfont='entypo-fontello' title='' data-avia-related-tooltip='Compartir en Whatsapp' rel=\"noopener\"><span class='avia_hidden_link_text'>Compartir en Whatsapp<\/span><\/a><\/li><li class='av-share-link av-social-link-linkedin' ><a target=\"_blank\" aria-label=\"Compartir en LinkedIn\" href='https:\/\/linkedin.com\/shareArticle?mini=true&#038;title=Sence%20Ays%C3%A9n%20invita%20a%20postular%20al%20Programa%20Grad%C3%BAate%20y%20abre%20inscripciones%20para%20rendir%20ex%C3%A1menes%20libres&#038;url=https:\/\/radiorevelacionfm.cl\/?p=64394' aria-hidden='false' data-av_icon='\ue8fc' data-av_iconfont='entypo-fontello' title='' data-avia-related-tooltip='Compartir en LinkedIn' rel=\"noopener\"><span class='avia_hidden_link_text'>Compartir en LinkedIn<\/span><\/a><\/li><li class='av-share-link av-social-link-mail' ><a  aria-label=\"Compartir por correo\" href='mailto:?subject=Sence%20Ays%C3%A9n%20invita%20a%20postular%20al%20Programa%20Grad%C3%BAate%20y%20abre%20inscripciones%20para%20rendir%20ex%C3%A1menes%20libres&#038;body=https:\/\/radiorevelacionfm.cl\/?p=64394' aria-hidden='false' data-av_icon='\ue805' data-av_iconfont='entypo-fontello' title='' data-avia-related-tooltip='Compartir por correo'><span class='avia_hidden_link_text'>Compartir por correo<\/span><\/a><\/li><\/ul><\/div><\/div>\n<div  style='height:50px' class='hr hr-invisible   avia-builder-el-8  el_after_av_social_share  el_before_av_comments_list '><span class='hr-inner ' ><span class='hr-inner-style'><\/span><\/span><\/div>\n<div  class='av-buildercomment  av-blog-meta-html-info-disabled av-blog-meta-tag-disabled  '><\/div>\n","protected":false},"excerpt":{"rendered":"","protected":false},"author":1,"featured_media":64395,"comment_status":"closed","ping_status":"closed","sticky":false,"template":"","format":"standard","meta":{"footnotes":""},"categories":[56],"tags":[],"class_list":["post-64394","post","type-post","status-publish","format-standard","has-post-thumbnail","hentry","category-trabajo"],"jetpack_featured_media_url":"https:\/\/radiorevelacionfm.cl\/wp-content\/uploads\/2026\/02\/Graduate-1-1.jpeg","_links":{"self":[{"href":"https:\/\/radiorevelacionfm.cl\/index.php?rest_route=\/wp\/v2\/posts\/64394","targetHints":{"allow":["GET"]}}],"collection":[{"href":"https:\/\/radiorevelacionfm.cl\/index.php?rest_route=\/wp\/v2\/posts"}],"about":[{"href":"https:\/\/radiorevelacionfm.cl\/index.php?rest_route=\/wp\/v2\/types\/post"}],"author":[{"embeddable":true,"href":"https:\/\/radiorevelacionfm.cl\/index.php?rest_route=\/wp\/v2\/users\/1"}],"replies":[{"embeddable":true,"href":"https:\/\/radiorevelacionfm.cl\/index.php?rest_route=%2Fwp%2Fv2%2Fcomments&post=64394"}],"version-history":[{"count":2,"href":"https:\/\/radiorevelacionfm.cl\/index.php?rest_route=\/wp\/v2\/posts\/64394\/revisions"}],"predecessor-version":[{"id":64400,"href":"https:\/\/radiorevelacionfm.cl\/index.php?rest_route=\/wp\/v2\/posts\/64394\/revisions\/64400"}],"wp:featuredmedia":[{"embeddable":true,"href":"https:\/\/radiorevelacionfm.cl\/index.php?rest_route=\/wp\/v2\/media\/64395"}],"wp:attachment":[{"href":"https:\/\/radiorevelacionfm.cl\/index.php?rest_route=%2Fwp%2Fv2%2Fmedia&parent=64394"}],"wp:term":[{"taxonomy":"category","embeddable":true,"href":"https:\/\/radiorevelacionfm.cl\/index.php?rest_route=%2Fwp%2Fv2%2Fcategories&post=64394"},{"taxonomy":"post_tag","embeddable":true,"href":"https:\/\/radiorevelacionfm.cl\/index.php?rest_route=%2Fwp%2Fv2%2Ftags&post=64394"}],"curies":[{"name":"wp","href":"https:\/\/api.w.org\/{rel}","templated":true}]}}