{"id":6439,"date":"2021-07-20T11:05:30","date_gmt":"2021-07-20T14:05:30","guid":{"rendered":"https:\/\/radiorevelacionfm.cl\/?p=6439"},"modified":"2021-07-20T11:13:37","modified_gmt":"2021-07-20T14:13:37","slug":"como-el-covid-cambio-nuestras-vidas","status":"publish","type":"post","link":"https:\/\/radiorevelacionfm.cl\/?p=6439","title":{"rendered":"C\u00f3mo el COVID cambi\u00f3 nuestras vidas"},"content":{"rendered":"<div class=\"flex_column av_one_full  flex_column_div av-zero-column-padding first  avia-builder-el-0  el_before_av_one_full  avia-builder-el-first  \" style='border-radius:0px; '><div  class='avia-image-container  av-styling-    avia-builder-el-1  avia-builder-el-no-sibling  avia-align-center '  itemprop=\"image\" itemscope=\"itemscope\" itemtype=\"https:\/\/schema.org\/ImageObject\"  ><div class='avia-image-container-inner'><div class='avia-image-overlay-wrap'><img decoding=\"async\" class='wp-image-6441 avia-img-lazy-loading-not-6441 avia_image' src=\"https:\/\/radiorevelacionfm.cl\/wp-content\/uploads\/2021\/07\/Tamara-Manriquez_UCI-1-1.jpg\" alt='' title='Tamara Manriquez_UCI (1) (1)' height=\"600\" width=\"439\"  itemprop=\"thumbnailUrl\" srcset=\"https:\/\/radiorevelacionfm.cl\/wp-content\/uploads\/2021\/07\/Tamara-Manriquez_UCI-1-1.jpg 439w, https:\/\/radiorevelacionfm.cl\/wp-content\/uploads\/2021\/07\/Tamara-Manriquez_UCI-1-1-220x300.jpg 220w\" sizes=\"(max-width: 439px) 100vw, 439px\" \/><\/div><\/div><\/div><\/div><div class=\"flex_column av_one_full  flex_column_div av-zero-column-padding first  avia-builder-el-2  el_after_av_one_full  el_before_av_one_full  column-top-margin\" style='border-radius:0px; '><section class=\"av_textblock_section \"  itemscope=\"itemscope\" itemtype=\"https:\/\/schema.org\/BlogPosting\" itemprop=\"blogPost\" ><div class='avia_textblock  '   itemprop=\"text\" ><p style=\"text-align: center;\"><span style=\"font-size: 18pt;\"><strong>C\u00f3mo el COVID cambi\u00f3 nuestras vidas<\/strong><\/span><\/p>\n<div id=\"gtx-trans\" style=\"position: absolute; left: -50px; top: 4.31534px;\">\n<div class=\"gtx-trans-icon\"><\/div>\n<\/div>\n<\/div><\/section><\/div><\/p>\n<div class=\"flex_column av_one_full  flex_column_div av-zero-column-padding first  avia-builder-el-4  el_after_av_one_full  el_before_av_hr  column-top-margin\" style='border-radius:0px; '><section class=\"av_textblock_section \"  itemscope=\"itemscope\" itemtype=\"https:\/\/schema.org\/BlogPosting\" itemprop=\"blogPost\" ><div class='avia_textblock  '   itemprop=\"text\" ><p style=\"text-align: justify;\"><em>Tamara Manr\u00edquez Quintana. <\/em><em>Enfermera Jefe Unidad de Cuidados Intensivos (UCI) del Hospital Regional Coyhaique.<\/em><\/p>\n<p style=\"text-align: justify;\">Es enero del a\u00f1o 2020 y en las noticias internacionales comienzan a informar la aparici\u00f3n de un nuevo virus en Wuhan, un peque\u00f1o pueblo de China. A\u00fan recuerdo que poco tiempo despu\u00e9s se nos cit\u00f3 a una reuni\u00f3n, por parte de la Seremi de Salud Ays\u00e9n, para informarnos de este virus. Fue por primera vez que escuchamos hablar del SARS COV2, que produc\u00eda una enfermedad llamada COVID-19, que causaba insuficiencia respiratoria grave y que estaba causando estragos en la poblaci\u00f3n, incluyendo muertes, principalmente adultos mayores. Creo que los que asistimos a esa reuni\u00f3n nunca llegamos a dimensionar lo que se vendr\u00eda en adelante y que el COVID-19 cambiar\u00eda radicalmente nuestras vidas.<\/p>\n<p style=\"text-align: justify;\">Desde ah\u00ed comenz\u00f3 una vertiginosa carrera: el virus se comenz\u00f3 a esparcir por el mundo, y en marzo ya est\u00e1bamos en medio de una pandemia. Se recib\u00eda mucha informaci\u00f3n, de todas partes del mundo, no hab\u00eda mucha certeza de nada, era un virus nuevo, poco se conoc\u00eda de su comportamiento, hab\u00eda mucho temor, p\u00e1nico colectivo, gente que no cre\u00eda que esto era verdad -incluso a\u00fan no creen- y ni hablar de las teor\u00edas conspirativas. Lo cierto y lo concreto es que, pese a nuestros propios temores, como \u00fanico equipo de Unidad de Cuidados Intensivos (UCI) de la regi\u00f3n, debimos comenzar a prepararnos para poder recibir a pacientes con COVID, requiriendo mucho estudio y mucha preparaci\u00f3n log\u00edstica.<\/p>\n<p style=\"text-align: justify;\">Desde que lleg\u00f3 la primera paciente a la UCI del Hospital Regional Coyhaique en junio del a\u00f1o pasado, no hemos parado. A la fecha, hemos atendido alrededor de 160 pacientes con ventilaci\u00f3n mec\u00e1nica invasiva, todos con un factor com\u00fan: muy graves y con un pron\u00f3stico incierto. Gracias a los excelentes cuidados tanto m\u00e9dicos como de enfermer\u00eda, la mortalidad, en comparaci\u00f3n a otras unidades de cuidados intensivos del pa\u00eds, es baja. Pero esto no ha sido gratis; el cuidado de estos pacientes, que por su gravedad requieren m\u00e1s atenci\u00f3n que un paciente grave de cualquier otra patolog\u00eda, ha producido un desgaste f\u00edsico y emocional al equipo. Hemos sentido miedo de contagiarnos y contagiar a nuestras familias, hemos sentido la frustraci\u00f3n de ver c\u00f3mo la gente, en general, no hace caso a las medidas de prevenci\u00f3n. Cada vez que sale la noticia de una junta clandestina o que no se cumplen las medidas de autocuidado y prevenci\u00f3n, sentimos una desvalorizaci\u00f3n de todo el trabajo y el esfuerzo que implica la atenci\u00f3n de pacientes con COVID, que si bien en un principio eran en su mayor\u00eda adultos mayores, durante este 2021 hemos visto nuestra sala repleta de personas entre 20 y 30 a\u00f1os, j\u00f3venes cuya vitalidad se congel\u00f3 por semanas conectados a un ventilador mec\u00e1nico que les permita seguir respirando. Sin duda, ha sido una experiencia devastadora.<\/p>\n<p style=\"text-align: justify;\">El COVID 19 cambi\u00f3 radicalmente la vida de todos los funcionarios hospitalarios alrededor del mundo, sobre todo de los que trabajamos en las unidades de paciente cr\u00edtico. Lamentablemente, estas transformaciones no son s\u00f3lo en el plano laboral, sino tambi\u00e9n desde el punto de vista social, teniendo que dejar de lado nuestras familias, hijos y amigos, sin posibilidad de poder reunirse como antes, sin posibilidades de poder tomar vacaciones cuando uno quiera si no cuando se pueda, sin posibilidades de viajar; en el caso de la UCI del Hospital Coyhaique, muchos de nuestros funcionarios no son \u201cnacidos y criados\u201d en Coyhaique, tienen a su familia fuera de la regi\u00f3n y no las han visto en m\u00e1s de un a\u00f1o y medio. Pero los que trabajamos en salud entendemos que es lo que nos toc\u00f3, y a pesar del desgaste f\u00edsico, mental y sobre todo emocional, intentamos enfrentarlo de la forma m\u00e1s profesional posible, independiente de lo que pudiese estar pasando con nuestras propias vidas.<\/p>\n<p style=\"text-align: justify;\">Una vez que se inicia el proceso de vacunaci\u00f3n, vemos una luz de esperanza de que esto puede mejorar y que m\u00e1s temprano que tarde podr\u00edamos volver a la vida que ten\u00edamos antes, pero para poder llegar a eso las personas deben vacunarse. Creo que la vacunaci\u00f3n se convierte en un deber social, de autocuidado y cuidado de los que nos rodean.<\/p>\n<p style=\"text-align: justify;\">Hemos debido hacer numerosos cambios en nuestra forma de trabajar, desde la cantidad de elementos de protecci\u00f3n personal que debemos usar en la atenci\u00f3n de nuestros pacientes, la forma de dar informaci\u00f3n a los familiares, hasta la forma en que nos relacionamos dentro de nuestros puestos de trabajo. Han sido meses duros para todos.<\/p>\n<p style=\"text-align: justify;\">Creo que la poblaci\u00f3n en general no sabe o no conoce toda la transformaci\u00f3n que debi\u00f3 sufrir el Hospital Regional Coyhaique para aumentar la cantidad de camas cr\u00edticas y as\u00ed poder dar respuesta a nuestros usuarios en los peores momentos de la pandemia. Por todos estos esfuerzos que se han realizado, el llamado a la comunidad es a vacunarse y a seguir manteniendo las medidas de autocuidado.<\/p>\n<p style=\"text-align: justify;\">Vencer esta pandemia es tarea de todos.<\/p>\n<\/div><\/section><\/div>\n<div  style='height:50px' class='hr hr-invisible   avia-builder-el-6  el_after_av_one_full  el_before_av_social_share '><span class='hr-inner ' ><span class='hr-inner-style'><\/span><\/span><\/div>\n<div  class='av-social-sharing-box  avia-builder-el-7  el_after_av_hr  el_before_av_hr  '><div class='av-share-box'><h5 class='av-share-link-description av-no-toc '>Compartir esta noticia<\/h5><ul class='av-share-box-list noLightbox'><li class='av-share-link av-social-link-facebook' ><a target=\"_blank\" aria-label=\"Compartir en Facebook\" href='https:\/\/www.facebook.com\/sharer.php?u=https:\/\/radiorevelacionfm.cl\/?p=6439&#038;t=C%C3%B3mo%20el%20COVID%20cambi%C3%B3%20nuestras%20vidas' aria-hidden='false' data-av_icon='\ue8f3' data-av_iconfont='entypo-fontello' title='' data-avia-related-tooltip='Compartir en Facebook' rel=\"noopener\"><span class='avia_hidden_link_text'>Compartir en Facebook<\/span><\/a><\/li><li class='av-share-link av-social-link-twitter' ><a target=\"_blank\" aria-label=\"Compartir en Twitter\" href='https:\/\/twitter.com\/share?text=C%C3%B3mo%20el%20COVID%20cambi%C3%B3%20nuestras%20vidas&#038;url=https:\/\/radiorevelacionfm.cl\/?p=6439' aria-hidden='false' data-av_icon='\ue8f1' data-av_iconfont='entypo-fontello' title='' data-avia-related-tooltip='Compartir en Twitter' rel=\"noopener\"><span class='avia_hidden_link_text'>Compartir en Twitter<\/span><\/a><\/li><li class='av-share-link av-social-link-whatsapp' ><a target=\"_blank\" aria-label=\"Compartir en Whatsapp\" href='https:\/\/api.whatsapp.com\/send?text=https:\/\/radiorevelacionfm.cl\/?p=6439' aria-hidden='false' data-av_icon='\uf232' data-av_iconfont='entypo-fontello' title='' data-avia-related-tooltip='Compartir en Whatsapp' rel=\"noopener\"><span class='avia_hidden_link_text'>Compartir en Whatsapp<\/span><\/a><\/li><li class='av-share-link av-social-link-linkedin' ><a target=\"_blank\" aria-label=\"Compartir en LinkedIn\" href='https:\/\/linkedin.com\/shareArticle?mini=true&#038;title=C%C3%B3mo%20el%20COVID%20cambi%C3%B3%20nuestras%20vidas&#038;url=https:\/\/radiorevelacionfm.cl\/?p=6439' aria-hidden='false' data-av_icon='\ue8fc' data-av_iconfont='entypo-fontello' title='' data-avia-related-tooltip='Compartir en LinkedIn' rel=\"noopener\"><span class='avia_hidden_link_text'>Compartir en LinkedIn<\/span><\/a><\/li><li class='av-share-link av-social-link-mail' ><a  aria-label=\"Compartir por correo\" href='mailto:?subject=C%C3%B3mo%20el%20COVID%20cambi%C3%B3%20nuestras%20vidas&#038;body=https:\/\/radiorevelacionfm.cl\/?p=6439' aria-hidden='false' data-av_icon='\ue805' data-av_iconfont='entypo-fontello' title='' data-avia-related-tooltip='Compartir por correo'><span class='avia_hidden_link_text'>Compartir por correo<\/span><\/a><\/li><\/ul><\/div><\/div>\n<div  style='height:50px' class='hr hr-invisible   avia-builder-el-8  el_after_av_social_share  el_before_av_comments_list '><span class='hr-inner ' ><span class='hr-inner-style'><\/span><\/span><\/div>\n<div  class='av-buildercomment  av-blog-meta-html-info-disabled av-blog-meta-tag-disabled  '><\/div>\n","protected":false},"excerpt":{"rendered":"","protected":false},"author":1,"featured_media":6443,"comment_status":"open","ping_status":"open","sticky":false,"template":"","format":"standard","meta":{"footnotes":""},"categories":[46],"tags":[],"class_list":["post-6439","post","type-post","status-publish","format-standard","has-post-thumbnail","hentry","category-salud"],"jetpack_featured_media_url":"https:\/\/radiorevelacionfm.cl\/wp-content\/uploads\/2021\/07\/Tamara-Manriquez_UCIv1-1-1.jpg","_links":{"self":[{"href":"https:\/\/radiorevelacionfm.cl\/index.php?rest_route=\/wp\/v2\/posts\/6439","targetHints":{"allow":["GET"]}}],"collection":[{"href":"https:\/\/radiorevelacionfm.cl\/index.php?rest_route=\/wp\/v2\/posts"}],"about":[{"href":"https:\/\/radiorevelacionfm.cl\/index.php?rest_route=\/wp\/v2\/types\/post"}],"author":[{"embeddable":true,"href":"https:\/\/radiorevelacionfm.cl\/index.php?rest_route=\/wp\/v2\/users\/1"}],"replies":[{"embeddable":true,"href":"https:\/\/radiorevelacionfm.cl\/index.php?rest_route=%2Fwp%2Fv2%2Fcomments&post=6439"}],"version-history":[{"count":2,"href":"https:\/\/radiorevelacionfm.cl\/index.php?rest_route=\/wp\/v2\/posts\/6439\/revisions"}],"predecessor-version":[{"id":6442,"href":"https:\/\/radiorevelacionfm.cl\/index.php?rest_route=\/wp\/v2\/posts\/6439\/revisions\/6442"}],"wp:featuredmedia":[{"embeddable":true,"href":"https:\/\/radiorevelacionfm.cl\/index.php?rest_route=\/wp\/v2\/media\/6443"}],"wp:attachment":[{"href":"https:\/\/radiorevelacionfm.cl\/index.php?rest_route=%2Fwp%2Fv2%2Fmedia&parent=6439"}],"wp:term":[{"taxonomy":"category","embeddable":true,"href":"https:\/\/radiorevelacionfm.cl\/index.php?rest_route=%2Fwp%2Fv2%2Fcategories&post=6439"},{"taxonomy":"post_tag","embeddable":true,"href":"https:\/\/radiorevelacionfm.cl\/index.php?rest_route=%2Fwp%2Fv2%2Ftags&post=6439"}],"curies":[{"name":"wp","href":"https:\/\/api.w.org\/{rel}","templated":true}]}}