{"id":64376,"date":"2026-02-19T15:30:42","date_gmt":"2026-02-19T18:30:42","guid":{"rendered":"https:\/\/radiorevelacionfm.cl\/?p=64376"},"modified":"2026-02-19T15:30:42","modified_gmt":"2026-02-19T18:30:42","slug":"la-copa-academia-pumas-2026-vuelve-a-encender-el-verano-deportivo-en-aysen-coyhaique","status":"publish","type":"post","link":"https:\/\/radiorevelacionfm.cl\/?p=64376","title":{"rendered":"La Copa Academia Pumas 2026 vuelve a encender el verano deportivo en Ays\u00e9n-Coyhaique"},"content":{"rendered":"<div class=\"flex_column av_one_full  flex_column_div av-zero-column-padding first  avia-builder-el-0  el_before_av_one_full  avia-builder-el-first  \" style='border-radius:0px; '><div  class='avia-image-container  av-styling-    avia-builder-el-1  avia-builder-el-no-sibling  avia-align-center '  itemprop=\"image\" itemscope=\"itemscope\" itemtype=\"https:\/\/schema.org\/ImageObject\"  ><div class='avia-image-container-inner'><div class='avia-image-overlay-wrap'><img decoding=\"async\" class='wp-image-64377 avia-img-lazy-loading-not-64377 avia_image' src=\"https:\/\/radiorevelacionfm.cl\/wp-content\/uploads\/2026\/02\/whatsapp-image-2026-02-19-at-10_optimized.52.15-1-1.jpeg\" alt='' title='whatsapp-image-2026-02-19-at-10_optimized.52.15-(1) (1)' height=\"600\" width=\"800\"  itemprop=\"thumbnailUrl\" srcset=\"https:\/\/radiorevelacionfm.cl\/wp-content\/uploads\/2026\/02\/whatsapp-image-2026-02-19-at-10_optimized.52.15-1-1.jpeg 800w, https:\/\/radiorevelacionfm.cl\/wp-content\/uploads\/2026\/02\/whatsapp-image-2026-02-19-at-10_optimized.52.15-1-1-300x225.jpeg 300w, https:\/\/radiorevelacionfm.cl\/wp-content\/uploads\/2026\/02\/whatsapp-image-2026-02-19-at-10_optimized.52.15-1-1-768x576.jpeg 768w, https:\/\/radiorevelacionfm.cl\/wp-content\/uploads\/2026\/02\/whatsapp-image-2026-02-19-at-10_optimized.52.15-1-1-705x529.jpeg 705w, https:\/\/radiorevelacionfm.cl\/wp-content\/uploads\/2026\/02\/whatsapp-image-2026-02-19-at-10_optimized.52.15-1-1-450x338.jpeg 450w, https:\/\/radiorevelacionfm.cl\/wp-content\/uploads\/2026\/02\/whatsapp-image-2026-02-19-at-10_optimized.52.15-1-1-600x450.jpeg 600w\" sizes=\"(max-width: 800px) 100vw, 800px\" \/><\/div><\/div><\/div><\/div><div class=\"flex_column av_one_full  flex_column_div av-zero-column-padding first  avia-builder-el-2  el_after_av_one_full  el_before_av_one_full  column-top-margin\" style='border-radius:0px; '><section class=\"av_textblock_section \"  itemscope=\"itemscope\" itemtype=\"https:\/\/schema.org\/BlogPosting\" itemprop=\"blogPost\" ><div class='avia_textblock  '   itemprop=\"text\" ><p style=\"text-align: center;\"><strong><span style=\"font-size: 18pt;\">La Copa Academia Pumas 2026 vuelve a encender el verano deportivo en Ays\u00e9n-Coyhaique<\/span><\/strong><\/p>\n<div id=\"gtx-trans\" style=\"position: absolute; left: -50px; top: 4.31534px;\">\n<div class=\"gtx-trans-icon\"><\/div>\n<\/div>\n<\/div><\/section><\/div><div class=\"flex_column av_one_full  flex_column_div av-zero-column-padding first  avia-builder-el-4  el_after_av_one_full  el_before_av_hr  column-top-margin\" style='border-radius:0px; '><section class=\"av_textblock_section \"  itemscope=\"itemscope\" itemtype=\"https:\/\/schema.org\/BlogPosting\" itemprop=\"blogPost\" ><div class='avia_textblock  '   itemprop=\"text\" ><p style=\"text-align: justify;\">Los d\u00edas Viernes 20, 21 y 22 de febrero, el Gimnasio Uni\u00f3n Espa\u00f1ola ser\u00e1 el epicentro del voleibol regional con la realizaci\u00f3n de la 4\u00aa versi\u00f3n de la Copa Academia Pumas 2026, un torneo que ya se ha instalado como una tradici\u00f3n deportiva del verano en la regi\u00f3n de Ays\u00e9n.<\/p>\n<p style=\"text-align: justify;\">La Copa Pumas nace desde la autogesti\u00f3n, el compromiso comunitario y el trabajo colaborativo, contando con el apoyo de ONG y empresas privadas como Gimnasio Uni\u00f3n Espa\u00f1ola, Service Austral, Serrano Market, Vitasan, F&amp;R SpA y Servicio las lengas, venta de neum\u00e1ticos y mec\u00e1nica r\u00e1pida., Compa\u00f1\u00eda Vuelo Teatro y Teatro Austral, demostrando que cuando la comunidad se organiza, el deporte crece y se multiplica.<\/p>\n<p style=\"text-align: justify;\">El objetivo principal de este certamen es promover el desarrollo del voleibol en la regi\u00f3n de Ays\u00e9n, fortaleciendo sus distintas categor\u00edas competitivas y, al mismo tiempo, ampliar la parrilla de actividades recreativas durante la temporada estival, aportando un atractivo concreto al turismo local y a la vida activa de la ciudad.<\/p>\n<p style=\"text-align: justify;\">Cabe destacar que la Academia Pumas surge en abril de 2020, bajo la direcci\u00f3n t\u00e9cnica de Daniel Hern\u00e1ndez, iniciando su camino con entrenamientos para adultos varones. Con el paso de los a\u00f1os, el proyecto fue creciendo de manera org\u00e1nica, incorporando categor\u00edas juvenil damas y varones, alcanzando actualmente una participaci\u00f3n aproximada de 75 deportistas. En el a\u00f1o 2022, la organizaci\u00f3n se constituye legalmente como Club Deportivo y Social Academia de Voleibol Pumas, presidido por Ariel Mariqueo.<\/p>\n<p style=\"text-align: justify;\"><em>\u201cEste torneo refleja el esp\u00edritu con el que naci\u00f3 la Academia Pumas: trabajo colectivo, esfuerzo sostenido y amor por el voleibol. Para nosotros no es solo competir, es generar espacios de encuentro, de formaci\u00f3n y de proyecci\u00f3n deportiva para ni\u00f1as, ni\u00f1os, j\u00f3venes y adultos de la regi\u00f3n\u201d<\/em>, se\u00f1al\u00f3 <strong>Ariel Mariqueo<\/strong><strong>,<\/strong> presidente del Club Deportivo y Social Academia de Voleibol Pumas.<\/p>\n<p style=\"text-align: justify;\">En esta versi\u00f3n del campeonato participar\u00e1n <strong>alrededor de 140 deportistas de distintos puntos de la regi\u00f3n de Ays\u00e9n<\/strong>, dando vida a un torneo diverso, competitivo y profundamente representativo del voleibol regional. En la <strong>categor\u00eda damas<\/strong><strong>,<\/strong> dir\u00e1n presente los equipos Adelvol, Fogliatto, Club Voleibol Prat y Pumas, mientras que en la <strong>serie varones<\/strong> competir\u00e1n <strong>Pumas Adultos<\/strong> y <strong>Pumas Universitarios<\/strong>, junto a F\u00e9nix Adultos y F\u00e9nix Juvenil, adem\u00e1s de <strong>Adelvol Coyhaique<\/strong> y el <strong>Club Voleibol Prat de Cisnes<\/strong>, consolidando un encuentro que cruza generaciones, trayectorias y territorios. Esta amplia convocatoria reafirma el crecimiento sostenido del voleibol en la regi\u00f3n y posiciona a la Copa Academia Pumas como una vitrina clave para el desarrollo deportivo local, en pleno coraz\u00f3n del verano patag\u00f3nico.<\/p>\n<\/div><\/section><\/div><div  style='height:50px' class='hr hr-invisible   avia-builder-el-6  el_after_av_one_full  el_before_av_social_share '><span class='hr-inner ' ><span class='hr-inner-style'><\/span><\/span><\/div><\/p>\n<div  class='av-social-sharing-box  avia-builder-el-7  el_after_av_hr  el_before_av_hr  '><div class='av-share-box'><h5 class='av-share-link-description av-no-toc '>Compartir esta noticia<\/h5><ul class='av-share-box-list noLightbox'><li class='av-share-link av-social-link-facebook' ><a target=\"_blank\" aria-label=\"Compartir en Facebook\" href='https:\/\/www.facebook.com\/sharer.php?u=https:\/\/radiorevelacionfm.cl\/?p=64376&#038;t=La%20Copa%20Academia%20Pumas%202026%20vuelve%20a%20encender%20el%20verano%20deportivo%20en%20Ays%C3%A9n-Coyhaique' aria-hidden='false' data-av_icon='\ue8f3' data-av_iconfont='entypo-fontello' title='' data-avia-related-tooltip='Compartir en Facebook' rel=\"noopener\"><span class='avia_hidden_link_text'>Compartir en Facebook<\/span><\/a><\/li><li class='av-share-link av-social-link-twitter' ><a target=\"_blank\" aria-label=\"Compartir en Twitter\" href='https:\/\/twitter.com\/share?text=La%20Copa%20Academia%20Pumas%202026%20vuelve%20a%20encender%20el%20verano%20deportivo%20en%20Ays%C3%A9n-Coyhaique&#038;url=https:\/\/radiorevelacionfm.cl\/?p=64376' aria-hidden='false' data-av_icon='\ue8f1' data-av_iconfont='entypo-fontello' title='' data-avia-related-tooltip='Compartir en Twitter' rel=\"noopener\"><span class='avia_hidden_link_text'>Compartir en Twitter<\/span><\/a><\/li><li class='av-share-link av-social-link-whatsapp' ><a target=\"_blank\" aria-label=\"Compartir en Whatsapp\" href='https:\/\/api.whatsapp.com\/send?text=https:\/\/radiorevelacionfm.cl\/?p=64376' aria-hidden='false' data-av_icon='\uf232' data-av_iconfont='entypo-fontello' title='' data-avia-related-tooltip='Compartir en Whatsapp' rel=\"noopener\"><span class='avia_hidden_link_text'>Compartir en Whatsapp<\/span><\/a><\/li><li class='av-share-link av-social-link-linkedin' ><a target=\"_blank\" aria-label=\"Compartir en LinkedIn\" href='https:\/\/linkedin.com\/shareArticle?mini=true&#038;title=La%20Copa%20Academia%20Pumas%202026%20vuelve%20a%20encender%20el%20verano%20deportivo%20en%20Ays%C3%A9n-Coyhaique&#038;url=https:\/\/radiorevelacionfm.cl\/?p=64376' aria-hidden='false' data-av_icon='\ue8fc' data-av_iconfont='entypo-fontello' title='' data-avia-related-tooltip='Compartir en LinkedIn' rel=\"noopener\"><span class='avia_hidden_link_text'>Compartir en LinkedIn<\/span><\/a><\/li><li class='av-share-link av-social-link-mail' ><a  aria-label=\"Compartir por correo\" href='mailto:?subject=La%20Copa%20Academia%20Pumas%202026%20vuelve%20a%20encender%20el%20verano%20deportivo%20en%20Ays%C3%A9n-Coyhaique&#038;body=https:\/\/radiorevelacionfm.cl\/?p=64376' aria-hidden='false' data-av_icon='\ue805' data-av_iconfont='entypo-fontello' title='' data-avia-related-tooltip='Compartir por correo'><span class='avia_hidden_link_text'>Compartir por correo<\/span><\/a><\/li><\/ul><\/div><\/div>\n<div  style='height:50px' class='hr hr-invisible   avia-builder-el-8  el_after_av_social_share  el_before_av_comments_list '><span class='hr-inner ' ><span class='hr-inner-style'><\/span><\/span><\/div>\n<div  class='av-buildercomment  av-blog-meta-html-info-disabled av-blog-meta-tag-disabled  '><\/div>\n","protected":false},"excerpt":{"rendered":"","protected":false},"author":1,"featured_media":64377,"comment_status":"closed","ping_status":"closed","sticky":false,"template":"","format":"standard","meta":{"footnotes":""},"categories":[40],"tags":[],"class_list":["post-64376","post","type-post","status-publish","format-standard","has-post-thumbnail","hentry","category-deportes"],"jetpack_featured_media_url":"https:\/\/radiorevelacionfm.cl\/wp-content\/uploads\/2026\/02\/whatsapp-image-2026-02-19-at-10_optimized.52.15-1-1.jpeg","_links":{"self":[{"href":"https:\/\/radiorevelacionfm.cl\/index.php?rest_route=\/wp\/v2\/posts\/64376","targetHints":{"allow":["GET"]}}],"collection":[{"href":"https:\/\/radiorevelacionfm.cl\/index.php?rest_route=\/wp\/v2\/posts"}],"about":[{"href":"https:\/\/radiorevelacionfm.cl\/index.php?rest_route=\/wp\/v2\/types\/post"}],"author":[{"embeddable":true,"href":"https:\/\/radiorevelacionfm.cl\/index.php?rest_route=\/wp\/v2\/users\/1"}],"replies":[{"embeddable":true,"href":"https:\/\/radiorevelacionfm.cl\/index.php?rest_route=%2Fwp%2Fv2%2Fcomments&post=64376"}],"version-history":[{"count":2,"href":"https:\/\/radiorevelacionfm.cl\/index.php?rest_route=\/wp\/v2\/posts\/64376\/revisions"}],"predecessor-version":[{"id":64384,"href":"https:\/\/radiorevelacionfm.cl\/index.php?rest_route=\/wp\/v2\/posts\/64376\/revisions\/64384"}],"wp:featuredmedia":[{"embeddable":true,"href":"https:\/\/radiorevelacionfm.cl\/index.php?rest_route=\/wp\/v2\/media\/64377"}],"wp:attachment":[{"href":"https:\/\/radiorevelacionfm.cl\/index.php?rest_route=%2Fwp%2Fv2%2Fmedia&parent=64376"}],"wp:term":[{"taxonomy":"category","embeddable":true,"href":"https:\/\/radiorevelacionfm.cl\/index.php?rest_route=%2Fwp%2Fv2%2Fcategories&post=64376"},{"taxonomy":"post_tag","embeddable":true,"href":"https:\/\/radiorevelacionfm.cl\/index.php?rest_route=%2Fwp%2Fv2%2Ftags&post=64376"}],"curies":[{"name":"wp","href":"https:\/\/api.w.org\/{rel}","templated":true}]}}