{"id":64368,"date":"2026-02-18T17:47:57","date_gmt":"2026-02-18T20:47:57","guid":{"rendered":"https:\/\/radiorevelacionfm.cl\/?p=64368"},"modified":"2026-02-18T17:47:57","modified_gmt":"2026-02-18T20:47:57","slug":"realizaran-tercera-campana-de-recoleccion-de-baterias-en-desuso-en-puerto-aysen","status":"publish","type":"post","link":"https:\/\/radiorevelacionfm.cl\/?p=64368","title":{"rendered":"Realizar\u00e1n tercera campa\u00f1a de recolecci\u00f3n de bater\u00edas en desuso en Puerto Ays\u00e9n"},"content":{"rendered":"<div class=\"flex_column av_one_full  flex_column_div av-zero-column-padding first  avia-builder-el-0  el_before_av_one_full  avia-builder-el-first  \" style='border-radius:0px; '><div  class='avia-image-container  av-styling-    avia-builder-el-1  avia-builder-el-no-sibling  avia-align-center '  itemprop=\"image\" itemscope=\"itemscope\" itemtype=\"https:\/\/schema.org\/ImageObject\"  ><div class='avia-image-container-inner'><div class='avia-image-overlay-wrap'><img decoding=\"async\" class='wp-image-64369 avia-img-lazy-loading-not-64369 avia_image' src=\"https:\/\/radiorevelacionfm.cl\/wp-content\/uploads\/2026\/02\/3er-campana-baterias-fuera-de-uso-2-1_optimized-1.jpg\" alt='' title='3er-campa\u00f1a-baterias-fuera-de-uso-(2)-(1)_optimized (1)' height=\"600\" width=\"1067\"  itemprop=\"thumbnailUrl\" srcset=\"https:\/\/radiorevelacionfm.cl\/wp-content\/uploads\/2026\/02\/3er-campana-baterias-fuera-de-uso-2-1_optimized-1.jpg 1067w, https:\/\/radiorevelacionfm.cl\/wp-content\/uploads\/2026\/02\/3er-campana-baterias-fuera-de-uso-2-1_optimized-1-300x169.jpg 300w, https:\/\/radiorevelacionfm.cl\/wp-content\/uploads\/2026\/02\/3er-campana-baterias-fuera-de-uso-2-1_optimized-1-1030x579.jpg 1030w, https:\/\/radiorevelacionfm.cl\/wp-content\/uploads\/2026\/02\/3er-campana-baterias-fuera-de-uso-2-1_optimized-1-768x432.jpg 768w, https:\/\/radiorevelacionfm.cl\/wp-content\/uploads\/2026\/02\/3er-campana-baterias-fuera-de-uso-2-1_optimized-1-705x396.jpg 705w, https:\/\/radiorevelacionfm.cl\/wp-content\/uploads\/2026\/02\/3er-campana-baterias-fuera-de-uso-2-1_optimized-1-450x253.jpg 450w, https:\/\/radiorevelacionfm.cl\/wp-content\/uploads\/2026\/02\/3er-campana-baterias-fuera-de-uso-2-1_optimized-1-600x337.jpg 600w\" sizes=\"(max-width: 1067px) 100vw, 1067px\" \/><\/div><\/div><\/div><\/div><div class=\"flex_column av_one_full  flex_column_div av-zero-column-padding first  avia-builder-el-2  el_after_av_one_full  el_before_av_one_full  column-top-margin\" style='border-radius:0px; '><section class=\"av_textblock_section \"  itemscope=\"itemscope\" itemtype=\"https:\/\/schema.org\/BlogPosting\" itemprop=\"blogPost\" ><div class='avia_textblock  '   itemprop=\"text\" ><p style=\"text-align: center;\"><strong><span style=\"font-size: 18pt;\">Realizar\u00e1n tercera campa\u00f1a de recolecci\u00f3n de bater\u00edas en desuso en Puerto Ays\u00e9n<\/span><\/strong><\/p>\n<div id=\"gtx-trans\" style=\"position: absolute; left: -50px; top: 4.31534px;\">\n<div class=\"gtx-trans-icon\"><\/div>\n<\/div>\n<\/div><\/section><\/div><div class=\"flex_column av_one_full  flex_column_div av-zero-column-padding first  avia-builder-el-4  el_after_av_one_full  el_before_av_hr  column-top-margin\" style='border-radius:0px; '><section class=\"av_textblock_section \"  itemscope=\"itemscope\" itemtype=\"https:\/\/schema.org\/BlogPosting\" itemprop=\"blogPost\" ><div class='avia_textblock  '   itemprop=\"text\" ><p style=\"text-align: justify;\">Con el objetivo de promover la correcta disposici\u00f3n de residuos peligrosos y reforzar el compromiso ambiental en la comuna, la Municipalidad de Ays\u00e9n realizar\u00e1 el pr\u00f3ximo s\u00e1bado 21 de febrero la tercera versi\u00f3n de la Campa\u00f1a de Recolecci\u00f3n de Bater\u00edas Fuera de Uso.<\/p>\n<p style=\"text-align: justify;\">La jornada se desarrollar\u00e1 en el frontis del Polideportivo Polideportivo 21 de Abril, entre las 10:00 y 17:00 horas, donde vecinos y vecinas podr\u00e1n entregar sus bater\u00edas en desuso para asegurar su adecuada gesti\u00f3n y reciclaje.<\/p>\n<p style=\"text-align: justify;\">La iniciativa es impulsada por el municipio en colaboraci\u00f3n con la empresa Reciclajes Martino, encargada del retiro y traslado del material recolectado hacia un centro especializado en la Regi\u00f3n del Biob\u00edo, donde estos residuos son tratados bajo la normativa ambiental vigente.<\/p>\n<p style=\"text-align: justify;\">La encargada de la Unidad de Medio Ambiente municipal, Marcela Matus, explic\u00f3 la relevancia de esta campa\u00f1a, \u201cporque sabemos que para muchas personas no siempre est\u00e1 claro c\u00f3mo desechar correctamente las bater\u00edas fuera de uso. En nuestra regi\u00f3n no existen puntos permanentes de disposici\u00f3n final ni de valorizaci\u00f3n, ya que se trata de residuos peligrosos que requieren un tratamiento especializado. Es fundamental entender que no pueden botarse a la basura com\u00fan ni almacenarse en los hogares, porque contienen metales pesados y sustancias t\u00f3xicas que pueden contaminar el suelo, el agua y el aire, afectando la biodiversidad y la salud de las personas\u201d.<\/p>\n<p style=\"text-align: justify;\">Cabe destacar que esta ser\u00e1 la tercera versi\u00f3n de la campa\u00f1a. Las jornadas anteriores, realizadas en julio de 2024 y septiembre de 2025, permitieron recuperar cerca de cuatro toneladas de bater\u00edas, evitando que estos residuos altamente contaminantes terminen en vertederos o afecten el entorno natural.<\/p>\n<p style=\"text-align: justify;\">Desde el municipio extendieron la invitaci\u00f3n a toda la comunidad a participar activamente en esta nueva jornada, destacando que la eliminaci\u00f3n responsable de este tipo de residuos es una acci\u00f3n concreta que contribuye al cuidado del medio ambiente.<\/p>\n<p style=\"text-align: justify;\">Asimismo, se proyecta que durante el pr\u00f3ximo a\u00f1o la campa\u00f1a pueda extenderse a otras localidades de la comuna, ampliando su cobertura y facilitando el acceso a este servicio ambiental.<\/p>\n<p style=\"text-align: justify;\">Con este tipo de iniciativas, la Municipalidad de Ays\u00e9n reafirma su compromiso con la protecci\u00f3n del entorno y la promoci\u00f3n de pr\u00e1cticas responsables que permitan avanzar hacia una comuna m\u00e1s limpia y sustentable.<\/p>\n<\/div><\/section><\/div><div  style='height:50px' class='hr hr-invisible   avia-builder-el-6  el_after_av_one_full  el_before_av_social_share '><span class='hr-inner ' ><span class='hr-inner-style'><\/span><\/span><\/div><\/p>\n<div  class='av-social-sharing-box  avia-builder-el-7  el_after_av_hr  el_before_av_hr  '><div class='av-share-box'><h5 class='av-share-link-description av-no-toc '>Compartir esta noticia<\/h5><ul class='av-share-box-list noLightbox'><li class='av-share-link av-social-link-facebook' ><a target=\"_blank\" aria-label=\"Compartir en Facebook\" href='https:\/\/www.facebook.com\/sharer.php?u=https:\/\/radiorevelacionfm.cl\/?p=64368&#038;t=Realizar%C3%A1n%20tercera%20campa%C3%B1a%20de%20recolecci%C3%B3n%20de%20bater%C3%ADas%20en%20desuso%20en%20Puerto%20Ays%C3%A9n' aria-hidden='false' data-av_icon='\ue8f3' data-av_iconfont='entypo-fontello' title='' data-avia-related-tooltip='Compartir en Facebook' rel=\"noopener\"><span class='avia_hidden_link_text'>Compartir en Facebook<\/span><\/a><\/li><li class='av-share-link av-social-link-twitter' ><a target=\"_blank\" aria-label=\"Compartir en Twitter\" href='https:\/\/twitter.com\/share?text=Realizar%C3%A1n%20tercera%20campa%C3%B1a%20de%20recolecci%C3%B3n%20de%20bater%C3%ADas%20en%20desuso%20en%20Puerto%20Ays%C3%A9n&#038;url=https:\/\/radiorevelacionfm.cl\/?p=64368' aria-hidden='false' data-av_icon='\ue8f1' data-av_iconfont='entypo-fontello' title='' data-avia-related-tooltip='Compartir en Twitter' rel=\"noopener\"><span class='avia_hidden_link_text'>Compartir en Twitter<\/span><\/a><\/li><li class='av-share-link av-social-link-whatsapp' ><a target=\"_blank\" aria-label=\"Compartir en Whatsapp\" href='https:\/\/api.whatsapp.com\/send?text=https:\/\/radiorevelacionfm.cl\/?p=64368' aria-hidden='false' data-av_icon='\uf232' data-av_iconfont='entypo-fontello' title='' data-avia-related-tooltip='Compartir en Whatsapp' rel=\"noopener\"><span class='avia_hidden_link_text'>Compartir en Whatsapp<\/span><\/a><\/li><li class='av-share-link av-social-link-linkedin' ><a target=\"_blank\" aria-label=\"Compartir en LinkedIn\" href='https:\/\/linkedin.com\/shareArticle?mini=true&#038;title=Realizar%C3%A1n%20tercera%20campa%C3%B1a%20de%20recolecci%C3%B3n%20de%20bater%C3%ADas%20en%20desuso%20en%20Puerto%20Ays%C3%A9n&#038;url=https:\/\/radiorevelacionfm.cl\/?p=64368' aria-hidden='false' data-av_icon='\ue8fc' data-av_iconfont='entypo-fontello' title='' data-avia-related-tooltip='Compartir en LinkedIn' rel=\"noopener\"><span class='avia_hidden_link_text'>Compartir en LinkedIn<\/span><\/a><\/li><li class='av-share-link av-social-link-mail' ><a  aria-label=\"Compartir por correo\" href='mailto:?subject=Realizar%C3%A1n%20tercera%20campa%C3%B1a%20de%20recolecci%C3%B3n%20de%20bater%C3%ADas%20en%20desuso%20en%20Puerto%20Ays%C3%A9n&#038;body=https:\/\/radiorevelacionfm.cl\/?p=64368' aria-hidden='false' data-av_icon='\ue805' data-av_iconfont='entypo-fontello' title='' data-avia-related-tooltip='Compartir por correo'><span class='avia_hidden_link_text'>Compartir por correo<\/span><\/a><\/li><\/ul><\/div><\/div>\n<div  style='height:50px' class='hr hr-invisible   avia-builder-el-8  el_after_av_social_share  el_before_av_comments_list '><span class='hr-inner ' ><span class='hr-inner-style'><\/span><\/span><\/div>\n<div  class='av-buildercomment  av-blog-meta-html-info-disabled av-blog-meta-tag-disabled  '><\/div>\n","protected":false},"excerpt":{"rendered":"","protected":false},"author":1,"featured_media":64369,"comment_status":"closed","ping_status":"closed","sticky":false,"template":"","format":"standard","meta":{"footnotes":""},"categories":[38],"tags":[],"class_list":["post-64368","post","type-post","status-publish","format-standard","has-post-thumbnail","hentry","category-regional"],"jetpack_featured_media_url":"https:\/\/radiorevelacionfm.cl\/wp-content\/uploads\/2026\/02\/3er-campana-baterias-fuera-de-uso-2-1_optimized-1.jpg","_links":{"self":[{"href":"https:\/\/radiorevelacionfm.cl\/index.php?rest_route=\/wp\/v2\/posts\/64368","targetHints":{"allow":["GET"]}}],"collection":[{"href":"https:\/\/radiorevelacionfm.cl\/index.php?rest_route=\/wp\/v2\/posts"}],"about":[{"href":"https:\/\/radiorevelacionfm.cl\/index.php?rest_route=\/wp\/v2\/types\/post"}],"author":[{"embeddable":true,"href":"https:\/\/radiorevelacionfm.cl\/index.php?rest_route=\/wp\/v2\/users\/1"}],"replies":[{"embeddable":true,"href":"https:\/\/radiorevelacionfm.cl\/index.php?rest_route=%2Fwp%2Fv2%2Fcomments&post=64368"}],"version-history":[{"count":2,"href":"https:\/\/radiorevelacionfm.cl\/index.php?rest_route=\/wp\/v2\/posts\/64368\/revisions"}],"predecessor-version":[{"id":64371,"href":"https:\/\/radiorevelacionfm.cl\/index.php?rest_route=\/wp\/v2\/posts\/64368\/revisions\/64371"}],"wp:featuredmedia":[{"embeddable":true,"href":"https:\/\/radiorevelacionfm.cl\/index.php?rest_route=\/wp\/v2\/media\/64369"}],"wp:attachment":[{"href":"https:\/\/radiorevelacionfm.cl\/index.php?rest_route=%2Fwp%2Fv2%2Fmedia&parent=64368"}],"wp:term":[{"taxonomy":"category","embeddable":true,"href":"https:\/\/radiorevelacionfm.cl\/index.php?rest_route=%2Fwp%2Fv2%2Fcategories&post=64368"},{"taxonomy":"post_tag","embeddable":true,"href":"https:\/\/radiorevelacionfm.cl\/index.php?rest_route=%2Fwp%2Fv2%2Ftags&post=64368"}],"curies":[{"name":"wp","href":"https:\/\/api.w.org\/{rel}","templated":true}]}}