{"id":6436,"date":"2021-07-19T21:44:31","date_gmt":"2021-07-20T00:44:31","guid":{"rendered":"https:\/\/radiorevelacionfm.cl\/?p=6436"},"modified":"2021-07-19T21:44:31","modified_gmt":"2021-07-20T00:44:31","slug":"autoridades-dieron-el-vamos-a-la-habilitacion-de-la-unidad-de-resonancia-magnetica-del-hospital-regional","status":"publish","type":"post","link":"https:\/\/radiorevelacionfm.cl\/?p=6436","title":{"rendered":"Autoridades dieron el vamos a la habilitaci\u00f3n de la Unidad de Resonancia Magn\u00e9tica del Hospital Regional"},"content":{"rendered":"<div class=\"flex_column av_one_full  flex_column_div av-zero-column-padding first  avia-builder-el-0  el_before_av_one_full  avia-builder-el-first  \" style='border-radius:0px; '><div  class='avia-image-container  av-styling-    avia-builder-el-1  avia-builder-el-no-sibling  avia-align-center '  itemprop=\"image\" itemscope=\"itemscope\" itemtype=\"https:\/\/schema.org\/ImageObject\"  ><div class='avia-image-container-inner'><div class='avia-image-overlay-wrap'><img decoding=\"async\" class='wp-image-6437 avia-img-lazy-loading-not-6437 avia_image' src=\"https:\/\/radiorevelacionfm.cl\/wp-content\/uploads\/2021\/07\/resonador_01-1_optimized.jpg\" alt='' title='resonador_01-(1)_optimized' height=\"600\" width=\"1150\"  itemprop=\"thumbnailUrl\" srcset=\"https:\/\/radiorevelacionfm.cl\/wp-content\/uploads\/2021\/07\/resonador_01-1_optimized.jpg 1150w, https:\/\/radiorevelacionfm.cl\/wp-content\/uploads\/2021\/07\/resonador_01-1_optimized-300x157.jpg 300w, https:\/\/radiorevelacionfm.cl\/wp-content\/uploads\/2021\/07\/resonador_01-1_optimized-1030x537.jpg 1030w, https:\/\/radiorevelacionfm.cl\/wp-content\/uploads\/2021\/07\/resonador_01-1_optimized-768x401.jpg 768w, https:\/\/radiorevelacionfm.cl\/wp-content\/uploads\/2021\/07\/resonador_01-1_optimized-705x368.jpg 705w, https:\/\/radiorevelacionfm.cl\/wp-content\/uploads\/2021\/07\/resonador_01-1_optimized-600x313.jpg 600w\" sizes=\"(max-width: 1150px) 100vw, 1150px\" \/><\/div><\/div><\/div><\/div><div class=\"flex_column av_one_full  flex_column_div av-zero-column-padding first  avia-builder-el-2  el_after_av_one_full  el_before_av_one_full  column-top-margin\" style='border-radius:0px; '><section class=\"av_textblock_section \"  itemscope=\"itemscope\" itemtype=\"https:\/\/schema.org\/BlogPosting\" itemprop=\"blogPost\" ><div class='avia_textblock  '   itemprop=\"text\" ><p style=\"text-align: center;\"><strong><span style=\"font-size: 18pt;\">Autoridades dieron el vamos a la habilitaci\u00f3n de la Unidad de Resonancia Magn\u00e9tica del Hospital Regional\u00a0<\/span><\/strong><\/p>\n<div id=\"gtx-trans\" style=\"position: absolute; left: -50px; top: 4.31534px;\">\n<div class=\"gtx-trans-icon\"><\/div>\n<\/div>\n<\/div><\/section><\/div><div class=\"flex_column av_one_full  flex_column_div av-zero-column-padding first  avia-builder-el-4  el_after_av_one_full  el_before_av_hr  column-top-margin\" style='border-radius:0px; '><section class=\"av_textblock_section \"  itemscope=\"itemscope\" itemtype=\"https:\/\/schema.org\/BlogPosting\" itemprop=\"blogPost\" ><div class='avia_textblock  '   itemprop=\"text\" ><p style=\"text-align: justify;\">A un costado de la Unidad de Imagenolog\u00eda del Hospital Regional Coyhaique, por calle Jos\u00e9 Miguel Carrera, se emplazar\u00e1 tan esperada iniciativa, que comenz\u00f3 a proyectarse desde el a\u00f1o 2013 hasta este lunes 19 de julio, en que, con una ceremonia, se oficializ\u00f3 la entrega del espacio f\u00edsico, para la concreci\u00f3n del proyecto.<\/p>\n<p style=\"text-align: justify;\">\u201cNosotros la comunidad, somos los m\u00e1s felices; siendo parte de la familia de este Hospital que es muy grande. El brindar esto, nos va a facilitar mucho las cosas, sobre todo para las familias que tienen que desvincularse de sus enfermos, que muchas veces van al norte a hacerse los tratamientos\u201d, coment\u00f3 Margarita Arismendi, Presidenta del Consejo de Desarrollo del Hospital Regional Coyhaique, tras la ceremonia, que marca todo un hito para la imagenolog\u00eda en la Regi\u00f3n de Ays\u00e9n.<\/p>\n<p style=\"text-align: justify;\">La obra de infraestructura y equipamiento en salud, que cuenta con recursos del FNDR, por un total de M$2.3007.750, ser\u00e1 realizada por la empresa Philips S.A, en un plazo de 240 d\u00edas corridos.<\/p>\n<p style=\"text-align: justify;\">Al respecto la Gobernadora Regional, Andrea Mac\u00edas, coment\u00f3 que este ser\u00e1 \u201cUn servicio que va a permitir mejorar la calidad de los diagn\u00f3sticos, la oportunidad de los mismos, sin duda un beneficio para todas y todos los habitantes de nuestra regi\u00f3n, donde muchas veces este tipo de ex\u00e1menes tienen que hacerse afuera. Sin duda, un aporte, una obra financiada por el Gobierno Regional de Ays\u00e9n, con un costo de 2.300 millones de pesos, que tiene como fecha de finalizaci\u00f3n marzo del 2022, as\u00ed es que esperar que todos estos plazos se puedan cumplir para que, efectivamente, podamos contar y dar respuesta a una demanda tan sentida por la ciudadan\u00eda\u201d.<\/p>\n<p style=\"text-align: justify;\">Por su parte Margarita Ossa, Delegada Presidencial Regional, tuvo palabras para referirse al largo proceso vivido por el proyecto del Resonador, que comenz\u00f3 a hacerse realidad. \u201cEs un momento hist\u00f3rico la verdad, es una iniciativa que se incorpora en el inicio del Gobierno del Presidente Sebasti\u00e1n Pi\u00f1era, que estaba un poco dormida, se reflota e incluye dentro del Convenio de Programaci\u00f3n con el Ministerio de Salud y hoy d\u00eda estamos dando inicio a esta iniciativa que ha sido muy esperada por \u00a0toda la comunidad regional, que es tremendamente importante, ya que vamos a tener mejores prestaciones en el HRC, donde se mejorar\u00e1 la calidad de vida de las personas y eso es lo fundamental, adem\u00e1s que \u00a0es una iniciativa financiada por el GORE Ays\u00e9n, desde el FNDR y hoy d\u00eda le damos el vamos, lo que nos llena de felicidad\u201d.<\/p>\n<p style=\"text-align: justify;\"><strong>Desde el sector Salud<\/strong><\/p>\n<p style=\"text-align: justify;\">Gabriel Burgos, Director de la Red Asistencial, una vez concluido el acto que contempl\u00f3 la presencia de trabajadores de la Subdirecci\u00f3n de Recursos F\u00edsicos, adem\u00e1s de dirigentes de los gremios de la Salud, se refiri\u00f3 al logro, indicando que, \u201cEsto forma parte de una cartera grande de proyectos que tiene nuestra instituci\u00f3n a fin de brindar una mejor salud para toda la poblaci\u00f3n regional; hoy d\u00eda es muy importante dar este inicio \u00a0a una obra que est\u00e1 desde hace mucho tiempo, siendo anhelada por la ciudadan\u00eda y creemos que va a satisfacer una necesidad muy importante que esperamos tener para el pr\u00f3ximo a\u00f1o; es un Resonador de 1.5 Tesla, de la empresa Philips, de \u00faltima generaci\u00f3n que requiere de un\u00a0 m\u00ednimo consumo de helio, para que la gente de nuestra regi\u00f3n, acceda a un buen diagn\u00f3stico. Aqu\u00ed hay tanto obras civiles como la instalaci\u00f3n del resonador, por lo que se ha destinado un lugar dentro del Hospital, para que la unidad tenga condiciones de habitabilidad y funcionalidad con el resto del establecimiento\u201d.<\/p>\n<p style=\"text-align: justify;\">Se prev\u00e9 que la entrada en funcionamiento de la Unidad de Resonancia Magn\u00e9tica reducir\u00e1 el impacto que implicaba para el principal centro asistencial de la Regi\u00f3n, el destinar m\u00e1s de 300 millones de pesos en pasajes para los usuarios que deb\u00edan trasladarse a otras regiones, afectando tambi\u00e9n a las familias, seg\u00fan indic\u00f3 Pedro Pablo Pinto, Director Subrogante del HRC.<\/p>\n<p style=\"text-align: justify;\">\u201cTodo ello conllevaba una perdida de tiempo, de afecci\u00f3n familiar, pero con la puesta en marcha de este resonador que ha sido como menciono yo, un dif\u00edcil parto dist\u00f3cico, por que ya en el a\u00f1o 2017 estaba aprobada la \u00a0\u00a0instalaci\u00f3n y la compra, y por fin vimos hoy d\u00eda lo que podemos llamar la primera piedra, para lo que ser\u00e1 de vital diagn\u00f3stico de nuestros pacientes. En el a\u00f1o 2019 el a\u00f1o antes de pandemia, m\u00e1s de 1200 pacientes se vieron beneficiados con la compra de servicios para este examen, lo que signific\u00f3 un costo no menor de 350 millones que anualmente deb\u00eda gastar el establecimiento\u201d. Concluy\u00f3 el doctor Pinto.<\/p>\n<p style=\"text-align: justify;\">Cabe destacar que entre las especialidades que m\u00e1s requieren la realizaci\u00f3n de la resonancia magn\u00e9tica, destacan: la Traumatolog\u00eda, la Neurocirug\u00eda, la Patolog\u00eda Mamaria, entre otras.<\/p>\n<\/div><\/section><\/div><div  style='height:50px' class='hr hr-invisible   avia-builder-el-6  el_after_av_one_full  el_before_av_social_share '><span class='hr-inner ' ><span class='hr-inner-style'><\/span><\/span><\/div><\/p>\n<div  class='av-social-sharing-box  avia-builder-el-7  el_after_av_hr  el_before_av_hr  '><div class='av-share-box'><h5 class='av-share-link-description av-no-toc '>Compartir esta noticia<\/h5><ul class='av-share-box-list noLightbox'><li class='av-share-link av-social-link-facebook' ><a target=\"_blank\" aria-label=\"Compartir en Facebook\" href='https:\/\/www.facebook.com\/sharer.php?u=https:\/\/radiorevelacionfm.cl\/?p=6436&#038;t=Autoridades%20dieron%20el%20vamos%20a%20la%20habilitaci%C3%B3n%20de%20la%20Unidad%20de%20Resonancia%20Magn%C3%A9tica%20del%20Hospital%20Regional' aria-hidden='false' data-av_icon='\ue8f3' data-av_iconfont='entypo-fontello' title='' data-avia-related-tooltip='Compartir en Facebook' rel=\"noopener\"><span class='avia_hidden_link_text'>Compartir en Facebook<\/span><\/a><\/li><li class='av-share-link av-social-link-twitter' ><a target=\"_blank\" aria-label=\"Compartir en Twitter\" href='https:\/\/twitter.com\/share?text=Autoridades%20dieron%20el%20vamos%20a%20la%20habilitaci%C3%B3n%20de%20la%20Unidad%20de%20Resonancia%20Magn%C3%A9tica%20del%20Hospital%20Regional&#038;url=https:\/\/radiorevelacionfm.cl\/?p=6436' aria-hidden='false' data-av_icon='\ue8f1' data-av_iconfont='entypo-fontello' title='' data-avia-related-tooltip='Compartir en Twitter' rel=\"noopener\"><span class='avia_hidden_link_text'>Compartir en Twitter<\/span><\/a><\/li><li class='av-share-link av-social-link-whatsapp' ><a target=\"_blank\" aria-label=\"Compartir en Whatsapp\" href='https:\/\/api.whatsapp.com\/send?text=https:\/\/radiorevelacionfm.cl\/?p=6436' aria-hidden='false' data-av_icon='\uf232' data-av_iconfont='entypo-fontello' title='' data-avia-related-tooltip='Compartir en Whatsapp' rel=\"noopener\"><span class='avia_hidden_link_text'>Compartir en Whatsapp<\/span><\/a><\/li><li class='av-share-link av-social-link-linkedin' ><a target=\"_blank\" aria-label=\"Compartir en LinkedIn\" href='https:\/\/linkedin.com\/shareArticle?mini=true&#038;title=Autoridades%20dieron%20el%20vamos%20a%20la%20habilitaci%C3%B3n%20de%20la%20Unidad%20de%20Resonancia%20Magn%C3%A9tica%20del%20Hospital%20Regional&#038;url=https:\/\/radiorevelacionfm.cl\/?p=6436' aria-hidden='false' data-av_icon='\ue8fc' data-av_iconfont='entypo-fontello' title='' data-avia-related-tooltip='Compartir en LinkedIn' rel=\"noopener\"><span class='avia_hidden_link_text'>Compartir en LinkedIn<\/span><\/a><\/li><li class='av-share-link av-social-link-mail' ><a  aria-label=\"Compartir por correo\" href='mailto:?subject=Autoridades%20dieron%20el%20vamos%20a%20la%20habilitaci%C3%B3n%20de%20la%20Unidad%20de%20Resonancia%20Magn%C3%A9tica%20del%20Hospital%20Regional&#038;body=https:\/\/radiorevelacionfm.cl\/?p=6436' aria-hidden='false' data-av_icon='\ue805' data-av_iconfont='entypo-fontello' title='' data-avia-related-tooltip='Compartir por correo'><span class='avia_hidden_link_text'>Compartir por correo<\/span><\/a><\/li><\/ul><\/div><\/div>\n<div  style='height:50px' class='hr hr-invisible   avia-builder-el-8  el_after_av_social_share  el_before_av_comments_list '><span class='hr-inner ' ><span class='hr-inner-style'><\/span><\/span><\/div>\n<div  class='av-buildercomment  av-blog-meta-html-info-disabled av-blog-meta-tag-disabled  '><\/div>\n","protected":false},"excerpt":{"rendered":"","protected":false},"author":1,"featured_media":6437,"comment_status":"open","ping_status":"open","sticky":false,"template":"","format":"standard","meta":{"footnotes":""},"categories":[46],"tags":[],"class_list":["post-6436","post","type-post","status-publish","format-standard","has-post-thumbnail","hentry","category-salud"],"jetpack_featured_media_url":"https:\/\/radiorevelacionfm.cl\/wp-content\/uploads\/2021\/07\/resonador_01-1_optimized.jpg","_links":{"self":[{"href":"https:\/\/radiorevelacionfm.cl\/index.php?rest_route=\/wp\/v2\/posts\/6436","targetHints":{"allow":["GET"]}}],"collection":[{"href":"https:\/\/radiorevelacionfm.cl\/index.php?rest_route=\/wp\/v2\/posts"}],"about":[{"href":"https:\/\/radiorevelacionfm.cl\/index.php?rest_route=\/wp\/v2\/types\/post"}],"author":[{"embeddable":true,"href":"https:\/\/radiorevelacionfm.cl\/index.php?rest_route=\/wp\/v2\/users\/1"}],"replies":[{"embeddable":true,"href":"https:\/\/radiorevelacionfm.cl\/index.php?rest_route=%2Fwp%2Fv2%2Fcomments&post=6436"}],"version-history":[{"count":1,"href":"https:\/\/radiorevelacionfm.cl\/index.php?rest_route=\/wp\/v2\/posts\/6436\/revisions"}],"predecessor-version":[{"id":6438,"href":"https:\/\/radiorevelacionfm.cl\/index.php?rest_route=\/wp\/v2\/posts\/6436\/revisions\/6438"}],"wp:featuredmedia":[{"embeddable":true,"href":"https:\/\/radiorevelacionfm.cl\/index.php?rest_route=\/wp\/v2\/media\/6437"}],"wp:attachment":[{"href":"https:\/\/radiorevelacionfm.cl\/index.php?rest_route=%2Fwp%2Fv2%2Fmedia&parent=6436"}],"wp:term":[{"taxonomy":"category","embeddable":true,"href":"https:\/\/radiorevelacionfm.cl\/index.php?rest_route=%2Fwp%2Fv2%2Fcategories&post=6436"},{"taxonomy":"post_tag","embeddable":true,"href":"https:\/\/radiorevelacionfm.cl\/index.php?rest_route=%2Fwp%2Fv2%2Ftags&post=6436"}],"curies":[{"name":"wp","href":"https:\/\/api.w.org\/{rel}","templated":true}]}}