{"id":64353,"date":"2026-02-18T10:36:23","date_gmt":"2026-02-18T13:36:23","guid":{"rendered":"https:\/\/radiorevelacionfm.cl\/?p=64353"},"modified":"2026-02-18T10:36:23","modified_gmt":"2026-02-18T13:36:23","slug":"junji-refuerza-campana-de-inscripciones-y-matriculas-en-su-participacion-en-la-expo-patagonia","status":"publish","type":"post","link":"https:\/\/radiorevelacionfm.cl\/?p=64353","title":{"rendered":"JUNJI refuerza campa\u00f1a de inscripciones y matr\u00edculas en su participaci\u00f3n en la Expo Patagonia"},"content":{"rendered":"<div class=\"flex_column av_one_full  flex_column_div av-zero-column-padding first  avia-builder-el-0  el_before_av_one_full  avia-builder-el-first  \" style='border-radius:0px; '><div  class='avia-image-container  av-styling-    avia-builder-el-1  avia-builder-el-no-sibling  avia-align-center '  itemprop=\"image\" itemscope=\"itemscope\" itemtype=\"https:\/\/schema.org\/ImageObject\"  ><div class='avia-image-container-inner'><div class='avia-image-overlay-wrap'><img decoding=\"async\" class='wp-image-64354 avia-img-lazy-loading-not-64354 avia_image' src=\"https:\/\/radiorevelacionfm.cl\/wp-content\/uploads\/2026\/02\/img_4368-1_optimized-1.jpg\" alt='' title='img_4368-(1)_optimized (1)' height=\"600\" width=\"1066\"  itemprop=\"thumbnailUrl\" srcset=\"https:\/\/radiorevelacionfm.cl\/wp-content\/uploads\/2026\/02\/img_4368-1_optimized-1.jpg 1066w, https:\/\/radiorevelacionfm.cl\/wp-content\/uploads\/2026\/02\/img_4368-1_optimized-1-300x169.jpg 300w, https:\/\/radiorevelacionfm.cl\/wp-content\/uploads\/2026\/02\/img_4368-1_optimized-1-1030x580.jpg 1030w, https:\/\/radiorevelacionfm.cl\/wp-content\/uploads\/2026\/02\/img_4368-1_optimized-1-768x432.jpg 768w, https:\/\/radiorevelacionfm.cl\/wp-content\/uploads\/2026\/02\/img_4368-1_optimized-1-705x397.jpg 705w, https:\/\/radiorevelacionfm.cl\/wp-content\/uploads\/2026\/02\/img_4368-1_optimized-1-450x253.jpg 450w, https:\/\/radiorevelacionfm.cl\/wp-content\/uploads\/2026\/02\/img_4368-1_optimized-1-600x338.jpg 600w\" sizes=\"(max-width: 1066px) 100vw, 1066px\" \/><\/div><\/div><\/div><\/div><div class=\"flex_column av_one_full  flex_column_div av-zero-column-padding first  avia-builder-el-2  el_after_av_one_full  el_before_av_one_full  column-top-margin\" style='border-radius:0px; '><section class=\"av_textblock_section \"  itemscope=\"itemscope\" itemtype=\"https:\/\/schema.org\/BlogPosting\" itemprop=\"blogPost\" ><div class='avia_textblock  '   itemprop=\"text\" ><p style=\"text-align: center;\"><strong><span style=\"font-size: 18pt;\">JUNJI refuerza campa\u00f1a de inscripciones y matr\u00edculas en su participaci\u00f3n en la Expo Patagonia<\/span><\/strong><\/p>\n<div id=\"gtx-trans\" style=\"position: absolute; left: -50px; top: 4.31534px;\">\n<div class=\"gtx-trans-icon\"><\/div>\n<\/div>\n<\/div><\/section><\/div><div class=\"flex_column av_one_full  flex_column_div av-zero-column-padding first  avia-builder-el-4  el_after_av_one_full  el_before_av_hr  column-top-margin\" style='border-radius:0px; '><section class=\"av_textblock_section \"  itemscope=\"itemscope\" itemtype=\"https:\/\/schema.org\/BlogPosting\" itemprop=\"blogPost\" ><div class='avia_textblock  '   itemprop=\"text\" ><p style=\"text-align: justify;\">Como una forma de aproximar la informaci\u00f3n a la comunidad y adem\u00e1s hacerse parte de esta tradicional y una de las m\u00e1s importantes fiestas costumbristas de la regi\u00f3n, el equipo de Junji Ays\u00e9n estuvo presente con un stand en la Expo Patagonia. Una acci\u00f3n que se enmarca en la campa\u00f1a de inscripciones y matr\u00edculas, un espacio de encuentro directo con las familias, quienes pudieron informarse y resolver dudas sobre el acceso a la educaci\u00f3n parvularia p\u00fablica.<\/p>\n<p style=\"text-align: justify;\">Durante la jornada, madres, padres y cuidadores se acercaron para consultar sobre el proceso de postulaci\u00f3n a jardines infantiles y salas cuna, recibiendo orientaci\u00f3n sobre los horarios de funcionamiento, las condiciones de ingreso y los requisitos necesarios para postular a trav\u00e9s del sistema SIM Multipostulador. A su vez, ni\u00f1os y ni\u00f1as disfrutaron de un espacio acogedor, con m\u00faltiples y l\u00fadicas actividades.<\/p>\n<p style=\"text-align: justify;\">A juicio de Diana Levicoy, encargada regional de la plataforma SIM Multipostulador: \u201cFue una experiencia s\u00faper entretenida participar de la Expo Patagonia, una oportunidad para que la familia se acerque, nos hagan consultas respecto de sus intenciones a postular, pudimos contarles cu\u00e1les son los horarios, as\u00ed como las condiciones o requisitos para hacer una postulaci\u00f3n en nuestro sistema SIM Multipostulador. Dar a conocer a las familias la importancia de la autonom\u00eda de este proceso a trav\u00e9s de nuestro sitio web <a href=\"http:\/\/www.junji.cl\">www.junji.cl<\/a>\u201d<\/p>\n<p style=\"text-align: justify;\">Uno de los \u00e9nfasis de la participaci\u00f3n fue destacar la labor educativa de los jardines infantiles. En este sentido, se explic\u00f3 a las familias que estos espacios no s\u00f3lo cumplen una funci\u00f3n de cuidado, sino que son comunidades educativas donde se desarrollan aprendizajes clave para el desarrollo integral de ni\u00f1os y ni\u00f1as, en entornos seguros y protectores.<\/p>\n<p style=\"text-align: justify;\">La feria tambi\u00e9n permiti\u00f3 una alta participaci\u00f3n de ni\u00f1os y ni\u00f1as, quienes pudieron disfrutar de diversas actividades pedag\u00f3gicas y recreativas, como pintacaritas, lectura de cuentos, dibujo y juegos de matem\u00e1ticas utilizando cuerpos geom\u00e9tricos. Estas experiencias permitieron mostrar, de manera cercana y concreta, c\u00f3mo se trabaja el aprendizaje a trav\u00e9s del juego en la educaci\u00f3n parvularia.<\/p>\n<p style=\"text-align: justify;\">Desde JUNJI valoraron positivamente la instancia, destacando el inter\u00e9s de las familias y la posibilidad de dialogar directamente con la comunidad, aclarando inquietudes y reforzando la importancia de informarse con anticipaci\u00f3n sobre el proceso de inscripci\u00f3n y matr\u00edcula.<\/p>\n<p style=\"text-align: justify;\">Con m\u00e1s de 50 a\u00f1os de trayectoria en educaci\u00f3n inicial, la instituci\u00f3n se prepara para el inicio del a\u00f1o educativo, cuya apertura est\u00e1 programada para el 4 de marzo para p\u00e1rvulos nuevos y el 9 de marzo para aquellos que ya formaron parte de la comunidad educativa el a\u00f1o anterior, reafirmando su compromiso con una educaci\u00f3n parvularia p\u00fablica, gratuita y de calidad.<\/p>\n<p style=\"text-align: justify;\">Junta Nacional de Jardines Infantiles en la regi\u00f3n de Ays\u00e9n aun posee vacantes para este a\u00f1o 2026 para ni\u00f1os y ni\u00f1as de 0 a 4 a\u00f1os.<\/p>\n<p style=\"text-align: justify;\">M\u00e1s informaci\u00f3n comunic\u00e1ndote a nuestra plataforma SIAC:<br \/>\n\u260e\ufe0f672577307- 672577371<br \/>\n\ud83d\udcbbmjarar@junji.cl &#8211; snaguelquin@junji.cl<br \/>\nAdem\u00e1s puedes inscribir directamente en <a href=\"www.junji.gob.cl\">www.junji.gob.cl<\/a><\/p>\n<\/div><\/section><\/div><div  style='height:50px' class='hr hr-invisible   avia-builder-el-6  el_after_av_one_full  el_before_av_social_share '><span class='hr-inner ' ><span class='hr-inner-style'><\/span><\/span><\/div><\/p>\n<div  class='av-social-sharing-box  avia-builder-el-7  el_after_av_hr  el_before_av_hr  '><div class='av-share-box'><h5 class='av-share-link-description av-no-toc '>Compartir esta noticia<\/h5><ul class='av-share-box-list noLightbox'><li class='av-share-link av-social-link-facebook' ><a target=\"_blank\" aria-label=\"Compartir en Facebook\" href='https:\/\/www.facebook.com\/sharer.php?u=https:\/\/radiorevelacionfm.cl\/?p=64353&#038;t=JUNJI%20refuerza%20campa%C3%B1a%20de%20inscripciones%20y%20matr%C3%ADculas%20en%20su%20participaci%C3%B3n%20en%20la%20Expo%20Patagonia' aria-hidden='false' data-av_icon='\ue8f3' data-av_iconfont='entypo-fontello' title='' data-avia-related-tooltip='Compartir en Facebook' rel=\"noopener\"><span class='avia_hidden_link_text'>Compartir en Facebook<\/span><\/a><\/li><li class='av-share-link av-social-link-twitter' ><a target=\"_blank\" aria-label=\"Compartir en Twitter\" href='https:\/\/twitter.com\/share?text=JUNJI%20refuerza%20campa%C3%B1a%20de%20inscripciones%20y%20matr%C3%ADculas%20en%20su%20participaci%C3%B3n%20en%20la%20Expo%20Patagonia&#038;url=https:\/\/radiorevelacionfm.cl\/?p=64353' aria-hidden='false' data-av_icon='\ue8f1' data-av_iconfont='entypo-fontello' title='' data-avia-related-tooltip='Compartir en Twitter' rel=\"noopener\"><span class='avia_hidden_link_text'>Compartir en Twitter<\/span><\/a><\/li><li class='av-share-link av-social-link-whatsapp' ><a target=\"_blank\" aria-label=\"Compartir en Whatsapp\" href='https:\/\/api.whatsapp.com\/send?text=https:\/\/radiorevelacionfm.cl\/?p=64353' aria-hidden='false' data-av_icon='\uf232' data-av_iconfont='entypo-fontello' title='' data-avia-related-tooltip='Compartir en Whatsapp' rel=\"noopener\"><span class='avia_hidden_link_text'>Compartir en Whatsapp<\/span><\/a><\/li><li class='av-share-link av-social-link-linkedin' ><a target=\"_blank\" aria-label=\"Compartir en LinkedIn\" href='https:\/\/linkedin.com\/shareArticle?mini=true&#038;title=JUNJI%20refuerza%20campa%C3%B1a%20de%20inscripciones%20y%20matr%C3%ADculas%20en%20su%20participaci%C3%B3n%20en%20la%20Expo%20Patagonia&#038;url=https:\/\/radiorevelacionfm.cl\/?p=64353' aria-hidden='false' data-av_icon='\ue8fc' data-av_iconfont='entypo-fontello' title='' data-avia-related-tooltip='Compartir en LinkedIn' rel=\"noopener\"><span class='avia_hidden_link_text'>Compartir en LinkedIn<\/span><\/a><\/li><li class='av-share-link av-social-link-mail' ><a  aria-label=\"Compartir por correo\" href='mailto:?subject=JUNJI%20refuerza%20campa%C3%B1a%20de%20inscripciones%20y%20matr%C3%ADculas%20en%20su%20participaci%C3%B3n%20en%20la%20Expo%20Patagonia&#038;body=https:\/\/radiorevelacionfm.cl\/?p=64353' aria-hidden='false' data-av_icon='\ue805' data-av_iconfont='entypo-fontello' title='' data-avia-related-tooltip='Compartir por correo'><span class='avia_hidden_link_text'>Compartir por correo<\/span><\/a><\/li><\/ul><\/div><\/div>\n<div  style='height:50px' class='hr hr-invisible   avia-builder-el-8  el_after_av_social_share  el_before_av_comments_list '><span class='hr-inner ' ><span class='hr-inner-style'><\/span><\/span><\/div>\n<div  class='av-buildercomment  av-blog-meta-html-info-disabled av-blog-meta-tag-disabled  '><\/div>\n","protected":false},"excerpt":{"rendered":"","protected":false},"author":1,"featured_media":64354,"comment_status":"closed","ping_status":"closed","sticky":false,"template":"","format":"standard","meta":{"footnotes":""},"categories":[49],"tags":[],"class_list":["post-64353","post","type-post","status-publish","format-standard","has-post-thumbnail","hentry","category-educacion"],"jetpack_featured_media_url":"https:\/\/radiorevelacionfm.cl\/wp-content\/uploads\/2026\/02\/img_4368-1_optimized-1.jpg","_links":{"self":[{"href":"https:\/\/radiorevelacionfm.cl\/index.php?rest_route=\/wp\/v2\/posts\/64353","targetHints":{"allow":["GET"]}}],"collection":[{"href":"https:\/\/radiorevelacionfm.cl\/index.php?rest_route=\/wp\/v2\/posts"}],"about":[{"href":"https:\/\/radiorevelacionfm.cl\/index.php?rest_route=\/wp\/v2\/types\/post"}],"author":[{"embeddable":true,"href":"https:\/\/radiorevelacionfm.cl\/index.php?rest_route=\/wp\/v2\/users\/1"}],"replies":[{"embeddable":true,"href":"https:\/\/radiorevelacionfm.cl\/index.php?rest_route=%2Fwp%2Fv2%2Fcomments&post=64353"}],"version-history":[{"count":2,"href":"https:\/\/radiorevelacionfm.cl\/index.php?rest_route=\/wp\/v2\/posts\/64353\/revisions"}],"predecessor-version":[{"id":64356,"href":"https:\/\/radiorevelacionfm.cl\/index.php?rest_route=\/wp\/v2\/posts\/64353\/revisions\/64356"}],"wp:featuredmedia":[{"embeddable":true,"href":"https:\/\/radiorevelacionfm.cl\/index.php?rest_route=\/wp\/v2\/media\/64354"}],"wp:attachment":[{"href":"https:\/\/radiorevelacionfm.cl\/index.php?rest_route=%2Fwp%2Fv2%2Fmedia&parent=64353"}],"wp:term":[{"taxonomy":"category","embeddable":true,"href":"https:\/\/radiorevelacionfm.cl\/index.php?rest_route=%2Fwp%2Fv2%2Fcategories&post=64353"},{"taxonomy":"post_tag","embeddable":true,"href":"https:\/\/radiorevelacionfm.cl\/index.php?rest_route=%2Fwp%2Fv2%2Ftags&post=64353"}],"curies":[{"name":"wp","href":"https:\/\/api.w.org\/{rel}","templated":true}]}}