{"id":64349,"date":"2026-02-17T19:58:56","date_gmt":"2026-02-17T22:58:56","guid":{"rendered":"https:\/\/radiorevelacionfm.cl\/?p=64349"},"modified":"2026-02-17T19:58:56","modified_gmt":"2026-02-17T22:58:56","slug":"edelaysen-participo-en-expo-patagonia-2026-con-stand-informativo-y-exhibicion-de-equipos-en-terreno","status":"publish","type":"post","link":"https:\/\/radiorevelacionfm.cl\/?p=64349","title":{"rendered":"Edelaysen particip\u00f3 en Expo Patagonia 2026 con stand informativo y exhibici\u00f3n de equipos en terreno"},"content":{"rendered":"<div class=\"flex_column av_one_full  flex_column_div av-zero-column-padding first  avia-builder-el-0  el_before_av_one_full  avia-builder-el-first  \" style='border-radius:0px; '><div  class='avia-image-container  av-styling-    avia-builder-el-1  avia-builder-el-no-sibling  avia-align-center '  itemprop=\"image\" itemscope=\"itemscope\" itemtype=\"https:\/\/schema.org\/ImageObject\"  ><div class='avia-image-container-inner'><div class='avia-image-overlay-wrap'><img decoding=\"async\" class='wp-image-64350 avia-img-lazy-loading-not-64350 avia_image' src=\"https:\/\/radiorevelacionfm.cl\/wp-content\/uploads\/2026\/02\/Expo2026-1-1-1.jpeg\" alt='' title='Expo2026 (1) (1) (1)' height=\"600\" width=\"800\"  itemprop=\"thumbnailUrl\" srcset=\"https:\/\/radiorevelacionfm.cl\/wp-content\/uploads\/2026\/02\/Expo2026-1-1-1.jpeg 800w, https:\/\/radiorevelacionfm.cl\/wp-content\/uploads\/2026\/02\/Expo2026-1-1-1-300x225.jpeg 300w, https:\/\/radiorevelacionfm.cl\/wp-content\/uploads\/2026\/02\/Expo2026-1-1-1-768x576.jpeg 768w, https:\/\/radiorevelacionfm.cl\/wp-content\/uploads\/2026\/02\/Expo2026-1-1-1-705x529.jpeg 705w, https:\/\/radiorevelacionfm.cl\/wp-content\/uploads\/2026\/02\/Expo2026-1-1-1-450x338.jpeg 450w, https:\/\/radiorevelacionfm.cl\/wp-content\/uploads\/2026\/02\/Expo2026-1-1-1-600x450.jpeg 600w\" sizes=\"(max-width: 800px) 100vw, 800px\" \/><\/div><\/div><\/div><\/div><div class=\"flex_column av_one_full  flex_column_div av-zero-column-padding first  avia-builder-el-2  el_after_av_one_full  el_before_av_one_full  column-top-margin\" style='border-radius:0px; '><section class=\"av_textblock_section \"  itemscope=\"itemscope\" itemtype=\"https:\/\/schema.org\/BlogPosting\" itemprop=\"blogPost\" ><div class='avia_textblock  '   itemprop=\"text\" ><p style=\"text-align: center;\"><strong><span style=\"font-size: 18pt;\">Edelaysen particip\u00f3 en Expo Patagonia 2026 con stand informativo y exhibici\u00f3n de equipos en terreno<\/span><\/strong><\/p>\n<div id=\"gtx-trans\" style=\"position: absolute; left: -50px; top: 4.31534px;\">\n<div class=\"gtx-trans-icon\"><\/div>\n<\/div>\n<\/div><\/section><\/div><div class=\"flex_column av_one_full  flex_column_div av-zero-column-padding first  avia-builder-el-4  el_after_av_one_full  el_before_av_hr  column-top-margin\" style='border-radius:0px; '><section class=\"av_textblock_section \"  itemscope=\"itemscope\" itemtype=\"https:\/\/schema.org\/BlogPosting\" itemprop=\"blogPost\" ><div class='avia_textblock  '   itemprop=\"text\" ><p style=\"text-align: justify;\">La el\u00e9ctrica estuvo presente durante el fin de semana reci\u00e9n pasado con un espacio orientado a acercar su trabajo a la comunidad, destacando la exhibici\u00f3n del cami\u00f3n capacho con alza-hombre, que fue una de las atracciones m\u00e1s comentadas de la jornada.<\/p>\n<p style=\"text-align: justify;\">En el marco de la Expo Patagonia 2026, que se desarroll\u00f3 este fin de semana en Coyhaique y que reuni\u00f3 a emprendimientos regionales, empresas, expresiones culturales y actividades para la comunidad, Edelaysen particip\u00f3 con un stand informativo e interactivo abierto a todo p\u00fablico.<\/p>\n<p style=\"text-align: justify;\">Durante la jornada, los asistentes pudieron conocer en mayor detalle el trabajo que realiza la empresa en la regi\u00f3n, as\u00ed como visitar el auto el\u00e9ctrico, utilizar el t\u00f3tem de recarga gratuita de celulares y acercarse a equipamiento operativo utilizado en faenas diarias. En ese contexto, la exhibici\u00f3n del cami\u00f3n capacho con alza-hombre concentr\u00f3 gran parte de la atenci\u00f3n del p\u00fablico, convirti\u00e9ndose en uno de los elementos m\u00e1s destacados del fin de semana por vecinos de la comuna y turistas.<\/p>\n<p style=\"text-align: justify;\">Al respecto, la jefa de Servicio al Cliente de Edelaysen, Mar\u00eda de los \u00c1ngeles Gajardo, indic\u00f3 que \u201cpara nosotros es muy importante estar presentes en instancias como la Expo Patagonia, porque nos permiten conversar directamente con las personas, escuchar sus consultas y mostrar de manera cercana c\u00f3mo trabajamos d\u00eda a d\u00eda en la regi\u00f3n. Que el alza-hombre haya generado tanto inter\u00e9s es una oportunidad para explicar el rol del equipo en las maniobras y mantenciones que realizamos para reforzar la continuidad del servicio\u201d.<\/p>\n<p style=\"text-align: justify;\">Por su parte, el alcalde de Coyhaique Carlos Gatica valor\u00f3 la participaci\u00f3n de la empresa y la alta convocatoria del evento. \u201cEl valor de esta Expo est\u00e1 en que convoca a la comunidad y pone en vitrina el trabajo de organizaciones, emprendedores y empresas que aportan al desarrollo local. La presencia de Edelaysen con un espacio informativo y la muestra de equipos como el alza-hombre de manera interactiva, permite que las personas comprendan mejor c\u00f3mo se trabaja en la mantenci\u00f3n de la red y en la continuidad del servicio\u201d, se\u00f1al\u00f3.<\/p>\n<p style=\"text-align: justify;\">La actividad tambi\u00e9n recibi\u00f3 comentarios positivos por parte de visitantes de otras ciudades. Fernando Hern\u00e1ndez, proveniente de Comodoro Rivadavia de la Provincia de Chubut en Argentina, destac\u00f3 la experiencia: \u201cMe llam\u00f3 la atenci\u00f3n ver de cerca el equipamiento y entender c\u00f3mo funciona, estuvo muy divertido el poder subir y ver el evento desde arriba\u201d.<\/p>\n<p style=\"text-align: justify;\">Desde Edelaysen valoraron la invitaci\u00f3n por parte de la Municipalidad de Coyhaique, instituci\u00f3n organizadora de este evento que se ha consolidado como una instancia relevante de encuentro con la comunidad, que permite fortalecer el v\u00ednculo con las personas, resolver consultas en terreno y acercar de manera interactiva parte del trabajo que se realiza en la regi\u00f3n.<\/p>\n<\/div><\/section><\/div><div  style='height:50px' class='hr hr-invisible   avia-builder-el-6  el_after_av_one_full  el_before_av_social_share '><span class='hr-inner ' ><span class='hr-inner-style'><\/span><\/span><\/div><\/p>\n<div  class='av-social-sharing-box  avia-builder-el-7  el_after_av_hr  el_before_av_hr  '><div class='av-share-box'><h5 class='av-share-link-description av-no-toc '>Compartir esta noticia<\/h5><ul class='av-share-box-list noLightbox'><li class='av-share-link av-social-link-facebook' ><a target=\"_blank\" aria-label=\"Compartir en Facebook\" href='https:\/\/www.facebook.com\/sharer.php?u=https:\/\/radiorevelacionfm.cl\/?p=64349&#038;t=Edelaysen%20particip%C3%B3%20en%20Expo%20Patagonia%202026%20con%20stand%20informativo%20y%20exhibici%C3%B3n%20de%20equipos%20en%20terreno' aria-hidden='false' data-av_icon='\ue8f3' data-av_iconfont='entypo-fontello' title='' data-avia-related-tooltip='Compartir en Facebook' rel=\"noopener\"><span class='avia_hidden_link_text'>Compartir en Facebook<\/span><\/a><\/li><li class='av-share-link av-social-link-twitter' ><a target=\"_blank\" aria-label=\"Compartir en Twitter\" href='https:\/\/twitter.com\/share?text=Edelaysen%20particip%C3%B3%20en%20Expo%20Patagonia%202026%20con%20stand%20informativo%20y%20exhibici%C3%B3n%20de%20equipos%20en%20terreno&#038;url=https:\/\/radiorevelacionfm.cl\/?p=64349' aria-hidden='false' data-av_icon='\ue8f1' data-av_iconfont='entypo-fontello' title='' data-avia-related-tooltip='Compartir en Twitter' rel=\"noopener\"><span class='avia_hidden_link_text'>Compartir en Twitter<\/span><\/a><\/li><li class='av-share-link av-social-link-whatsapp' ><a target=\"_blank\" aria-label=\"Compartir en Whatsapp\" href='https:\/\/api.whatsapp.com\/send?text=https:\/\/radiorevelacionfm.cl\/?p=64349' aria-hidden='false' data-av_icon='\uf232' data-av_iconfont='entypo-fontello' title='' data-avia-related-tooltip='Compartir en Whatsapp' rel=\"noopener\"><span class='avia_hidden_link_text'>Compartir en Whatsapp<\/span><\/a><\/li><li class='av-share-link av-social-link-linkedin' ><a target=\"_blank\" aria-label=\"Compartir en LinkedIn\" href='https:\/\/linkedin.com\/shareArticle?mini=true&#038;title=Edelaysen%20particip%C3%B3%20en%20Expo%20Patagonia%202026%20con%20stand%20informativo%20y%20exhibici%C3%B3n%20de%20equipos%20en%20terreno&#038;url=https:\/\/radiorevelacionfm.cl\/?p=64349' aria-hidden='false' data-av_icon='\ue8fc' data-av_iconfont='entypo-fontello' title='' data-avia-related-tooltip='Compartir en LinkedIn' rel=\"noopener\"><span class='avia_hidden_link_text'>Compartir en LinkedIn<\/span><\/a><\/li><li class='av-share-link av-social-link-mail' ><a  aria-label=\"Compartir por correo\" href='mailto:?subject=Edelaysen%20particip%C3%B3%20en%20Expo%20Patagonia%202026%20con%20stand%20informativo%20y%20exhibici%C3%B3n%20de%20equipos%20en%20terreno&#038;body=https:\/\/radiorevelacionfm.cl\/?p=64349' aria-hidden='false' data-av_icon='\ue805' data-av_iconfont='entypo-fontello' title='' data-avia-related-tooltip='Compartir por correo'><span class='avia_hidden_link_text'>Compartir por correo<\/span><\/a><\/li><\/ul><\/div><\/div>\n<div  style='height:50px' class='hr hr-invisible   avia-builder-el-8  el_after_av_social_share  el_before_av_comments_list '><span class='hr-inner ' ><span class='hr-inner-style'><\/span><\/span><\/div>\n<div  class='av-buildercomment  av-blog-meta-html-info-disabled av-blog-meta-tag-disabled  '><\/div>\n","protected":false},"excerpt":{"rendered":"","protected":false},"author":1,"featured_media":64350,"comment_status":"closed","ping_status":"closed","sticky":false,"template":"","format":"standard","meta":{"footnotes":""},"categories":[38],"tags":[],"class_list":["post-64349","post","type-post","status-publish","format-standard","has-post-thumbnail","hentry","category-regional"],"jetpack_featured_media_url":"https:\/\/radiorevelacionfm.cl\/wp-content\/uploads\/2026\/02\/Expo2026-1-1-1.jpeg","_links":{"self":[{"href":"https:\/\/radiorevelacionfm.cl\/index.php?rest_route=\/wp\/v2\/posts\/64349","targetHints":{"allow":["GET"]}}],"collection":[{"href":"https:\/\/radiorevelacionfm.cl\/index.php?rest_route=\/wp\/v2\/posts"}],"about":[{"href":"https:\/\/radiorevelacionfm.cl\/index.php?rest_route=\/wp\/v2\/types\/post"}],"author":[{"embeddable":true,"href":"https:\/\/radiorevelacionfm.cl\/index.php?rest_route=\/wp\/v2\/users\/1"}],"replies":[{"embeddable":true,"href":"https:\/\/radiorevelacionfm.cl\/index.php?rest_route=%2Fwp%2Fv2%2Fcomments&post=64349"}],"version-history":[{"count":2,"href":"https:\/\/radiorevelacionfm.cl\/index.php?rest_route=\/wp\/v2\/posts\/64349\/revisions"}],"predecessor-version":[{"id":64352,"href":"https:\/\/radiorevelacionfm.cl\/index.php?rest_route=\/wp\/v2\/posts\/64349\/revisions\/64352"}],"wp:featuredmedia":[{"embeddable":true,"href":"https:\/\/radiorevelacionfm.cl\/index.php?rest_route=\/wp\/v2\/media\/64350"}],"wp:attachment":[{"href":"https:\/\/radiorevelacionfm.cl\/index.php?rest_route=%2Fwp%2Fv2%2Fmedia&parent=64349"}],"wp:term":[{"taxonomy":"category","embeddable":true,"href":"https:\/\/radiorevelacionfm.cl\/index.php?rest_route=%2Fwp%2Fv2%2Fcategories&post=64349"},{"taxonomy":"post_tag","embeddable":true,"href":"https:\/\/radiorevelacionfm.cl\/index.php?rest_route=%2Fwp%2Fv2%2Ftags&post=64349"}],"curies":[{"name":"wp","href":"https:\/\/api.w.org\/{rel}","templated":true}]}}