{"id":64347,"date":"2026-02-18T10:42:33","date_gmt":"2026-02-18T13:42:33","guid":{"rendered":"https:\/\/radiorevelacionfm.cl\/?p=64347"},"modified":"2026-02-18T10:42:33","modified_gmt":"2026-02-18T13:42:33","slug":"columna-de-opinion-aysen-y-la-politica-de-hacer-que-las-cosas-pasen","status":"publish","type":"post","link":"https:\/\/radiorevelacionfm.cl\/?p=64347","title":{"rendered":"Columna de opini\u00f3n: Ays\u00e9n y la pol\u00edtica de hacer que las cosas pasen"},"content":{"rendered":"<div class=\"flex_column av_one_full  flex_column_div av-zero-column-padding first  avia-builder-el-0  el_before_av_one_full  avia-builder-el-first  \" style='border-radius:0px; '><div  class='avia-image-container  av-styling-    avia-builder-el-1  avia-builder-el-no-sibling  avia-align-center '  itemprop=\"image\" itemscope=\"itemscope\" itemtype=\"https:\/\/schema.org\/ImageObject\"  ><div class='avia-image-container-inner'><div class='avia-image-overlay-wrap'><img decoding=\"async\" class='wp-image-62870 avia-img-lazy-loading-not-62870 avia_image' src=\"https:\/\/radiorevelacionfm.cl\/wp-content\/uploads\/2025\/12\/Columna-Opinion-Seremi-de-Gobierno-1-1.jpeg\" alt='' title='Columna Opini\u00f3n Seremi de Gobierno (1) (1)' height=\"675\" width=\"802\"  itemprop=\"thumbnailUrl\" srcset=\"https:\/\/radiorevelacionfm.cl\/wp-content\/uploads\/2025\/12\/Columna-Opinion-Seremi-de-Gobierno-1-1.jpeg 802w, https:\/\/radiorevelacionfm.cl\/wp-content\/uploads\/2025\/12\/Columna-Opinion-Seremi-de-Gobierno-1-1-300x252.jpeg 300w, https:\/\/radiorevelacionfm.cl\/wp-content\/uploads\/2025\/12\/Columna-Opinion-Seremi-de-Gobierno-1-1-768x646.jpeg 768w, https:\/\/radiorevelacionfm.cl\/wp-content\/uploads\/2025\/12\/Columna-Opinion-Seremi-de-Gobierno-1-1-705x593.jpeg 705w, https:\/\/radiorevelacionfm.cl\/wp-content\/uploads\/2025\/12\/Columna-Opinion-Seremi-de-Gobierno-1-1-450x379.jpeg 450w, https:\/\/radiorevelacionfm.cl\/wp-content\/uploads\/2025\/12\/Columna-Opinion-Seremi-de-Gobierno-1-1-600x505.jpeg 600w\" sizes=\"(max-width: 802px) 100vw, 802px\" \/><\/div><\/div><\/div><\/div><div class=\"flex_column av_one_full  flex_column_div av-zero-column-padding first  avia-builder-el-2  el_after_av_one_full  el_before_av_one_full  column-top-margin\" style='border-radius:0px; '><section class=\"av_textblock_section \"  itemscope=\"itemscope\" itemtype=\"https:\/\/schema.org\/BlogPosting\" itemprop=\"blogPost\" ><div class='avia_textblock  '   itemprop=\"text\" ><p style=\"text-align: center;\"><strong><span style=\"font-size: 18pt;\">Columna de opini\u00f3n: Ays\u00e9n y la pol\u00edtica de hacer que las cosas pasen<\/span><\/strong><\/p>\n<div id=\"gtx-trans\" style=\"position: absolute; left: -50px; top: 4.31534px;\">\n<div class=\"gtx-trans-icon\"><\/div>\n<\/div>\n<\/div><\/section><\/div><div class=\"flex_column av_one_full  flex_column_div av-zero-column-padding first  avia-builder-el-4  el_after_av_one_full  el_before_av_hr  column-top-margin\" style='border-radius:0px; '><section class=\"av_textblock_section \"  itemscope=\"itemscope\" itemtype=\"https:\/\/schema.org\/BlogPosting\" itemprop=\"blogPost\" ><div class='avia_textblock  '   itemprop=\"text\" ><p style=\"text-align: justify;\">En pol\u00edtica, las cifras suelen usarse como escudos o como trofeos. Pero en regiones como Ays\u00e9n, los n\u00fameros pesan distinto: se traducen en kil\u00f3metros de distancia acortados, en le\u00f1a que ya no se quema, en familias que dejan de esperar. Por eso, cuando se habla de vivienda y ciudad en el extremo sur, no basta con enumerar obras; hay que preguntarse si, esta vez, el Estado estuvo a la altura del territorio.<\/p>\n<p style=\"text-align: justify;\">Durante este periodo de gobierno, la regi\u00f3n muestra resultados que no son menores: 1.392 viviendas terminadas, 1.080 en ejecuci\u00f3n y m\u00e1s de 300 por iniciar, en una zona donde construir siempre cuesta m\u00e1s, demora m\u00e1s y exige m\u00e1s log\u00edstica que en cualquier otra parte del pa\u00eds. En un Chile acostumbrado a medir la pol\u00edtica p\u00fablica desde Santiago, Ays\u00e9n vuelve a recordar que la equidad no se decreta: se financia, se planifica y se ejecuta.<\/p>\n<p style=\"text-align: justify;\">Pero no se trata solo de cantidad. Uno de los hitos m\u00e1s simb\u00f3licos es la entrega del primer barrio ind\u00edgena de la regi\u00f3n, junto con proyectos largamente esperados como el de Puerto Chacabuco, donde no exist\u00eda un nuevo comit\u00e9 habitacional desde los a\u00f1os noventa. Ah\u00ed hay una se\u00f1al pol\u00edtica clara: la vivienda no es solo un techo; es tambi\u00e9n reconocimiento, pertenencia y reparaci\u00f3n de una deuda hist\u00f3rica con comunidades y localidades postergadas.<\/p>\n<p style=\"text-align: justify;\">La pol\u00edtica habitacional tambi\u00e9n se cruza con los cuidados, un tema que por a\u00f1os qued\u00f3 fuera del dise\u00f1o urbano. Hoy, Ays\u00e9n cuenta con un Centro de Cuidados entregado en Puerto Ays\u00e9n y otro en construcci\u00f3n en Coyhaique, poniendo en el centro a quienes cuidan y a quienes necesitan ser cuidados. No es un detalle: es reconocer que las ciudades no solo se miden en metros cuadrados construidos, sino en la red de apoyos que sostiene la vida cotidiana.<\/p>\n<p style=\"text-align: justify;\">En paralelo, hay una apuesta por el espacio p\u00fablico y la escala humana: pavimentos participativos con pertinencia territorial en Caleta Tortel, rutas peatonales en Cisnes y la intervenci\u00f3n de plazas en localidades rurales como \u00d1irehuao, Puerto Tranquilo, La Junta, Villa Ortega y Mall\u00edn Grande. Son proyectos que devuelven dignidad al d\u00eda a d\u00eda y refuerzan el sentido de comunidad.<\/p>\n<p style=\"text-align: justify;\">Quiz\u00e1s uno de los movimientos m\u00e1s estrat\u00e9gicos es el inicio del Plan Urbano Habitacional Chacra G1 en Coyhaique, que proyecta 976 nuevas viviendas y abre la puerta a un crecimiento urbano planificado, en lugar de seguir parchando la ciudad a punta de soluciones de emergencia. Planificar en Ays\u00e9n no es un lujo tecnocr\u00e1tico: es la \u00fanica forma de evitar que el futuro repita los errores del pasado.<\/p>\n<p style=\"text-align: justify;\">A esto se suma un hito ambiental y social que muchas veces pasa inadvertido en el debate nacional: Ays\u00e9n se convirti\u00f3 en la primera regi\u00f3n del pa\u00eds en cumplir la meta del Plan de Descontaminaci\u00f3n Atmosf\u00e9rica, gracias a los programas de revestimiento t\u00e9rmico. Menos humo, menos gasto en calefacci\u00f3n y mejor salud.<\/p>\n<p style=\"text-align: justify;\">\u00bfEs suficiente? Nunca lo es en una regi\u00f3n con tantas brechas acumuladas. Pero s\u00ed marca una diferencia entre la pol\u00edtica de la promesa eterna y la pol\u00edtica del avance concreto. Ays\u00e9n no necesita m\u00e1s discursos grandilocuentes ni promesas que se las lleva el viento. Necesita pol\u00edticas que se mantengan en el tiempo, inversi\u00f3n constante y decisiones que entiendan que, por el aislamiento y las brechas hist\u00f3ricas de la regi\u00f3n, cada vivienda, cada plaza y cada vereda tienen un impacto mucho mayor en la vida de las personas. Porque en el extremo sur, gobernar bien no es solo administrar cifras: es, literalmente, cambiarle el clima \u2014y el futuro\u2014 a la vida de las personas.<\/p>\n<\/div><\/section><\/div><div  style='height:50px' class='hr hr-invisible   avia-builder-el-6  el_after_av_one_full  el_before_av_social_share '><span class='hr-inner ' ><span class='hr-inner-style'><\/span><\/span><\/div><\/p>\n<div  class='av-social-sharing-box  avia-builder-el-7  el_after_av_hr  el_before_av_hr  '><div class='av-share-box'><h5 class='av-share-link-description av-no-toc '>Compartir esta noticia<\/h5><ul class='av-share-box-list noLightbox'><li class='av-share-link av-social-link-facebook' ><a target=\"_blank\" aria-label=\"Compartir en Facebook\" href='https:\/\/www.facebook.com\/sharer.php?u=https:\/\/radiorevelacionfm.cl\/?p=64347&#038;t=Columna%20de%20opini%C3%B3n%3A%20Ays%C3%A9n%20y%20la%20pol%C3%ADtica%20de%20hacer%20que%20las%20cosas%20pasen' aria-hidden='false' data-av_icon='\ue8f3' data-av_iconfont='entypo-fontello' title='' data-avia-related-tooltip='Compartir en Facebook' rel=\"noopener\"><span class='avia_hidden_link_text'>Compartir en Facebook<\/span><\/a><\/li><li class='av-share-link av-social-link-twitter' ><a target=\"_blank\" aria-label=\"Compartir en Twitter\" href='https:\/\/twitter.com\/share?text=Columna%20de%20opini%C3%B3n%3A%20Ays%C3%A9n%20y%20la%20pol%C3%ADtica%20de%20hacer%20que%20las%20cosas%20pasen&#038;url=https:\/\/radiorevelacionfm.cl\/?p=64347' aria-hidden='false' data-av_icon='\ue8f1' data-av_iconfont='entypo-fontello' title='' data-avia-related-tooltip='Compartir en Twitter' rel=\"noopener\"><span class='avia_hidden_link_text'>Compartir en Twitter<\/span><\/a><\/li><li class='av-share-link av-social-link-whatsapp' ><a target=\"_blank\" aria-label=\"Compartir en Whatsapp\" href='https:\/\/api.whatsapp.com\/send?text=https:\/\/radiorevelacionfm.cl\/?p=64347' aria-hidden='false' data-av_icon='\uf232' data-av_iconfont='entypo-fontello' title='' data-avia-related-tooltip='Compartir en Whatsapp' rel=\"noopener\"><span class='avia_hidden_link_text'>Compartir en Whatsapp<\/span><\/a><\/li><li class='av-share-link av-social-link-linkedin' ><a target=\"_blank\" aria-label=\"Compartir en LinkedIn\" href='https:\/\/linkedin.com\/shareArticle?mini=true&#038;title=Columna%20de%20opini%C3%B3n%3A%20Ays%C3%A9n%20y%20la%20pol%C3%ADtica%20de%20hacer%20que%20las%20cosas%20pasen&#038;url=https:\/\/radiorevelacionfm.cl\/?p=64347' aria-hidden='false' data-av_icon='\ue8fc' data-av_iconfont='entypo-fontello' title='' data-avia-related-tooltip='Compartir en LinkedIn' rel=\"noopener\"><span class='avia_hidden_link_text'>Compartir en LinkedIn<\/span><\/a><\/li><li class='av-share-link av-social-link-mail' ><a  aria-label=\"Compartir por correo\" href='mailto:?subject=Columna%20de%20opini%C3%B3n%3A%20Ays%C3%A9n%20y%20la%20pol%C3%ADtica%20de%20hacer%20que%20las%20cosas%20pasen&#038;body=https:\/\/radiorevelacionfm.cl\/?p=64347' aria-hidden='false' data-av_icon='\ue805' data-av_iconfont='entypo-fontello' title='' data-avia-related-tooltip='Compartir por correo'><span class='avia_hidden_link_text'>Compartir por correo<\/span><\/a><\/li><\/ul><\/div><\/div>\n<div  style='height:50px' class='hr hr-invisible   avia-builder-el-8  el_after_av_social_share  el_before_av_comments_list '><span class='hr-inner ' ><span class='hr-inner-style'><\/span><\/span><\/div>\n<div  class='av-buildercomment  av-blog-meta-html-info-disabled av-blog-meta-tag-disabled  '><\/div>\n","protected":false},"excerpt":{"rendered":"","protected":false},"author":1,"featured_media":62870,"comment_status":"closed","ping_status":"closed","sticky":false,"template":"","format":"standard","meta":{"footnotes":""},"categories":[50],"tags":[],"class_list":["post-64347","post","type-post","status-publish","format-standard","has-post-thumbnail","hentry","category-cartas-y-opinion"],"jetpack_featured_media_url":"https:\/\/radiorevelacionfm.cl\/wp-content\/uploads\/2025\/12\/Columna-Opinion-Seremi-de-Gobierno-1-1.jpeg","_links":{"self":[{"href":"https:\/\/radiorevelacionfm.cl\/index.php?rest_route=\/wp\/v2\/posts\/64347","targetHints":{"allow":["GET"]}}],"collection":[{"href":"https:\/\/radiorevelacionfm.cl\/index.php?rest_route=\/wp\/v2\/posts"}],"about":[{"href":"https:\/\/radiorevelacionfm.cl\/index.php?rest_route=\/wp\/v2\/types\/post"}],"author":[{"embeddable":true,"href":"https:\/\/radiorevelacionfm.cl\/index.php?rest_route=\/wp\/v2\/users\/1"}],"replies":[{"embeddable":true,"href":"https:\/\/radiorevelacionfm.cl\/index.php?rest_route=%2Fwp%2Fv2%2Fcomments&post=64347"}],"version-history":[{"count":2,"href":"https:\/\/radiorevelacionfm.cl\/index.php?rest_route=\/wp\/v2\/posts\/64347\/revisions"}],"predecessor-version":[{"id":64357,"href":"https:\/\/radiorevelacionfm.cl\/index.php?rest_route=\/wp\/v2\/posts\/64347\/revisions\/64357"}],"wp:featuredmedia":[{"embeddable":true,"href":"https:\/\/radiorevelacionfm.cl\/index.php?rest_route=\/wp\/v2\/media\/62870"}],"wp:attachment":[{"href":"https:\/\/radiorevelacionfm.cl\/index.php?rest_route=%2Fwp%2Fv2%2Fmedia&parent=64347"}],"wp:term":[{"taxonomy":"category","embeddable":true,"href":"https:\/\/radiorevelacionfm.cl\/index.php?rest_route=%2Fwp%2Fv2%2Fcategories&post=64347"},{"taxonomy":"post_tag","embeddable":true,"href":"https:\/\/radiorevelacionfm.cl\/index.php?rest_route=%2Fwp%2Fv2%2Ftags&post=64347"}],"curies":[{"name":"wp","href":"https:\/\/api.w.org\/{rel}","templated":true}]}}