{"id":64336,"date":"2026-02-17T15:59:52","date_gmt":"2026-02-17T18:59:52","guid":{"rendered":"https:\/\/radiorevelacionfm.cl\/?p=64336"},"modified":"2026-02-17T15:59:52","modified_gmt":"2026-02-17T18:59:52","slug":"islas-huichas-celebra-su-84-aniversario-con-tradicion-cultura-y-actividades-para-toda-la-comunidad","status":"publish","type":"post","link":"https:\/\/radiorevelacionfm.cl\/?p=64336","title":{"rendered":"Islas Huichas celebra su 84\u00b0 aniversario con tradici\u00f3n, cultura y actividades para toda la comunidad"},"content":{"rendered":"<div class=\"flex_column av_one_full  flex_column_div av-zero-column-padding first  avia-builder-el-0  el_before_av_one_full  avia-builder-el-first  \" style='border-radius:0px; '><div  class='avia-image-container  av-styling-    avia-builder-el-1  avia-builder-el-no-sibling  avia-align-center '  itemprop=\"image\" itemscope=\"itemscope\" itemtype=\"https:\/\/schema.org\/ImageObject\"  ><div class='avia-image-container-inner'><div class='avia-image-overlay-wrap'><img decoding=\"async\" class='wp-image-64337 avia-img-lazy-loading-not-64337 avia_image' src=\"https:\/\/radiorevelacionfm.cl\/wp-content\/uploads\/2026\/02\/aniversario-huichas-2-1-1.jpg\" alt='' title='aniversario huichas 2 (1) (1)' height=\"640\" width=\"800\"  itemprop=\"thumbnailUrl\" srcset=\"https:\/\/radiorevelacionfm.cl\/wp-content\/uploads\/2026\/02\/aniversario-huichas-2-1-1.jpg 800w, https:\/\/radiorevelacionfm.cl\/wp-content\/uploads\/2026\/02\/aniversario-huichas-2-1-1-300x240.jpg 300w, https:\/\/radiorevelacionfm.cl\/wp-content\/uploads\/2026\/02\/aniversario-huichas-2-1-1-768x614.jpg 768w, https:\/\/radiorevelacionfm.cl\/wp-content\/uploads\/2026\/02\/aniversario-huichas-2-1-1-705x564.jpg 705w, https:\/\/radiorevelacionfm.cl\/wp-content\/uploads\/2026\/02\/aniversario-huichas-2-1-1-450x360.jpg 450w, https:\/\/radiorevelacionfm.cl\/wp-content\/uploads\/2026\/02\/aniversario-huichas-2-1-1-600x480.jpg 600w\" sizes=\"(max-width: 800px) 100vw, 800px\" \/><\/div><\/div><\/div><\/div><div class=\"flex_column av_one_full  flex_column_div av-zero-column-padding first  avia-builder-el-2  el_after_av_one_full  el_before_av_one_full  column-top-margin\" style='border-radius:0px; '><section class=\"av_textblock_section \"  itemscope=\"itemscope\" itemtype=\"https:\/\/schema.org\/BlogPosting\" itemprop=\"blogPost\" ><div class='avia_textblock  '   itemprop=\"text\" ><p style=\"text-align: center;\"><strong><span style=\"font-size: 18pt;\">Islas Huichas celebra su 84\u00b0 aniversario con tradici\u00f3n, cultura y actividades para toda la comunidad<\/span><\/strong><\/p>\n<div id=\"gtx-trans\" style=\"position: absolute; left: -50px; top: 4.31534px;\">\n<div class=\"gtx-trans-icon\"><\/div>\n<\/div>\n<\/div><\/section><\/div><div class=\"flex_column av_one_full  flex_column_div av-zero-column-padding first  avia-builder-el-4  el_after_av_one_full  el_before_av_hr  column-top-margin\" style='border-radius:0px; '><section class=\"av_textblock_section \"  itemscope=\"itemscope\" itemtype=\"https:\/\/schema.org\/BlogPosting\" itemprop=\"blogPost\" ><div class='avia_textblock  '   itemprop=\"text\" ><p style=\"text-align: justify;\">La Municipalidad de Ays\u00e9n invita a toda la comunidad a ser parte de las actividades conmemorativas del <strong>84\u00b0 aniversario de Islas Huichas<\/strong>, territorio conformado por las localidades de <strong>Puerto Aguirre<\/strong>, <strong>Estero Copa<\/strong> y <strong>Caleta Andrade<\/strong>, que durante febrero y comienzos de marzo vive jornadas llenas de tradici\u00f3n, cultura, deporte y encuentro familiar.<\/p>\n<p style=\"text-align: justify;\">Las celebraciones ya comenzaron con una serie de <strong>actividades tradicionales terrestres y acu\u00e1ticas<\/strong>, que reunieron a la comunidad en un ambiente de sana competencia y compa\u00f1erismo. Estas instancias, que incluyeron carreras, cadenas y desaf\u00edos en el mar, no solo fortalecieron la identidad isle\u00f1a, sino que adem\u00e1s otorgaron puntaje a las candidatas previo al esperado Certamen de Coronaci\u00f3n de Reinas.<\/p>\n<p style=\"text-align: justify;\">La encargada de Cultura de la Municipalidad de Ays\u00e9n, <strong>Edith Villarroel<\/strong>, destac\u00f3 el entusiasmo con que se han vivido las primeras jornadas, \u201cla semana pasada iniciamos la celebraci\u00f3n de un nuevo aniversario de Islas Huichas, con actividades tradicionales, tirar la cuerda, yincana y actividades acu\u00e1ticas. El d\u00eda s\u00e1bado, con apoyo del Club A\u00e9reo de Ays\u00e9n, los vecinos y vecinas pudieron disfrutar de sobrevolar la isla y con ese mismo entusiasmo esperamos que nos puedan acompa\u00f1ar en esta nueva semana de actividades donde iniciaremos las actividades con espacios para las infancias, para los ni\u00f1os, ni\u00f1as y adolescentes\u201d.<\/p>\n<p style=\"text-align: justify;\">\u201cY como esto reci\u00e9n comienza, invitamos a los vecinos a revisar nuestra programaci\u00f3n para que puedan ser parte de todas las actividades que tenemos preparadas para ustedes\u201d, finaliz\u00f3 la funcionaria.<\/p>\n<p style=\"text-align: justify;\">El programa continu\u00f3 el <strong>martes 17 de febrero<\/strong> con el \u201cBibliocine Familiar\u201d, una funci\u00f3n gratuita en la Biblioteca de Puerto Aguirre, pensada para que ni\u00f1os, ni\u00f1as y familias disfruten de una tarde de cine.<\/p>\n<p style=\"text-align: justify;\">El pr\u00f3ximo evento se desarrollar\u00e1 el <strong>jueves 19 de febrero<\/strong>, el cual es la \u201cTarde Biblio Entretenida\u201d, instancia que contar\u00e1 con la presentaci\u00f3n del Programa Municipal \u201cTrotamundi\u201d, exhibici\u00f3n de libros infantiles y globoflexia.<\/p>\n<p style=\"text-align: justify;\">Uno de los momentos m\u00e1s esperados ser\u00e1 el <strong>viernes 20 de febrero<\/strong>, con el Certamen de Coronaci\u00f3n de Reinas, tradicional iniciativa que busca elegir a la monarca de la isla, destacando carisma y los valores propios de las comunidades isle\u00f1as. Este a\u00f1o las candidatas Maurett Paill\u00e1n, Josefa Canible y Giuliana Garc\u00eda se presentar\u00e1n desde las 21:00 horas en el Gimnasio Demetrio C\u00e1rdenas. La jornada contar\u00e1 con la presentaci\u00f3n musical del grupo <strong>Los Dinos de Chile<\/strong>.<\/p>\n<p style=\"text-align: justify;\">El <strong>s\u00e1bado 21 de febrero<\/strong> se realizar\u00e1 el \u201cFestival de Talentos del Litoral\u201d, espacio familiar, infantil y juvenil que invita a mostrar habilidades art\u00edsticas. La jornada incluir\u00e1 la presentaci\u00f3n del grupo <strong>Vientos Camperos<\/strong>, con m\u00fasica tradicional patag\u00f3nica.<\/p>\n<p style=\"text-align: justify;\">Las celebraciones continuar\u00e1n el <strong>domingo 22 y lunes 23 de febrero<\/strong> con \u201cArmon\u00edas del Mar\u201d, jornadas que contemplan una feria hortofrut\u00edcola, presentaciones art\u00edsticas de <strong>Fusi\u00f3n Tropical<\/strong> y los <strong>Mariachis de Coyhaique<\/strong>, adem\u00e1s de un encuentro de kayak y actividades de limpieza de playas y hermoseamiento de la plaza de Caleta Andrade.<\/p>\n<p style=\"text-align: justify;\">Entre el <strong>24 y el 27 de febrero<\/strong>, el Gimnasio Demetrio C\u00e1rdenas ser\u00e1 escenario de un encuentro deportivo infantil. Asimismo, el <strong>martes 24<\/strong> se realizar\u00e1 la \u201cB\u00fasqueda del Tesoro\u201d y el <strong>jueves 26<\/strong> el \u201cBingo Comunitario\u201d, que contar\u00e1 con la presentaci\u00f3n del grupo <strong>Mala Yerba<\/strong>.<\/p>\n<p style=\"text-align: justify;\">El cierre del aniversario ser\u00e1 el <strong>s\u00e1bado 7 de marzo<\/strong> con una velada de boxeo que reunir\u00e1 a deportistas regionales y nacionales.<\/p>\n<p style=\"text-align: justify;\">Desde el municipio reiteraron la invitaci\u00f3n a toda la comunidad a sumarse a esta gran celebraci\u00f3n, que no solo conmemora un nuevo a\u00f1o de historia, sino que tambi\u00e9n fortalece la identidad, la unidad y el orgullo de Islas Huichas.<\/p>\n<\/div><\/section><\/div><div  style='height:50px' class='hr hr-invisible   avia-builder-el-6  el_after_av_one_full  el_before_av_social_share '><span class='hr-inner ' ><span class='hr-inner-style'><\/span><\/span><\/div><\/p>\n<div  class='av-social-sharing-box  avia-builder-el-7  el_after_av_hr  el_before_av_hr  '><div class='av-share-box'><h5 class='av-share-link-description av-no-toc '>Compartir esta noticia<\/h5><ul class='av-share-box-list noLightbox'><li class='av-share-link av-social-link-facebook' ><a target=\"_blank\" aria-label=\"Compartir en Facebook\" href='https:\/\/www.facebook.com\/sharer.php?u=https:\/\/radiorevelacionfm.cl\/?p=64336&#038;t=Islas%20Huichas%20celebra%20su%2084%C2%B0%20aniversario%20con%20tradici%C3%B3n%2C%20cultura%20y%20actividades%20para%20toda%20la%20comunidad' aria-hidden='false' data-av_icon='\ue8f3' data-av_iconfont='entypo-fontello' title='' data-avia-related-tooltip='Compartir en Facebook' rel=\"noopener\"><span class='avia_hidden_link_text'>Compartir en Facebook<\/span><\/a><\/li><li class='av-share-link av-social-link-twitter' ><a target=\"_blank\" aria-label=\"Compartir en Twitter\" href='https:\/\/twitter.com\/share?text=Islas%20Huichas%20celebra%20su%2084%C2%B0%20aniversario%20con%20tradici%C3%B3n%2C%20cultura%20y%20actividades%20para%20toda%20la%20comunidad&#038;url=https:\/\/radiorevelacionfm.cl\/?p=64336' aria-hidden='false' data-av_icon='\ue8f1' data-av_iconfont='entypo-fontello' title='' data-avia-related-tooltip='Compartir en Twitter' rel=\"noopener\"><span class='avia_hidden_link_text'>Compartir en Twitter<\/span><\/a><\/li><li class='av-share-link av-social-link-whatsapp' ><a target=\"_blank\" aria-label=\"Compartir en Whatsapp\" href='https:\/\/api.whatsapp.com\/send?text=https:\/\/radiorevelacionfm.cl\/?p=64336' aria-hidden='false' data-av_icon='\uf232' data-av_iconfont='entypo-fontello' title='' data-avia-related-tooltip='Compartir en Whatsapp' rel=\"noopener\"><span class='avia_hidden_link_text'>Compartir en Whatsapp<\/span><\/a><\/li><li class='av-share-link av-social-link-linkedin' ><a target=\"_blank\" aria-label=\"Compartir en LinkedIn\" href='https:\/\/linkedin.com\/shareArticle?mini=true&#038;title=Islas%20Huichas%20celebra%20su%2084%C2%B0%20aniversario%20con%20tradici%C3%B3n%2C%20cultura%20y%20actividades%20para%20toda%20la%20comunidad&#038;url=https:\/\/radiorevelacionfm.cl\/?p=64336' aria-hidden='false' data-av_icon='\ue8fc' data-av_iconfont='entypo-fontello' title='' data-avia-related-tooltip='Compartir en LinkedIn' rel=\"noopener\"><span class='avia_hidden_link_text'>Compartir en LinkedIn<\/span><\/a><\/li><li class='av-share-link av-social-link-mail' ><a  aria-label=\"Compartir por correo\" href='mailto:?subject=Islas%20Huichas%20celebra%20su%2084%C2%B0%20aniversario%20con%20tradici%C3%B3n%2C%20cultura%20y%20actividades%20para%20toda%20la%20comunidad&#038;body=https:\/\/radiorevelacionfm.cl\/?p=64336' aria-hidden='false' data-av_icon='\ue805' data-av_iconfont='entypo-fontello' title='' data-avia-related-tooltip='Compartir por correo'><span class='avia_hidden_link_text'>Compartir por correo<\/span><\/a><\/li><\/ul><\/div><\/div>\n<div  style='height:50px' class='hr hr-invisible   avia-builder-el-8  el_after_av_social_share  el_before_av_comments_list '><span class='hr-inner ' ><span class='hr-inner-style'><\/span><\/span><\/div>\n<div  class='av-buildercomment  av-blog-meta-html-info-disabled av-blog-meta-tag-disabled  '><\/div>\n","protected":false},"excerpt":{"rendered":"","protected":false},"author":1,"featured_media":64337,"comment_status":"closed","ping_status":"closed","sticky":false,"template":"","format":"standard","meta":{"footnotes":""},"categories":[38],"tags":[],"class_list":["post-64336","post","type-post","status-publish","format-standard","has-post-thumbnail","hentry","category-regional"],"jetpack_featured_media_url":"https:\/\/radiorevelacionfm.cl\/wp-content\/uploads\/2026\/02\/aniversario-huichas-2-1-1.jpg","_links":{"self":[{"href":"https:\/\/radiorevelacionfm.cl\/index.php?rest_route=\/wp\/v2\/posts\/64336","targetHints":{"allow":["GET"]}}],"collection":[{"href":"https:\/\/radiorevelacionfm.cl\/index.php?rest_route=\/wp\/v2\/posts"}],"about":[{"href":"https:\/\/radiorevelacionfm.cl\/index.php?rest_route=\/wp\/v2\/types\/post"}],"author":[{"embeddable":true,"href":"https:\/\/radiorevelacionfm.cl\/index.php?rest_route=\/wp\/v2\/users\/1"}],"replies":[{"embeddable":true,"href":"https:\/\/radiorevelacionfm.cl\/index.php?rest_route=%2Fwp%2Fv2%2Fcomments&post=64336"}],"version-history":[{"count":2,"href":"https:\/\/radiorevelacionfm.cl\/index.php?rest_route=\/wp\/v2\/posts\/64336\/revisions"}],"predecessor-version":[{"id":64339,"href":"https:\/\/radiorevelacionfm.cl\/index.php?rest_route=\/wp\/v2\/posts\/64336\/revisions\/64339"}],"wp:featuredmedia":[{"embeddable":true,"href":"https:\/\/radiorevelacionfm.cl\/index.php?rest_route=\/wp\/v2\/media\/64337"}],"wp:attachment":[{"href":"https:\/\/radiorevelacionfm.cl\/index.php?rest_route=%2Fwp%2Fv2%2Fmedia&parent=64336"}],"wp:term":[{"taxonomy":"category","embeddable":true,"href":"https:\/\/radiorevelacionfm.cl\/index.php?rest_route=%2Fwp%2Fv2%2Fcategories&post=64336"},{"taxonomy":"post_tag","embeddable":true,"href":"https:\/\/radiorevelacionfm.cl\/index.php?rest_route=%2Fwp%2Fv2%2Ftags&post=64336"}],"curies":[{"name":"wp","href":"https:\/\/api.w.org\/{rel}","templated":true}]}}