{"id":64332,"date":"2026-02-17T17:31:34","date_gmt":"2026-02-17T20:31:34","guid":{"rendered":"https:\/\/radiorevelacionfm.cl\/?p=64332"},"modified":"2026-02-17T17:31:34","modified_gmt":"2026-02-17T20:31:34","slug":"sernameg-entrega-apoyo-psicosocial-y-juridico-a-victima-de-violencia-de-genero-extrema-en-coyhaique","status":"publish","type":"post","link":"https:\/\/radiorevelacionfm.cl\/?p=64332","title":{"rendered":"SernamEG entrega apoyo psicosocial y jur\u00eddico a v\u00edctima de violencia de g\u00e9nero extrema en Coyhaique"},"content":{"rendered":"<div class=\"flex_column av_one_full  flex_column_div av-zero-column-padding first  avia-builder-el-0  el_before_av_one_full  avia-builder-el-first  \" style='border-radius:0px; '><div  class='avia-image-container  av-styling-    avia-builder-el-1  avia-builder-el-no-sibling  avia-align-center '  itemprop=\"image\" itemscope=\"itemscope\" itemtype=\"https:\/\/schema.org\/ImageObject\"  ><div class='avia-image-container-inner'><div class='avia-image-overlay-wrap'><img decoding=\"async\" class='wp-image-64333 avia-img-lazy-loading-not-64333 avia_image' src=\"https:\/\/radiorevelacionfm.cl\/wp-content\/uploads\/2026\/02\/dr-sernameg-1-1_optimized-1.jpeg\" alt='' title='dr-sernameg-1-(1)_optimized (1)' height=\"600\" width=\"800\"  itemprop=\"thumbnailUrl\" srcset=\"https:\/\/radiorevelacionfm.cl\/wp-content\/uploads\/2026\/02\/dr-sernameg-1-1_optimized-1.jpeg 800w, https:\/\/radiorevelacionfm.cl\/wp-content\/uploads\/2026\/02\/dr-sernameg-1-1_optimized-1-300x225.jpeg 300w, https:\/\/radiorevelacionfm.cl\/wp-content\/uploads\/2026\/02\/dr-sernameg-1-1_optimized-1-768x576.jpeg 768w, https:\/\/radiorevelacionfm.cl\/wp-content\/uploads\/2026\/02\/dr-sernameg-1-1_optimized-1-705x529.jpeg 705w, https:\/\/radiorevelacionfm.cl\/wp-content\/uploads\/2026\/02\/dr-sernameg-1-1_optimized-1-450x338.jpeg 450w, https:\/\/radiorevelacionfm.cl\/wp-content\/uploads\/2026\/02\/dr-sernameg-1-1_optimized-1-600x450.jpeg 600w\" sizes=\"(max-width: 800px) 100vw, 800px\" \/><\/div><\/div><\/div><\/div><div class=\"flex_column av_one_full  flex_column_div av-zero-column-padding first  avia-builder-el-2  el_after_av_one_full  el_before_av_one_full  column-top-margin\" style='border-radius:0px; '><section class=\"av_textblock_section \"  itemscope=\"itemscope\" itemtype=\"https:\/\/schema.org\/BlogPosting\" itemprop=\"blogPost\" ><div class='avia_textblock  '   itemprop=\"text\" ><p style=\"text-align: center;\"><strong><span style=\"font-size: 18pt;\">SernamEG entrega apoyo psicosocial y jur\u00eddico a v\u00edctima de violencia de g\u00e9nero extrema en Coyhaique<\/span><\/strong><\/p>\n<div id=\"gtx-trans\" style=\"position: absolute; left: -50px; top: 4.31534px;\">\n<div class=\"gtx-trans-icon\"><\/div>\n<\/div>\n<\/div><\/section><\/div><div class=\"flex_column av_one_full  flex_column_div av-zero-column-padding first  avia-builder-el-4  el_after_av_one_full  el_before_av_hr  column-top-margin\" style='border-radius:0px; '><section class=\"av_textblock_section \"  itemscope=\"itemscope\" itemtype=\"https:\/\/schema.org\/BlogPosting\" itemprop=\"blogPost\" ><div class='avia_textblock  '   itemprop=\"text\" ><p dir=\"ltr\" style=\"text-align: justify;\">La directora regional del Servicio Nacional de la Mujer y la Equidad de G\u00e9nero (SernamEG), Patricia Baeza, se refiri\u00f3 al caso de violencia de g\u00e9nero extrema contra una mujer de la comuna de Coyhaique, donde el agresor fue formalizado por femicidio frustrado y puesto en prisi\u00f3n preventiva, por considerarse su libertad como una amenaza para la seguridad de la v\u00edctima y de la comunidad.<\/p>\n<p dir=\"ltr\" style=\"text-align: justify;\">Sobre lo anterior, la directora del SernamEG Ays\u00e9n se\u00f1al\u00f3 que desde la entidad se pusieron a disposici\u00f3n de la v\u00edctima, y que la mujer \u201cya se encuentra recibiendo atenci\u00f3n y apoyo psicosocial por parte de profesionales especializadas, con el objetivo de contribuir a su protecci\u00f3n y proceso de recuperaci\u00f3n. Asimismo, la v\u00edctima otorg\u00f3 el patrocinio al Servicio para su representaci\u00f3n jur\u00eddica, por lo que presentaremos la querella correspondiente en los pr\u00f3ximos d\u00edas, reafirmando nuestro compromiso con el acceso a la justicia y la defensa de sus derechos\u201d.<\/p>\n<p dir=\"ltr\" style=\"text-align: justify;\">En esa misma l\u00ednea, la autoridad regional del servicio reiter\u00f3 el llamado a que \u201cla difusi\u00f3n de este y otros casos de violencia de g\u00e9nero se realice con responsabilidad, resguardando siempre la seguridad, dignidad y privacidad de la v\u00edctima. La exposici\u00f3n de datos personales o detalles expl\u00edcitos o innecesarios sobre la violencia ejercida tambi\u00e9n constituye una forma de revictimizaci\u00f3n\u00bb.<\/p>\n<p dir=\"ltr\" style=\"text-align: justify;\">Por \u00faltimo, desde el SernamEG instaron a la comunidad a denunciar casos de violencia de g\u00e9nero a Carabineros (133), a la Polic\u00eda de Investigaciones (134), o acerc\u00e1ndose a cualquier oficina de Fiscal\u00eda. Asimismo, destacaron que el Servicio cuenta con el n\u00famero 1455, que es gratuito, confidencial y que funciona de lunes a domingo de 08:00 a 00:00 horas, donde las personas pueden recibir apoyo, contenci\u00f3n emocional, y orientaci\u00f3n jur\u00eddica y psicosocial en materias de violencias de g\u00e9nero.<\/p>\n<\/div><\/section><\/div><div  style='height:50px' class='hr hr-invisible   avia-builder-el-6  el_after_av_one_full  el_before_av_social_share '><span class='hr-inner ' ><span class='hr-inner-style'><\/span><\/span><\/div><\/p>\n<div  class='av-social-sharing-box  avia-builder-el-7  el_after_av_hr  el_before_av_hr  '><div class='av-share-box'><h5 class='av-share-link-description av-no-toc '>Compartir esta noticia<\/h5><ul class='av-share-box-list noLightbox'><li class='av-share-link av-social-link-facebook' ><a target=\"_blank\" aria-label=\"Compartir en Facebook\" href='https:\/\/www.facebook.com\/sharer.php?u=https:\/\/radiorevelacionfm.cl\/?p=64332&#038;t=SernamEG%20entrega%20apoyo%20psicosocial%20y%20jur%C3%ADdico%20a%20v%C3%ADctima%20de%20violencia%20de%20g%C3%A9nero%20extrema%20en%20Coyhaique' aria-hidden='false' data-av_icon='\ue8f3' data-av_iconfont='entypo-fontello' title='' data-avia-related-tooltip='Compartir en Facebook' rel=\"noopener\"><span class='avia_hidden_link_text'>Compartir en Facebook<\/span><\/a><\/li><li class='av-share-link av-social-link-twitter' ><a target=\"_blank\" aria-label=\"Compartir en Twitter\" href='https:\/\/twitter.com\/share?text=SernamEG%20entrega%20apoyo%20psicosocial%20y%20jur%C3%ADdico%20a%20v%C3%ADctima%20de%20violencia%20de%20g%C3%A9nero%20extrema%20en%20Coyhaique&#038;url=https:\/\/radiorevelacionfm.cl\/?p=64332' aria-hidden='false' data-av_icon='\ue8f1' data-av_iconfont='entypo-fontello' title='' data-avia-related-tooltip='Compartir en Twitter' rel=\"noopener\"><span class='avia_hidden_link_text'>Compartir en Twitter<\/span><\/a><\/li><li class='av-share-link av-social-link-whatsapp' ><a target=\"_blank\" aria-label=\"Compartir en Whatsapp\" href='https:\/\/api.whatsapp.com\/send?text=https:\/\/radiorevelacionfm.cl\/?p=64332' aria-hidden='false' data-av_icon='\uf232' data-av_iconfont='entypo-fontello' title='' data-avia-related-tooltip='Compartir en Whatsapp' rel=\"noopener\"><span class='avia_hidden_link_text'>Compartir en Whatsapp<\/span><\/a><\/li><li class='av-share-link av-social-link-linkedin' ><a target=\"_blank\" aria-label=\"Compartir en LinkedIn\" href='https:\/\/linkedin.com\/shareArticle?mini=true&#038;title=SernamEG%20entrega%20apoyo%20psicosocial%20y%20jur%C3%ADdico%20a%20v%C3%ADctima%20de%20violencia%20de%20g%C3%A9nero%20extrema%20en%20Coyhaique&#038;url=https:\/\/radiorevelacionfm.cl\/?p=64332' aria-hidden='false' data-av_icon='\ue8fc' data-av_iconfont='entypo-fontello' title='' data-avia-related-tooltip='Compartir en LinkedIn' rel=\"noopener\"><span class='avia_hidden_link_text'>Compartir en LinkedIn<\/span><\/a><\/li><li class='av-share-link av-social-link-mail' ><a  aria-label=\"Compartir por correo\" href='mailto:?subject=SernamEG%20entrega%20apoyo%20psicosocial%20y%20jur%C3%ADdico%20a%20v%C3%ADctima%20de%20violencia%20de%20g%C3%A9nero%20extrema%20en%20Coyhaique&#038;body=https:\/\/radiorevelacionfm.cl\/?p=64332' aria-hidden='false' data-av_icon='\ue805' data-av_iconfont='entypo-fontello' title='' data-avia-related-tooltip='Compartir por correo'><span class='avia_hidden_link_text'>Compartir por correo<\/span><\/a><\/li><\/ul><\/div><\/div>\n<div  style='height:50px' class='hr hr-invisible   avia-builder-el-8  el_after_av_social_share  el_before_av_comments_list '><span class='hr-inner ' ><span class='hr-inner-style'><\/span><\/span><\/div>\n<div  class='av-buildercomment  av-blog-meta-html-info-disabled av-blog-meta-tag-disabled  '><\/div>\n","protected":false},"excerpt":{"rendered":"","protected":false},"author":1,"featured_media":64333,"comment_status":"closed","ping_status":"closed","sticky":false,"template":"","format":"standard","meta":{"footnotes":""},"categories":[38],"tags":[],"class_list":["post-64332","post","type-post","status-publish","format-standard","has-post-thumbnail","hentry","category-regional"],"jetpack_featured_media_url":"https:\/\/radiorevelacionfm.cl\/wp-content\/uploads\/2026\/02\/dr-sernameg-1-1_optimized-1.jpeg","_links":{"self":[{"href":"https:\/\/radiorevelacionfm.cl\/index.php?rest_route=\/wp\/v2\/posts\/64332","targetHints":{"allow":["GET"]}}],"collection":[{"href":"https:\/\/radiorevelacionfm.cl\/index.php?rest_route=\/wp\/v2\/posts"}],"about":[{"href":"https:\/\/radiorevelacionfm.cl\/index.php?rest_route=\/wp\/v2\/types\/post"}],"author":[{"embeddable":true,"href":"https:\/\/radiorevelacionfm.cl\/index.php?rest_route=\/wp\/v2\/users\/1"}],"replies":[{"embeddable":true,"href":"https:\/\/radiorevelacionfm.cl\/index.php?rest_route=%2Fwp%2Fv2%2Fcomments&post=64332"}],"version-history":[{"count":2,"href":"https:\/\/radiorevelacionfm.cl\/index.php?rest_route=\/wp\/v2\/posts\/64332\/revisions"}],"predecessor-version":[{"id":64340,"href":"https:\/\/radiorevelacionfm.cl\/index.php?rest_route=\/wp\/v2\/posts\/64332\/revisions\/64340"}],"wp:featuredmedia":[{"embeddable":true,"href":"https:\/\/radiorevelacionfm.cl\/index.php?rest_route=\/wp\/v2\/media\/64333"}],"wp:attachment":[{"href":"https:\/\/radiorevelacionfm.cl\/index.php?rest_route=%2Fwp%2Fv2%2Fmedia&parent=64332"}],"wp:term":[{"taxonomy":"category","embeddable":true,"href":"https:\/\/radiorevelacionfm.cl\/index.php?rest_route=%2Fwp%2Fv2%2Fcategories&post=64332"},{"taxonomy":"post_tag","embeddable":true,"href":"https:\/\/radiorevelacionfm.cl\/index.php?rest_route=%2Fwp%2Fv2%2Ftags&post=64332"}],"curies":[{"name":"wp","href":"https:\/\/api.w.org\/{rel}","templated":true}]}}