{"id":64322,"date":"2026-02-17T15:09:09","date_gmt":"2026-02-17T18:09:09","guid":{"rendered":"https:\/\/radiorevelacionfm.cl\/?p=64322"},"modified":"2026-02-17T15:09:09","modified_gmt":"2026-02-17T18:09:09","slug":"extienden-convocatoria-del-programa-mujer-emprende-y-llama-a-postular-a-las-emprendedoras-de-la-region","status":"publish","type":"post","link":"https:\/\/radiorevelacionfm.cl\/?p=64322","title":{"rendered":"Extienden convocatoria del Programa Mujer Emprende y llama a postular a las emprendedoras de la regi\u00f3n"},"content":{"rendered":"<div class=\"flex_column av_one_full  flex_column_div av-zero-column-padding first  avia-builder-el-0  el_before_av_one_full  avia-builder-el-first  \" style='border-radius:0px; '><div  class='avia-image-container  av-styling-    avia-builder-el-1  avia-builder-el-no-sibling  avia-align-center '  itemprop=\"image\" itemscope=\"itemscope\" itemtype=\"https:\/\/schema.org\/ImageObject\"  ><div class='avia-image-container-inner'><div class='avia-image-overlay-wrap'><img decoding=\"async\" class='wp-image-64323 avia-img-lazy-loading-not-64323 avia_image' src=\"https:\/\/radiorevelacionfm.cl\/wp-content\/uploads\/2026\/02\/MujerEmprende-1-1.jpeg\" alt='' title='MujerEmprende (1) (1)' height=\"600\" width=\"1015\"  itemprop=\"thumbnailUrl\" srcset=\"https:\/\/radiorevelacionfm.cl\/wp-content\/uploads\/2026\/02\/MujerEmprende-1-1.jpeg 1015w, https:\/\/radiorevelacionfm.cl\/wp-content\/uploads\/2026\/02\/MujerEmprende-1-1-300x177.jpeg 300w, https:\/\/radiorevelacionfm.cl\/wp-content\/uploads\/2026\/02\/MujerEmprende-1-1-768x454.jpeg 768w, https:\/\/radiorevelacionfm.cl\/wp-content\/uploads\/2026\/02\/MujerEmprende-1-1-705x417.jpeg 705w, https:\/\/radiorevelacionfm.cl\/wp-content\/uploads\/2026\/02\/MujerEmprende-1-1-450x266.jpeg 450w, https:\/\/radiorevelacionfm.cl\/wp-content\/uploads\/2026\/02\/MujerEmprende-1-1-600x355.jpeg 600w\" sizes=\"(max-width: 1015px) 100vw, 1015px\" \/><\/div><\/div><\/div><\/div><div class=\"flex_column av_one_full  flex_column_div av-zero-column-padding first  avia-builder-el-2  el_after_av_one_full  el_before_av_one_full  column-top-margin\" style='border-radius:0px; '><section class=\"av_textblock_section \"  itemscope=\"itemscope\" itemtype=\"https:\/\/schema.org\/BlogPosting\" itemprop=\"blogPost\" ><div class='avia_textblock  '   itemprop=\"text\" ><p style=\"text-align: center;\"><strong><span style=\"font-size: 18pt;\">Extienden convocatoria del Programa Mujer Emprende y llama a postular a las emprendedoras de la regi\u00f3n<\/span><\/strong><\/p>\n<div id=\"gtx-trans\" style=\"position: absolute; left: -50px; top: 4.31534px;\">\n<div class=\"gtx-trans-icon\"><\/div>\n<\/div>\n<\/div><\/section><\/div><div class=\"flex_column av_one_full  flex_column_div av-zero-column-padding first  avia-builder-el-4  el_after_av_one_full  el_before_av_hr  column-top-margin\" style='border-radius:0px; '><section class=\"av_textblock_section \"  itemscope=\"itemscope\" itemtype=\"https:\/\/schema.org\/BlogPosting\" itemprop=\"blogPost\" ><div class='avia_textblock  '   itemprop=\"text\" ><p dir=\"ltr\" style=\"text-align: justify;\">Hasta el d\u00eda viernes 20 de febrero\u00a0estar\u00e1n abiertas las postulaciones del Programa Mujer Emprende del\u00a0Servicio Nacional de la Mujer y la Equidad de G\u00e9nero (SernamEG), iniciativa que tiene por objetivo avanzar en la autonom\u00eda econ\u00f3mica de las mujeres, promoviendo su desarrollo integral y sostenible.<\/p>\n<p dir=\"ltr\" style=\"text-align: justify;\">El programa contempla 60 cupos a nivel regional y proporciona espacios orientados al trabajo colaborativo, la vinculaci\u00f3n y generaci\u00f3n de redes. Con la \u201cAcademia Mujer Emprende\u201d\u00a0se entregan capacitaciones para profesionalizar los emprendimientos liderados por mujeres, donde se desarrollan contenidos como uso de tecnolog\u00edas, marketing, modelo de negocio, entre otros, desde un enfoque de g\u00e9nero. Adem\u00e1s, contempla \u201cRedes para Fortalecer el Emprendimiento\u201d,\u00a0que son\u00a0espacios dirigidos a compartir experiencias del desarrollo de sus emprendimientos, la vinculaci\u00f3n, generaci\u00f3n de redes, asociatividad y trabajo colaborativo.<\/p>\n<p dir=\"ltr\" style=\"text-align: justify;\">A lo anterior se suman otras acciones como espacios de comercializaci\u00f3n, cursos, talleres y charlas para potenciar los negocios de las mujeres emprendedoras, adem\u00e1s de entregar informaci\u00f3n sobre la formalizaci\u00f3n de los emprendimientos.<\/p>\n<p dir=\"ltr\" style=\"text-align: justify;\">La directora nacional del SernamEG, Priscilla Carrasco Pizarro, se\u00f1al\u00f3 que \u201cfortalecer la autonom\u00eda econ\u00f3mica de las mujeres es uno de los principales ejes de trabajo del Servicio. A trav\u00e9s del Programa Mujer Emprende, entregamos herramientas y conocimientos orientados a potenciar y posicionar sus negocios, de modo que puedan generar ingresos propios. Porque cuando una mujer accede a mejores oportunidades, puede desarrollar plenamente el proyecto de vida que decida\u201d.<\/p>\n<p dir=\"ltr\" style=\"text-align: justify;\">Por su parte la directora regional de Ays\u00e9n, Patricia Baeza Cabezas, recalc\u00f3 que \u201ceste es un programa con cobertura regional, por lo que todas las emprendedoras de nuestro territorio pueden postular hasta el d\u00eda 20 de febrero a trav\u00e9s del sitio web del SernamEG. Las invitamos a llenar el formulario en l\u00ednea y participar de esta innovadora iniciativa de formaci\u00f3n para desarrollar sus capacidades y hacer crecer sus negocios\u201d.<\/p>\n<p dir=\"ltr\" style=\"text-align: justify;\">Las postulaciones se realizan a trav\u00e9s del sitio\u00a0<a href=\"http:\/\/sernameg.gob.cl\/\" target=\"_blank\" rel=\"noopener\" data-saferedirecturl=\"https:\/\/www.google.com\/url?q=http:\/\/sernameg.gob.cl&amp;source=gmail&amp;ust=1771432464133000&amp;usg=AOvVaw3LVj46S5Afo8CMGXF7P508\">sernameg.gob.cl<\/a>\u00a0y los resultados ser\u00e1n informados desde la Direcci\u00f3n Regional del SernamEG a las postulantes seleccionadas, v\u00eda telef\u00f3nica o correo electr\u00f3nico, durante el mes de marzo.<\/p>\n<p dir=\"ltr\" style=\"text-align: justify;\">Para postular, las interesadas deben ser mayores de 18 a\u00f1os, contar con un emprendimiento con al menos un a\u00f1o de antig\u00fcedad, pertenecer al 80% de la caracterizaci\u00f3n socioecon\u00f3mica (CSE) del Registro Social de Hogares (RSH), dedicar al menos 20 horas semanales a su emprendimiento y haber finalizado su educaci\u00f3n media.<\/p>\n<\/div><\/section><\/div><div  style='height:50px' class='hr hr-invisible   avia-builder-el-6  el_after_av_one_full  el_before_av_social_share '><span class='hr-inner ' ><span class='hr-inner-style'><\/span><\/span><\/div><\/p>\n<div  class='av-social-sharing-box  avia-builder-el-7  el_after_av_hr  el_before_av_hr  '><div class='av-share-box'><h5 class='av-share-link-description av-no-toc '>Compartir esta noticia<\/h5><ul class='av-share-box-list noLightbox'><li class='av-share-link av-social-link-facebook' ><a target=\"_blank\" aria-label=\"Compartir en Facebook\" href='https:\/\/www.facebook.com\/sharer.php?u=https:\/\/radiorevelacionfm.cl\/?p=64322&#038;t=Extienden%20convocatoria%20del%20Programa%20Mujer%20Emprende%20y%20llama%20a%20postular%20a%20las%20emprendedoras%20de%20la%20regi%C3%B3n' aria-hidden='false' data-av_icon='\ue8f3' data-av_iconfont='entypo-fontello' title='' data-avia-related-tooltip='Compartir en Facebook' rel=\"noopener\"><span class='avia_hidden_link_text'>Compartir en Facebook<\/span><\/a><\/li><li class='av-share-link av-social-link-twitter' ><a target=\"_blank\" aria-label=\"Compartir en Twitter\" href='https:\/\/twitter.com\/share?text=Extienden%20convocatoria%20del%20Programa%20Mujer%20Emprende%20y%20llama%20a%20postular%20a%20las%20emprendedoras%20de%20la%20regi%C3%B3n&#038;url=https:\/\/radiorevelacionfm.cl\/?p=64322' aria-hidden='false' data-av_icon='\ue8f1' data-av_iconfont='entypo-fontello' title='' data-avia-related-tooltip='Compartir en Twitter' rel=\"noopener\"><span class='avia_hidden_link_text'>Compartir en Twitter<\/span><\/a><\/li><li class='av-share-link av-social-link-whatsapp' ><a target=\"_blank\" aria-label=\"Compartir en Whatsapp\" href='https:\/\/api.whatsapp.com\/send?text=https:\/\/radiorevelacionfm.cl\/?p=64322' aria-hidden='false' data-av_icon='\uf232' data-av_iconfont='entypo-fontello' title='' data-avia-related-tooltip='Compartir en Whatsapp' rel=\"noopener\"><span class='avia_hidden_link_text'>Compartir en Whatsapp<\/span><\/a><\/li><li class='av-share-link av-social-link-linkedin' ><a target=\"_blank\" aria-label=\"Compartir en LinkedIn\" href='https:\/\/linkedin.com\/shareArticle?mini=true&#038;title=Extienden%20convocatoria%20del%20Programa%20Mujer%20Emprende%20y%20llama%20a%20postular%20a%20las%20emprendedoras%20de%20la%20regi%C3%B3n&#038;url=https:\/\/radiorevelacionfm.cl\/?p=64322' aria-hidden='false' data-av_icon='\ue8fc' data-av_iconfont='entypo-fontello' title='' data-avia-related-tooltip='Compartir en LinkedIn' rel=\"noopener\"><span class='avia_hidden_link_text'>Compartir en LinkedIn<\/span><\/a><\/li><li class='av-share-link av-social-link-mail' ><a  aria-label=\"Compartir por correo\" href='mailto:?subject=Extienden%20convocatoria%20del%20Programa%20Mujer%20Emprende%20y%20llama%20a%20postular%20a%20las%20emprendedoras%20de%20la%20regi%C3%B3n&#038;body=https:\/\/radiorevelacionfm.cl\/?p=64322' aria-hidden='false' data-av_icon='\ue805' data-av_iconfont='entypo-fontello' title='' data-avia-related-tooltip='Compartir por correo'><span class='avia_hidden_link_text'>Compartir por correo<\/span><\/a><\/li><\/ul><\/div><\/div>\n<div  style='height:50px' class='hr hr-invisible   avia-builder-el-8  el_after_av_social_share  el_before_av_comments_list '><span class='hr-inner ' ><span class='hr-inner-style'><\/span><\/span><\/div>\n<div  class='av-buildercomment  av-blog-meta-html-info-disabled av-blog-meta-tag-disabled  '><\/div>\n","protected":false},"excerpt":{"rendered":"","protected":false},"author":1,"featured_media":64323,"comment_status":"closed","ping_status":"closed","sticky":false,"template":"","format":"standard","meta":{"footnotes":""},"categories":[38],"tags":[],"class_list":["post-64322","post","type-post","status-publish","format-standard","has-post-thumbnail","hentry","category-regional"],"jetpack_featured_media_url":"https:\/\/radiorevelacionfm.cl\/wp-content\/uploads\/2026\/02\/MujerEmprende-1-1.jpeg","_links":{"self":[{"href":"https:\/\/radiorevelacionfm.cl\/index.php?rest_route=\/wp\/v2\/posts\/64322","targetHints":{"allow":["GET"]}}],"collection":[{"href":"https:\/\/radiorevelacionfm.cl\/index.php?rest_route=\/wp\/v2\/posts"}],"about":[{"href":"https:\/\/radiorevelacionfm.cl\/index.php?rest_route=\/wp\/v2\/types\/post"}],"author":[{"embeddable":true,"href":"https:\/\/radiorevelacionfm.cl\/index.php?rest_route=\/wp\/v2\/users\/1"}],"replies":[{"embeddable":true,"href":"https:\/\/radiorevelacionfm.cl\/index.php?rest_route=%2Fwp%2Fv2%2Fcomments&post=64322"}],"version-history":[{"count":2,"href":"https:\/\/radiorevelacionfm.cl\/index.php?rest_route=\/wp\/v2\/posts\/64322\/revisions"}],"predecessor-version":[{"id":64331,"href":"https:\/\/radiorevelacionfm.cl\/index.php?rest_route=\/wp\/v2\/posts\/64322\/revisions\/64331"}],"wp:featuredmedia":[{"embeddable":true,"href":"https:\/\/radiorevelacionfm.cl\/index.php?rest_route=\/wp\/v2\/media\/64323"}],"wp:attachment":[{"href":"https:\/\/radiorevelacionfm.cl\/index.php?rest_route=%2Fwp%2Fv2%2Fmedia&parent=64322"}],"wp:term":[{"taxonomy":"category","embeddable":true,"href":"https:\/\/radiorevelacionfm.cl\/index.php?rest_route=%2Fwp%2Fv2%2Fcategories&post=64322"},{"taxonomy":"post_tag","embeddable":true,"href":"https:\/\/radiorevelacionfm.cl\/index.php?rest_route=%2Fwp%2Fv2%2Ftags&post=64322"}],"curies":[{"name":"wp","href":"https:\/\/api.w.org\/{rel}","templated":true}]}}